{"id":55477,"date":"2023-12-22T20:29:56","date_gmt":"2023-12-22T20:29:56","guid":{"rendered":"https:\/\/blog.corretoraideal.com.br\/?p=55477"},"modified":"2023-12-22T20:29:56","modified_gmt":"2023-12-22T20:29:56","slug":"homem-e-preso-por-furto-dentro-de-igreja-em-itaperuna-no-rj-norte-fluminense-g1","status":"publish","type":"post","link":"https:\/\/blog.corretoraideal.com.br\/index.php\/2023\/12\/22\/homem-e-preso-por-furto-dentro-de-igreja-em-itaperuna-no-rj-norte-fluminense-g1\/","title":{"rendered":"Homem \u00e9 preso por furto dentro de igreja em Itaperuna, no RJ | Norte Fluminense | G1"},"content":{"rendered":"<br \/>\n<h1>Homem \u00e9 preso por furto dentro de igreja em Itaperuna, no RJ<\/h1>\n<h2>Ele \u00e9 suspeito de furtar duas igrejas da cidade, uma no bairro Niter\u00f3i e a outra no Cidade Nova.<\/h2>\n<p> Por Lilia Bustilho, g1 &mdash; Itaperuna <\/p>\n<p>  22\/12\/2023 10h47    Atualizado  22\/12\/2023    <\/p>\n<p>                             <img loading=\"lazy\" decoding=\"async\" class=\"aligncenter size-full wp-image-55479\" src=\"https:\/\/blog.corretoraideal.com.br\/wp-content\/uploads\/2023\/12\/em-itaperuna-homem-foi-preso-em-flagrante-por-dois-furtos-em-igrejas-na-cidade.jpeg\" alt=\"Em Itaperuna, homem foi preso em flagrante por dois furtos em igrejas na cidade\" width=\"800\" height=\"400\" \/>       <\/p>\n<p> Em Itaperuna, homem foi preso em flagrante por dois furtos em igrejas na cidade <\/p>\n<p> Um homem de 30 anos foi preso em flagrante nesta quarta-feira (20) quando furtava uma igreja em <a class href=\"https:\/\/g1.globo.com\/rj\/norte-fluminense\/cidade\/itaperuna\/\">Itaperuna<\/a>, Noroeste do Estado. O crime aconteceu na Rua Deputado Carlos Pinto Filho, no bairro Cidade Nova. <\/p>\n<p> Ele tamb\u00e9m \u00e9 suspeito de furtar outra igreja, desta vez na par\u00f3quia Matriz S\u00e3o Benedito, no bairro Niter\u00f3i, no dia 28 de outubro. O suspeito tamb\u00e9m tinha um mandado de pris\u00e3o em aberto por furto que foi cumprido por policiais civis da 143\u00aa DP da cidade. <\/p>\n<p> Policiais Militares prenderam o suspeito escondido ainda dentro do local e recuperaram duas c\u00e2meras fotogr\u00e1ficas, um celular, um notebook e R$ 67 em dinheiro. <\/p>\n<p> Na delegacia, a equipe de investiga\u00e7\u00e3o, coordenada pelo delegado Eduardo Cruz, identificou que o suspeito estava envolvido tamb\u00e9m no furto na igreja cat\u00f3lica do bairro Niter\u00f3i. <\/p>\n<p> Um levantamento de intelig\u00eancia da Pol\u00edcia Civil cruzou os dados dos dois crimes e obteve o aux\u00edlio de c\u00e2meras de seguran\u00e7a do templo religioso cat\u00f3lico e das proximidades. Segundo a pol\u00edcia, o homem confessou ter praticado os dois crimes, mas negou qualquer tipo de motiva\u00e7\u00e3o religiosa. <\/p>\n<p> Al\u00e9m destes crimes, o suspeito j\u00e1 tinha quatro passagens por furto e uma por roubo. Ele foi levado para o pres\u00eddio em Campos dos Goytacazes, onde aguarda a audi\u00eancia de cust\u00f3dia, momento em que o juiz verifica a legalidade da pris\u00e3o. <\/p>\n<ul>\n<li> <a href=\"https:\/\/g1.globo.com\/rj\/norte-fluminense\/cidade\/itaperuna\/\" class=\"entities__list-itemLink\" data-track-click=\"Itaperuna\"> Itaperuna <\/a> <\/li>\n<\/ul>\n<h3> <a id=\"js-next-article-desktop-link\" class=\"next-article-desktop-link\"><\/a> <\/h3>\n<h3> <a id=\"js-next-article-smart-link\" class=\"next-article-smart-link\"><\/a> <\/h3>\n<p>Veja tamb\u00e9m<\/p>\n<\/p>\n<\/p>\n<p>       Anterior   Pr\u00f3ximo     <\/p>\n","protected":false},"excerpt":{"rendered":"<p>Homem \u00e9 preso por furto dentro de igreja em Itaperuna, no RJ Ele \u00e9 suspeito de furtar duas igrejas da cidade, uma no bairro Niter\u00f3i e a outra no Cidade Nova. Por Lilia Bustilho, g1 &mdash; Itaperuna 22\/12\/2023 10h47 Atualizado 22\/12\/2023 Em Itaperuna, homem foi preso em flagrante por dois furtos em igrejas na cidade [&hellip;]<\/p>\n","protected":false},"author":1,"featured_media":0,"comment_status":"closed","ping_status":"closed","sticky":false,"template":"","format":"standard","meta":{"footnotes":""},"categories":[],"tags":[],"class_list":["post-55477","post","type-post","status-publish","format-standard","hentry"],"_links":{"self":[{"href":"https:\/\/blog.corretoraideal.com.br\/index.php\/wp-json\/wp\/v2\/posts\/55477","targetHints":{"allow":["GET"]}}],"collection":[{"href":"https:\/\/blog.corretoraideal.com.br\/index.php\/wp-json\/wp\/v2\/posts"}],"about":[{"href":"https:\/\/blog.corretoraideal.com.br\/index.php\/wp-json\/wp\/v2\/types\/post"}],"author":[{"embeddable":true,"href":"https:\/\/blog.corretoraideal.com.br\/index.php\/wp-json\/wp\/v2\/users\/1"}],"replies":[{"embeddable":true,"href":"https:\/\/blog.corretoraideal.com.br\/index.php\/wp-json\/wp\/v2\/comments?post=55477"}],"version-history":[{"count":1,"href":"https:\/\/blog.corretoraideal.com.br\/index.php\/wp-json\/wp\/v2\/posts\/55477\/revisions"}],"predecessor-version":[{"id":55480,"href":"https:\/\/blog.corretoraideal.com.br\/index.php\/wp-json\/wp\/v2\/posts\/55477\/revisions\/55480"}],"wp:attachment":[{"href":"https:\/\/blog.corretoraideal.com.br\/index.php\/wp-json\/wp\/v2\/media?parent=55477"}],"wp:term":[{"taxonomy":"category","embeddable":true,"href":"https:\/\/blog.corretoraideal.com.br\/index.php\/wp-json\/wp\/v2\/categories?post=55477"},{"taxonomy":"post_tag","embeddable":true,"href":"https:\/\/blog.corretoraideal.com.br\/index.php\/wp-json\/wp\/v2\/tags?post=55477"}],"curies":[{"name":"wp","href":"https:\/\/api.w.org\/{rel}","templated":true}]}}