{"id":55481,"date":"2023-12-22T21:29:39","date_gmt":"2023-12-22T21:29:39","guid":{"rendered":"https:\/\/blog.corretoraideal.com.br\/?p=55481"},"modified":"2023-12-22T21:29:39","modified_gmt":"2023-12-22T21:29:39","slug":"beyonce-em-aviao-de-r-363-milhoes-conheca-modelo-do-maior-jato-executivo-do-mundo-usado-na-viagem-da-cantora-ao-brasil-turismo-e-viagem-g1","status":"publish","type":"post","link":"https:\/\/blog.corretoraideal.com.br\/index.php\/2023\/12\/22\/beyonce-em-aviao-de-r-363-milhoes-conheca-modelo-do-maior-jato-executivo-do-mundo-usado-na-viagem-da-cantora-ao-brasil-turismo-e-viagem-g1\/","title":{"rendered":"Beyonc\u00e9 em avi\u00e3o de R$ 363 milh\u00f5es: conhe\u00e7a modelo do maior jato executivo do mundo usado na viagem da cantora ao Brasil | Turismo e Viagem | G1"},"content":{"rendered":"<br \/>\n<h1>Beyonc\u00e9 em avi\u00e3o de R$ 363 milh\u00f5es: conhe\u00e7a modelo do maior jato executivo do mundo usado na viagem da cantora ao Brasil<\/h1>\n<h2>Voo do maior jato do mundo entre Nova York e Salvador foi acompanhado por milhares de pessoas. Aeronave de luxo tem \u00e1rea de 40 m\u00b2 para at\u00e9 19 passageiros.<\/h2>\n<p> Por g1 <\/p>\n<p>  22\/12\/2023 17h05    Atualizado  22\/12\/2023    <\/p>\n<p>                                <img loading=\"lazy\" decoding=\"async\" class=\"aligncenter size-full wp-image-55483\" src=\"https:\/\/blog.corretoraideal.com.br\/wp-content\/uploads\/2023\/12\/conheca-maior-jato-executivo-do-mundo-usado-por-beyonce-em-viagem-ao-brasil.jpeg\" alt=\"Conhe\u00e7a maior jato executivo do mundo usado por Beyonc\u00e9 em viagem ao Brasil\" width=\"800\" height=\"400\" \/>       <\/p>\n<p> Conhe\u00e7a maior jato executivo do mundo usado por Beyonc\u00e9 em viagem ao Brasil <\/p>\n<p> A <a class href=\"https:\/\/g1.globo.com\/ba\/bahia\/noticia\/2023\/12\/21\/beyonce-em-salvador.ghtml\">r\u00e1pida passagem de Beyonc\u00e9 pela Bahia deixou os f\u00e3s euf\u00f3ricos<\/a>: na quinta-feira (21), antes mesmo que a viagem da cantora para o Brasil fosse confirmada, milhares de pessoas acompanharam ao mesmo tempo, pela internet, o voo de um avi\u00e3o de luxo entre Nova York e Salvador. <\/p>\n<p> O trajeto foi feito pelo avi\u00e3o Bombardier Global 7500, de matr\u00edcula N440J. A aeronave \u00e9 o maior jato executivo do mundo e \u00e9 avaliada em US$ 75 milh\u00f5es (R$ 363 milh\u00f5es), segundo a Reuters. <strong>Conhe\u00e7a mais sobre o avi\u00e3o usado por <\/strong><a class href=\"https:\/\/g1.globo.com\/tudo-sobre\/beyonce\/\"><strong>Beyonc\u00e9<\/strong><\/a><strong> no voo ao Brasil: <\/strong> <\/p>\n<ul>\n<li>\u2708\ufe0f Pode fazer para <strong>voos de at\u00e9 14.260 km<\/strong>, a maior autonomia para um jato executivo \u2013 a dist\u00e2ncia entre Nova York e Salvador \u00e9 de cerca de 7.000 km; <\/li>\n<li>? Tem capacidade para transportar <strong>at\u00e9 19 passageiros<\/strong>; <\/li>\n<li>\u26a1 Tem <strong>velocidade m\u00e1xima de 982 km\/h<\/strong> (0,925 Mach); <\/li>\n<li>?\ufe0f \u00c1rea para passageiros tem <strong>cerca de 40 m\u00b2 com at\u00e9 quatro &quot;c\u00f4modos&quot;<\/strong>, que podem ser personalizados como o propriet\u00e1rio quiser. <\/li>\n<\/ul>\n<p>                   <img loading=\"lazy\" decoding=\"async\" class=\"aligncenter size-full wp-image-55484\" src=\"https:\/\/blog.corretoraideal.com.br\/wp-content\/uploads\/2023\/12\/beyonce-faz-aparicao-em-evento-do-filme-renaissance-em-salvador.jpeg\" alt=\"Beyonc\u00e9 faz apari\u00e7\u00e3o em evento do filme Renaissance, em Salvador\" width=\"800\" height=\"400\" \/>       <\/p>\n<p> Beyonc\u00e9 faz apari\u00e7\u00e3o em evento do filme Renaissance, em Salvador <\/p>\n<p><h2>Avi\u00e3o de luxo <\/h2>\n<\/p>\n<p> N\u00e3o h\u00e1 detalhes sobre o interior do avi\u00e3o usado por Beyonc\u00e9 na viagem ao Brasil, mas a fabricante Bombardier destaca em seu site as janelas amplas e o grande espa\u00e7o no interior da aeronave. <\/p>\n<p> Segundo a empresa, a ideia \u00e9 proporcionar um ambiente mais iluminado e confort\u00e1vel para reuni\u00f5es dentro do avi\u00e3o. <\/p>\n<p> O modelo de luxo conta ainda uma tecnologia pr\u00f3pria da Bombardier que permite controlar melhor a altura e a inclina\u00e7\u00e3o das poltronas mais confort\u00e1veis. <\/p>\n<ul>\n<li><a class href=\"https:\/\/g1.globo.com\/ba\/bahia\/noticia\/2023\/12\/22\/beyonce-abre-album-de-fotos-apos-fazer-surpresa-para-fas-em-salvador.ghtml\">Veja FOTOS da visita surpresa de Beyonc\u00e9 a Salvador<\/a> <\/li>\n<\/ul>\n<p>         1 de 7&#013;Beyonc\u00e9 publicou fotos nas redes sociais ap\u00f3s surpresa para f\u00e3s na Bahia \u2014 Foto: Reprodu\u00e7\u00e3o\/Redes Sociais    <\/p>\n<p> Beyonc\u00e9 publicou fotos nas redes sociais ap\u00f3s surpresa para f\u00e3s na Bahia \u2014 Foto: Reprodu\u00e7\u00e3o\/Redes Sociais <\/p>\n<p> Os donos podem optar por uma sala de estar, onde \u00e9 poss\u00edvel ter um sof\u00e1 de tr\u00eas lugares e uma TV de 55 polegadas integrada com um sistema de \u00e1udio com um sistema de \u00e1udio criado pela fabricante do avi\u00e3o. <\/p>\n<p> A fabricante tamb\u00e9m destaca a op\u00e7\u00e3o de incluir um quarto com banheiro privativo e chuveiro. E, para diminuir o jet lag \u2013 a confus\u00e3o que o corpo sente ap\u00f3s se deslocar entre fusos hor\u00e1rios muito diferentes \u2013, o avi\u00e3o conta com um sistema de ilumina\u00e7\u00e3o personalizado. <\/p>\n<p> O Global 7500 tamb\u00e9m oferece uma mesa para seis pessoas, espa\u00e7o \u00fatil para almo\u00e7os de neg\u00f3cios, por exemplo. A cozinha \u00e9 a maior para uma aeronave da categoria, de acordo com a Bombardier. <\/p>\n<p> Horas depois de chegar a Salvador para o evento de pr\u00e9-estreia do filme &quot;Renaissance: a film by Beyonc\u00e9&quot;, <a class href=\"https:\/\/g1.globo.com\/ba\/bahia\/noticia\/2023\/12\/22\/beyonce-deixa-salvador-apos-subir-em-palco-enrolada-com-bandeira-da-bahia.ghtml\">a cantora deixou a capital baiana com destino aos Estados Unidos<\/a>. <\/p>\n<p> <strong>LEIA TAMB\u00c9M: <\/strong> <\/p>\n<ul>\n<li><a class href=\"https:\/\/g1.globo.com\/tecnologia\/noticia\/2023\/12\/22\/anatel-considera-indesejavel-e-imprudente-a-construcao-de-usina-que-pode-afetar-internet-no-brasil-entenda-riscos.ghtml\">&#x27;Indesej\u00e1vel e imprudente&#x27;: Anatel aponta riscos para a internet com futura usina no Cear\u00e1<\/a><\/li>\n<li><a class href=\"https:\/\/g1.globo.com\/tecnologia\/noticia\/2023\/12\/19\/como-usar-o-celular-seguro-servico-do-governo-para-inibir-roubos-de-smartphones.ghtml\">Celular Seguro est\u00e1 dispon\u00edvel para Android, iPhone e navegadores; veja como usar<\/a><\/li>\n<li><a class href=\"https:\/\/g1.globo.com\/turismo-e-viagem\/noticia\/2023\/12\/17\/onde-ficam-as-oito-praias-oficiais-de-nudismo-no-brasil.ghtml\">Onde ficam as oito praias oficiais de nudismo no Brasil<\/a><\/li>\n<\/ul>\n<p><h2>Veja fotos do modelo do avi\u00e3o usado por Beyonc\u00e9:<\/h2>\n<\/p>\n<p>         2 de 7&#013;Imagem de divulga\u00e7\u00e3o do Bombardier Global 7500, modelo usado na viagem de Beyonc\u00e9 ao Brasil \u2014 Foto: Divulga\u00e7\u00e3o\/Bombardier    <\/p>\n<p> Imagem de divulga\u00e7\u00e3o do Bombardier Global 7500, modelo usado na viagem de Beyonc\u00e9 ao Brasil \u2014 Foto: Divulga\u00e7\u00e3o\/Bombardier <\/p>\n<p>         3 de 7&#013;Jato Global 7500 tem interior com janelas amplas \u2014 Foto: Divulga\u00e7\u00e3o\/Bombardier    <\/p>\n<p> Jato Global 7500 tem interior com janelas amplas \u2014 Foto: Divulga\u00e7\u00e3o\/Bombardier <\/p>\n<p>         4 de 7&#013;Imagem de divulga\u00e7\u00e3o do interior do jato executivo Global 7500 \u2014 Foto: Divulga\u00e7\u00e3o\/Bombardier    <\/p>\n<p> Imagem de divulga\u00e7\u00e3o do interior do jato executivo Global 7500 \u2014 Foto: Divulga\u00e7\u00e3o\/Bombardier <\/p>\n<p>         5 de 7&#013;Jato executivo Global 7500 tem sala de jantar para seis pessoas \u2014 Foto: Divulga\u00e7\u00e3o\/Bombardier    <\/p>\n<p> Jato executivo Global 7500 tem sala de jantar para seis pessoas \u2014 Foto: Divulga\u00e7\u00e3o\/Bombardier <\/p>\n<p>         6 de 7&#013;Donos do Global 7500 podem incluir quarto com banheiro privativo \u2014 Foto: Divulga\u00e7\u00e3o\/Bombardier    <\/p>\n<p> Donos do Global 7500 podem incluir quarto com banheiro privativo \u2014 Foto: Divulga\u00e7\u00e3o\/Bombardier <\/p>\n<p>         7 de 7&#013;Sala de estar do Global 7500 pode ter sof\u00e1 de tr\u00eas lugares e TV de 55 polegadas \u2014 Foto: Divulga\u00e7\u00e3o\/Bombardier    <\/p>\n<p> Sala de estar do Global 7500 pode ter sof\u00e1 de tr\u00eas lugares e TV de 55 polegadas \u2014 Foto: Divulga\u00e7\u00e3o\/Bombardier <\/p>\n<ul>\n<li> <a href=\"https:\/\/g1.globo.com\/tudo-sobre\/beyonce\/\" class=\"entities__list-itemLink\" data-track-click=\"Beyonc\u00e9\"> Beyonc\u00e9 <\/a> <\/li>\n<\/ul>\n<h3> <a id=\"js-next-article-desktop-link\" class=\"next-article-desktop-link\"><\/a> <\/h3>\n<h3> <a id=\"js-next-article-smart-link\" class=\"next-article-smart-link\"><\/a> <\/h3>\n<p>Veja tamb\u00e9m<\/p>\n<\/p>\n<\/p>\n<p>       Anterior   Pr\u00f3ximo     <\/p>\n","protected":false},"excerpt":{"rendered":"<p>Beyonc\u00e9 em avi\u00e3o de R$ 363 milh\u00f5es: conhe\u00e7a modelo do maior jato executivo do mundo usado na viagem da cantora ao Brasil Voo do maior jato do mundo entre Nova York e Salvador foi acompanhado por milhares de pessoas. Aeronave de luxo tem \u00e1rea de 40 m\u00b2 para at\u00e9 19 passageiros. Por g1 22\/12\/2023 17h05 [&hellip;]<\/p>\n","protected":false},"author":1,"featured_media":0,"comment_status":"closed","ping_status":"closed","sticky":false,"template":"","format":"standard","meta":{"footnotes":""},"categories":[],"tags":[],"class_list":["post-55481","post","type-post","status-publish","format-standard","hentry"],"_links":{"self":[{"href":"https:\/\/blog.corretoraideal.com.br\/index.php\/wp-json\/wp\/v2\/posts\/55481","targetHints":{"allow":["GET"]}}],"collection":[{"href":"https:\/\/blog.corretoraideal.com.br\/index.php\/wp-json\/wp\/v2\/posts"}],"about":[{"href":"https:\/\/blog.corretoraideal.com.br\/index.php\/wp-json\/wp\/v2\/types\/post"}],"author":[{"embeddable":true,"href":"https:\/\/blog.corretoraideal.com.br\/index.php\/wp-json\/wp\/v2\/users\/1"}],"replies":[{"embeddable":true,"href":"https:\/\/blog.corretoraideal.com.br\/index.php\/wp-json\/wp\/v2\/comments?post=55481"}],"version-history":[{"count":1,"href":"https:\/\/blog.corretoraideal.com.br\/index.php\/wp-json\/wp\/v2\/posts\/55481\/revisions"}],"predecessor-version":[{"id":55485,"href":"https:\/\/blog.corretoraideal.com.br\/index.php\/wp-json\/wp\/v2\/posts\/55481\/revisions\/55485"}],"wp:attachment":[{"href":"https:\/\/blog.corretoraideal.com.br\/index.php\/wp-json\/wp\/v2\/media?parent=55481"}],"wp:term":[{"taxonomy":"category","embeddable":true,"href":"https:\/\/blog.corretoraideal.com.br\/index.php\/wp-json\/wp\/v2\/categories?post=55481"},{"taxonomy":"post_tag","embeddable":true,"href":"https:\/\/blog.corretoraideal.com.br\/index.php\/wp-json\/wp\/v2\/tags?post=55481"}],"curies":[{"name":"wp","href":"https:\/\/api.w.org\/{rel}","templated":true}]}}