{"id":55491,"date":"2023-12-22T23:29:44","date_gmt":"2023-12-22T23:29:44","guid":{"rendered":"https:\/\/blog.corretoraideal.com.br\/?p=55491"},"modified":"2023-12-22T23:29:44","modified_gmt":"2023-12-22T23:29:44","slug":"anatel-considera-indesejavel-e-imprudente-construcao-de-usina-no-ceara-por-riscos-a-internet-no-brasil-entenda-o-caso-tecnologia-g1","status":"publish","type":"post","link":"https:\/\/blog.corretoraideal.com.br\/index.php\/2023\/12\/22\/anatel-considera-indesejavel-e-imprudente-construcao-de-usina-no-ceara-por-riscos-a-internet-no-brasil-entenda-o-caso-tecnologia-g1\/","title":{"rendered":"Anatel considera &#039;indesej\u00e1vel e imprudente&#039; constru\u00e7\u00e3o de usina no Cear\u00e1 por riscos \u00e0 internet no Brasil; entenda o caso | Tecnologia | G1"},"content":{"rendered":"<br \/>\n<h1>Anatel considera &#039;indesej\u00e1vel e imprudente&#039; constru\u00e7\u00e3o de usina no Cear\u00e1 por riscos \u00e0 internet no Brasil; entenda o caso<\/h1>\n<h2>A Superintend\u00eancia do Patrim\u00f4nio da Uni\u00e3o (SPU-CE) aprovou as obras da usina na Praia do Futuro, em Fortaleza (CE). Ag\u00eancia Nacional de Telecomunica\u00e7\u00f5es alega que cabos submarinos de internet que ligam Brasil ao resto do mundo podem ser rompidos caso o projeto avance. <\/h2>\n<p> Por <a class=\"multi_signatures\" href=\"https:\/\/g1.globo.com\/autores\/victor-hugo-silva\/\">Victor Hugo Silva<\/a>, <a class=\"multi_signatures\" href=\"https:\/\/g1.globo.com\/autores\/darlan-helder\/\">Darlan Helder<\/a>, g1 &mdash; S\u00e3o Paulo <\/p>\n<p>  22\/12\/2023 05h30    Atualizado  22\/12\/2023    <\/p>\n<ul>\n<li>\n<p> Nesta semana, a Superintend\u00eancia do Patrim\u00f4nio da Uni\u00e3o (SPU-CE) aprovou as obras da usina que visa transformar a \u00e1gua do mar em \u00e1gua pot\u00e1vel. <\/p>\n<\/li>\n<li>\n<p> O projeto prev\u00ea a constru\u00e7\u00e3o na Praia do Futuro, em Fortaleza, por onde passam cabos de internet que conectam o Brasil ao resto do mundo. <\/p>\n<\/li>\n<li>\n<p> Contr\u00e1ria ao projeto, a Ag\u00eancia Nacional de Telecomunica\u00e7\u00f5es (Anatel) alega que os cabos j\u00e1 est\u00e3o na regi\u00e3o h\u00e1 d\u00e9cadas e que eventuais danos podem exigir reparos lentos e complexos. <\/p>\n<\/li>\n<\/ul>\n<p> Nesta semana, a Superintend\u00eancia do Patrim\u00f4nio da Uni\u00e3o (SPU-CE) aprovou as obras da usina que visa transformar a \u00e1gua do mar em \u00e1gua pot\u00e1vel. <\/p>\n<p> O projeto prev\u00ea a constru\u00e7\u00e3o na Praia do Futuro, em Fortaleza, por onde passam cabos de internet que conectam o Brasil ao resto do mundo. <\/p>\n<p> Contr\u00e1ria ao projeto, a Ag\u00eancia Nacional de Telecomunica\u00e7\u00f5es (Anatel) alega que os cabos j\u00e1 est\u00e3o na regi\u00e3o h\u00e1 d\u00e9cadas e que eventuais danos podem exigir reparos lentos e complexos. <\/p>\n<p>         1 de 2&#013;Cabo submarino EllaLink que chega a Portugal (foto) faz parada em Fortaleza \u2014 Foto: Divulga\u00e7\u00e3o\/EllaLink    <\/p>\n<p> Cabo submarino EllaLink que chega a Portugal (foto) faz parada em Fortaleza \u2014 Foto: Divulga\u00e7\u00e3o\/EllaLink <\/p>\n<p> O projeto da usina de dessaliniza\u00e7\u00e3o na Praia do Futuro, em <a class href=\"https:\/\/g1.globo.com\/ce\/ceara\/cidade\/fortaleza\/\">Fortaleza (CE)<\/a>, voltou a gerar pol\u00eamica nesta semana ap\u00f3s a Superintend\u00eancia do Patrim\u00f4nio da Uni\u00e3o (SPU-CE) <a class href=\"https:\/\/g1.globo.com\/ce\/ceara\/noticia\/2023\/12\/20\/construcao-de-usina-proximo-a-cabos-de-internet-no-mar-de-fortaleza-e-autorizada-pela-uniao.ghtml\">aprovar as obras na \u00faltima quarta-feira (20)<\/a>. <\/p>\n<p> A Ag\u00eancia Nacional de Telecomunica\u00e7\u00f5es (Anatel) e as <a class href=\"https:\/\/g1.globo.com\/tecnologia\/noticia\/2023\/10\/03\/entenda-riscos-para-a-sua-internet-caso-fortaleza-crie-usina-perto-de-cabos-submarinos.ghtml\">operadoras de internet questionam a obra<\/a> por entenderem que ela pode romper cabos submarinos que passam pela capital cearense e impactar o servi\u00e7o de internet no Brasil. <\/p>\n<p>A Anatel classifica a constru\u00e7\u00e3o da usina como &quot;indesej\u00e1vel e imprudente&quot; e alega que &quot;existem outras op\u00e7\u00f5es para a sua realiza\u00e7\u00e3o&quot;.<\/p>\n<p> O \u00f3rg\u00e3o afirma ainda que o projeto da SPE &#8211; \u00c1guas de Fortaleza, respons\u00e1vel pela constru\u00e7\u00e3o, n\u00e3o considerou riscos e nem seguiu 11 recomenda\u00e7\u00f5es do International Cable Protection Committee (ICPC), organiza\u00e7\u00e3o que atua para proteger o funcionamento de cabos submarinos. <\/p>\n<p> O <a class href=\"https:\/\/g1.globo.com\/\">g1<strong> <\/strong><\/a>perguntou \u00e0 Anatel e ao ICPC quais s\u00e3o as recomenda\u00e7\u00f5es, mas n\u00e3o houve retorno at\u00e9 a publica\u00e7\u00e3o desta reportagem. <\/p>\n<p> Caso siga sem interfer\u00eancias, o projeto da usina dever\u00e1 iniciar obras em mar\u00e7o de 2024. A previs\u00e3o \u00e9 de que a constru\u00e7\u00e3o seja conclu\u00edda no primeiro semestre de 2026. Segundo o governo do Cear\u00e1, <a class href=\"https:\/\/g1.globo.com\/ce\/ceara\/noticia\/2023\/09\/29\/projeto-de-usina-em-praia-de-fortaleza-pode-derrubar-internet-no-brasil-e-trava-embate-com-operadoras.ghtml\">a oferta de \u00e1gua na regi\u00e3o metropolitana de Fortaleza aumentar\u00e1 em 12%<\/a> com a transforma\u00e7\u00e3o de \u00e1gua do mar em \u00e1gua pot\u00e1vel. <\/p>\n<p>                   <img loading=\"lazy\" decoding=\"async\" class=\"aligncenter size-full wp-image-55493\" src=\"https:\/\/blog.corretoraideal.com.br\/wp-content\/uploads\/2023\/12\/uniao-autoriza-construcao-de-usina-proximo-a-cabos-de-internet-no-mar-de-fortaleza.jpeg\" alt=\"Uni\u00e3o autoriza constru\u00e7\u00e3o de usina pr\u00f3ximo a cabos de internet no mar de Fortaleza\" width=\"800\" height=\"400\" \/>       <\/p>\n<p> Uni\u00e3o autoriza constru\u00e7\u00e3o de usina pr\u00f3ximo a cabos de internet no mar de Fortaleza <\/p>\n<p><h2>Os riscos apontados pela Anatel <\/h2>\n<\/p>\n<p> A Anatel diz que &quot;reitera oposi\u00e7\u00e3o \u00e0 obra de constru\u00e7\u00e3o da usina de dessaliniza\u00e7\u00e3o na Praia do Futuro nos termos do atual projeto, e recomenda altera\u00e7\u00e3o do projeto de constru\u00e7\u00e3o para outro local dentre as op\u00e7\u00f5es avaliadas como poss\u00edveis&quot;. <\/p>\n<p> <strong>Estes s\u00e3o os pontos citados pela Anatel para reprova\u00e7\u00e3o da obra: <\/strong> <\/p>\n<ul>\n<li>? Os cabos submarinos que chegam \u00e0 Praia do Futuro s\u00e3o essenciais para o funcionamento das telecomunica\u00e7\u00f5es e da conex\u00e3o de internet no Brasil e para o fluxo internacional de informa\u00e7\u00f5es;<\/li>\n<li>? Os cabos de internet est\u00e3o ancorados h\u00e1 d\u00e9cadas na regi\u00e3o, &quot;desde antes da privatiza\u00e7\u00e3o do setor de telecomunica\u00e7\u00f5es&quot;; <\/li>\n<li>? Falhas nos cabos exigem provocam danos e exigem reparos que t\u00eam &quot;atividade lenta e complexa&quot;, al\u00e9m de exigir o uso de navios de grande porte, equipamentos subaqu\u00e1ticos e mergulhadores: &quot;A adi\u00e7\u00e3o de riscos, portanto, \u00e9 indesej\u00e1vel e imprudente&quot;, diz a ag\u00eancia;<\/li>\n<li>? Os cabos tem prazo de validade e, com o aumento constante no tr\u00e1fego de internet, a tend\u00eancia \u00e9 que seja preciso substituir ou incluir mais cabos na regi\u00e3o;<\/li>\n<li>? Os respons\u00e1veis pela usina n\u00e3o apresentaram &quot;qualquer estudo, previs\u00e3o, planejamento e detalhamento das medidas que ser\u00e3o adotadas para garantir que os dutos terrestres da usina n\u00e3o provocar\u00e3o interfer\u00eancias nos cabos&quot;. <\/li>\n<\/ul>\n<p> Na quinta-feira (21), a Anatel afirmou ao Jornal Nacional que <a class href=\"https:\/\/g1.globo.com\/jornal-nacional\/noticia\/2023\/12\/21\/construcao-de-usina-fortaleza.ghtml\">pediu mais detalhes da obra ao governo do Cear\u00e1<\/a>. O Minist\u00e9rio da Gest\u00e3o e da Inova\u00e7\u00e3o em Servi\u00e7os P\u00fablicos disse que a constru\u00e7\u00e3o segue em an\u00e1lise da Uni\u00e3o e que depende da avalia\u00e7\u00e3o de outros \u00f3rg\u00e3os federais. <\/p>\n<p> Fortaleza \u00e9 o ponto central dos cabos que abastecem a internet no Brasil \u2014 Foto: Globo\/Reprodu\u00e7\u00e3o <\/p>\n<p><h2>A import\u00e2ncia de Fortaleza para a internet brasileira<\/h2>\n<\/p>\n<p> A capital cearense se tornou chave para a conex\u00e3o de cabos de internet por sua proximidade relativa com a Europa, a \u00c1frica e o restante das Am\u00e9ricas. No Brasil, eles tamb\u00e9m se ligam a Salvador, ao Rio de Janeiro e a Santos. A cidade tamb\u00e9m ganhou espa\u00e7o pelas condi\u00e7\u00f5es de seu relevo oce\u00e2nico. <\/p>\n<p> &quot;No assoalho oce\u00e2nico, tem rochas, correntes submarinas, regi\u00f5es mais profundas e outras mais planas. O assoalho de Fortaleza \u00e9 favor\u00e1vel. De certa forma, est\u00e1 unindo o \u00fatil e o agrad\u00e1vel: boa localiza\u00e7\u00e3o e bom assoalho&quot;, explicou ao <a class href=\"https:\/\/g1.globo.com\/\">g1<\/a> o professor de Engenharia da Computa\u00e7\u00e3o na Universidade Federal do Cear\u00e1 (UFC) Yuri Victor Lima de Melo. <\/p>\n<p> Outro fator que contribui para a import\u00e2ncia de Fortaleza na \u00e1rea \u00e9 a presen\u00e7a de grandes empresas de telecomunica\u00e7\u00f5es. &quot;O mercado local de internet no Cear\u00e1 \u00e9 muito pujante. No top 10 de maiores provedores de internet do Brasil, tem empresas cearenses ao lado de multinacionais&quot;, explica o diretor de tecnologia da empresa de telecomunica\u00e7\u00f5es Sage Networks, Thiago Ayub. <\/p>\n<p><h2>O que dizem os outros \u00f3rg\u00e3os <\/h2>\n<\/p>\n<p> A Companhia de \u00c1gua e Esgoto do Cear\u00e1 (Cagece)<a class href=\"https:\/\/g1.globo.com\/ce\/ceara\/noticia\/2023\/12\/20\/construcao-de-usina-proximo-a-cabos-de-internet-no-mar-de-fortaleza-e-autorizada-pela-uniao.ghtml\"> <\/a>diz que a usina &quot;n\u00e3o apresenta nenhum risco ao funcionamento dos cabos submarinos localizados na Praia do Futuro&quot;. <\/p>\n<p> Em outubro, a associa\u00e7\u00e3o de operadoras TelComp, que inclui empresas como a cearense Brisanet, j\u00e1 havia afirmado que &quot;a discuss\u00e3o sobre a constru\u00e7\u00e3o da usina \u00e9 leg\u00edtima e a implementa\u00e7\u00e3o de tal pol\u00edtica p\u00fablica \u00e9 necess\u00e1ria&quot;, mas alegou que &quot;existem locais mais adequados e seguros para sua instala\u00e7\u00e3o&quot; e que a escolha pela constru\u00e7\u00e3o na Praia do Futuro \u00e9 &quot;infeliz, inoportuna e inapropriada&quot;. <\/p>\n<p> A Conexis, associa\u00e7\u00e3o onde est\u00e3o operadoras Claro, Vivo, Tim, Oi, Algar Telecom e Sercomtel, afirma que suas associadas &quot;manifestam preocupa\u00e7\u00e3o com os riscos apontados pela \u00e1rea t\u00e9cnica da Anatel. <\/p>\n<p> <strong>LEIA TAMB\u00c9M:<\/strong> <\/p>\n<ul>\n<li><a class href=\"https:\/\/g1.globo.com\/tecnologia\/noticia\/2023\/12\/21\/lactea-meu-fii-influenciador-viraliza-com-videos-que-tiram-sarro-de-coisas-do-cotidiano.ghtml\">&#x27;Lactea Meu Fii&#x27;: influenciador viraliza com v\u00eddeos que tiram sarro de coisas do cotidiano<\/a><\/li>\n<li><a class href=\"https:\/\/g1.globo.com\/tecnologia\/noticia\/2023\/12\/19\/celular-seguro-app-do-governo-que-visa-inibir-roubos-tera-desafios-para-cumprir-finalidade-veja-como-vai-funcionar.ghtml\">Os desafios do Celular Seguro para cumprir sua finalidade<\/a><\/li>\n<li><a class href=\"https:\/\/g1.globo.com\/tecnologia\/noticia\/2023\/12\/17\/o-que-e-o-jogo-do-tigrinho-e-por-que-ele-e-ilegal-no-brasil.ghtml#G1-TECNOLOGIA-FEED-user,rec-top,7372fb60-d79e-4f54-9d00-b52ac9fa6d69\">O que \u00e9 o &#x27;jogo do tigrinho&#x27; e por que ele \u00e9 ilegal no Brasil<\/a><\/li>\n<\/ul>\n<p>                   <img loading=\"lazy\" decoding=\"async\" class=\"aligncenter size-full wp-image-55494\" src=\"https:\/\/blog.corretoraideal.com.br\/wp-content\/uploads\/2023\/12\/projeto-de-usina-em-praia-de-fortaleza-pode-derrubar-internet-no-brasil.jpeg\" alt=\"Projeto de usina em praia de Fortaleza pode derrubar internet no Brasil\" width=\"800\" height=\"400\" \/>       <\/p>\n<p> Projeto de usina em praia de Fortaleza pode derrubar internet no Brasil <\/p>\n<p>                    <img loading=\"lazy\" decoding=\"async\" class=\"aligncenter size-full wp-image-55495\" src=\"https:\/\/blog.corretoraideal.com.br\/wp-content\/uploads\/2023\/12\/as-buscas-na-internet-que-bombaram-no-ano-de-2023-3.jpeg\" alt=\"As buscas na internet que bombaram no ano de 2023\" width=\"800\" height=\"400\" \/>       <\/p>\n<p> As buscas na internet que bombaram no ano de 2023 <\/p>\n<ul>\n<li> <a href=\"https:\/\/g1.globo.com\/ce\/ceara\/cidade\/fortaleza\/\" class=\"entities__list-itemLink\" data-track-click=\"Fortaleza\"> Fortaleza <\/a> <\/li>\n<\/ul>\n<h3> <a id=\"js-next-article-desktop-link\" class=\"next-article-desktop-link\"><\/a> <\/h3>\n<h3> <a id=\"js-next-article-smart-link\" class=\"next-article-smart-link\"><\/a> <\/h3>\n<p>Veja tamb\u00e9m<\/p>\n<\/p>\n<\/p>\n<p>       Anterior   Pr\u00f3ximo     <\/p>\n","protected":false},"excerpt":{"rendered":"<p>Anatel considera &#039;indesej\u00e1vel e imprudente&#039; constru\u00e7\u00e3o de usina no Cear\u00e1 por riscos \u00e0 internet no Brasil; entenda o caso A Superintend\u00eancia do Patrim\u00f4nio da Uni\u00e3o (SPU-CE) aprovou as obras da usina na Praia do Futuro, em Fortaleza (CE). Ag\u00eancia Nacional de Telecomunica\u00e7\u00f5es alega que cabos submarinos de internet que ligam Brasil ao resto do mundo [&hellip;]<\/p>\n","protected":false},"author":1,"featured_media":0,"comment_status":"closed","ping_status":"closed","sticky":false,"template":"","format":"standard","meta":{"footnotes":""},"categories":[],"tags":[],"class_list":["post-55491","post","type-post","status-publish","format-standard","hentry"],"_links":{"self":[{"href":"https:\/\/blog.corretoraideal.com.br\/index.php\/wp-json\/wp\/v2\/posts\/55491","targetHints":{"allow":["GET"]}}],"collection":[{"href":"https:\/\/blog.corretoraideal.com.br\/index.php\/wp-json\/wp\/v2\/posts"}],"about":[{"href":"https:\/\/blog.corretoraideal.com.br\/index.php\/wp-json\/wp\/v2\/types\/post"}],"author":[{"embeddable":true,"href":"https:\/\/blog.corretoraideal.com.br\/index.php\/wp-json\/wp\/v2\/users\/1"}],"replies":[{"embeddable":true,"href":"https:\/\/blog.corretoraideal.com.br\/index.php\/wp-json\/wp\/v2\/comments?post=55491"}],"version-history":[{"count":1,"href":"https:\/\/blog.corretoraideal.com.br\/index.php\/wp-json\/wp\/v2\/posts\/55491\/revisions"}],"predecessor-version":[{"id":55496,"href":"https:\/\/blog.corretoraideal.com.br\/index.php\/wp-json\/wp\/v2\/posts\/55491\/revisions\/55496"}],"wp:attachment":[{"href":"https:\/\/blog.corretoraideal.com.br\/index.php\/wp-json\/wp\/v2\/media?parent=55491"}],"wp:term":[{"taxonomy":"category","embeddable":true,"href":"https:\/\/blog.corretoraideal.com.br\/index.php\/wp-json\/wp\/v2\/categories?post=55491"},{"taxonomy":"post_tag","embeddable":true,"href":"https:\/\/blog.corretoraideal.com.br\/index.php\/wp-json\/wp\/v2\/tags?post=55491"}],"curies":[{"name":"wp","href":"https:\/\/api.w.org\/{rel}","templated":true}]}}