{"id":55497,"date":"2023-12-23T01:29:43","date_gmt":"2023-12-23T01:29:43","guid":{"rendered":"https:\/\/blog.corretoraideal.com.br\/?p=55497"},"modified":"2023-12-23T01:29:43","modified_gmt":"2023-12-23T01:29:43","slug":"policia-prende-9-em-operacao-contra-o-trafico-em-miracema-e-diz-que-ordem-para-crimes-saia-de-presidios-norte-fluminense-g1","status":"publish","type":"post","link":"https:\/\/blog.corretoraideal.com.br\/index.php\/2023\/12\/23\/policia-prende-9-em-operacao-contra-o-trafico-em-miracema-e-diz-que-ordem-para-crimes-saia-de-presidios-norte-fluminense-g1\/","title":{"rendered":"Pol\u00edcia prende 9 em opera\u00e7\u00e3o contra o tr\u00e1fico em Miracema e diz que ordem para crimes saia de pres\u00eddios | Norte Fluminense | G1"},"content":{"rendered":"<br \/>\n<h1>Pol\u00edcia prende 9 em opera\u00e7\u00e3o contra o tr\u00e1fico em Miracema e diz que ordem para crimes saia de pres\u00eddios<\/h1>\n<h2>Fac\u00e7\u00e3o criminosa de dentro de pres\u00eddio comandava crimes na cidade, segundo Pol\u00edcia. Opera\u00e7\u00e3o das Pol\u00edcias Civil e Militar com o MP apreendeu tamb\u00e9m dois adolescentes.<\/h2>\n<p> Por Lilia Bustilho, g1 &mdash; Norte Fluminense <\/p>\n<p>  22\/12\/2023 20h27    Atualizado  22\/12\/2023    <\/p>\n<p>                   1 de 2&#013;Em dois dias, nove pessoas foram presas em opera\u00e7\u00e3o contra o tr\u00e1fico em Miracema \u2014 Foto: PM    <\/p>\n<p> Em dois dias, nove pessoas foram presas em opera\u00e7\u00e3o contra o tr\u00e1fico em Miracema \u2014 Foto: PM <\/p>\n<p> Nove pessoas foram presas durante a &quot;Opera\u00e7\u00e3o Integra\u00e7\u00e3o III&quot; das pol\u00edcias Civil e Militar em <a class href=\"https:\/\/g1.globo.com\/rj\/norte-fluminense\/cidade\/miracema\/\">Miracema<\/a>, no Noroeste do Estado, que busca desarticular fac\u00e7\u00f5es criminosas que atuam no munic\u00edpio. Ainda segundo a pol\u00edcia, a ordem para os crimes praticados vinha de pres\u00eddios. <\/p>\n<p> Na a\u00e7\u00e3o desta sexta-feira (22), dois adolescentes foram apreendidos. Eles est\u00e3o entre os detidos na opera\u00e7\u00e3o que durou dois dias buscando cumprir, nos bairros Jove e Dem\u00e9trio, 17 mandados de pris\u00e3o expedidos pela Justi\u00e7a. <\/p>\n<p> Alguns dos suspeitos j\u00e1 estavam em pres\u00eddios respondendo por outros processos criminais. Uma pessoa segue foragida. <\/p>\n<p>         2 de 2&#013;Opera\u00e7\u00e3o conjunta foi realizada em Miracema para cumprir mandados de pris\u00e3o em dois bairros da cidade \u2014 Foto: PM    <\/p>\n<p> Opera\u00e7\u00e3o conjunta foi realizada em Miracema para cumprir mandados de pris\u00e3o em dois bairros da cidade \u2014 Foto: PM <\/p>\n<p> S\u00e3o alvos das investiga\u00e7\u00f5es suspeitos de envolvimento com o tr\u00e1fico de drogas, associa\u00e7\u00e3o ao tr\u00e1fico, tentativa de homic\u00eddio e tortura, segundo o delegado Gesner Cesar Bruno, titular da 137\u00aa DP (Miracema). <\/p>\n<p> Essa \u00e9 a terceira fase da Opera\u00e7\u00e3o Integra\u00e7\u00e3o feita pela delegacia de Miracema, Minist\u00e9rio P\u00fablico, e o 36\u00ba Batalh\u00e3o de Pol\u00edcia Militar, que fica Santo Ant\u00f4nio de P\u00e1dua e atende seis munic\u00edpios do Noroeste Fluminense. <\/p>\n<p> Mais de 100 policiais participaram da opera\u00e7\u00e3o, que contou com cerca de 20 viaturas e apoio de delegacias da regi\u00e3o. <\/p>\n<p> De acordo com o comandante do 36\u00ba BPM, tenente-coronel Marcelo de Castro Cobarge, o trabalho \u00e9 para a regi\u00e3o. <\/p>\n<p> &quot;Foram apreendidos quatro celulares, R$ 1.852 em dinheiro e farto material entorpecente. Estaremos presentes somando for\u00e7as onde o crime se instalar. Todos os homic\u00eddios est\u00e3o sendo elucidados e os autores dos outros crimes identificados nessa integra\u00e7\u00e3o das for\u00e7as de seguran\u00e7a p\u00fablica. Vamos combater a criminalidade e a popula\u00e7\u00e3o pode ter certeza que nossa integra\u00e7\u00e3o \u00e9 para cada vez mais manter o bem-estar e garantir a seguran\u00e7a p\u00fablica. Contamos tamb\u00e9m com uma ferramenta de den\u00fancias an\u00f4nimas pelo 022 3853-3053. O anonimato \u00e9 garantido. O sigilo \u00e9 absoluto&quot;, explica o comandante Corbage. <\/p>\n<ul>\n<li> <a href=\"https:\/\/g1.globo.com\/rj\/norte-fluminense\/cidade\/miracema\/\" class=\"entities__list-itemLink\" data-track-click=\"Miracema\"> Miracema <\/a> <\/li>\n<\/ul>\n<h3> <a id=\"js-next-article-desktop-link\" class=\"next-article-desktop-link\"><\/a> <\/h3>\n<h3> <a id=\"js-next-article-smart-link\" class=\"next-article-smart-link\"><\/a> <\/h3>\n<p>Veja tamb\u00e9m<\/p>\n<\/p>\n<\/p>\n<p>       Anterior   Pr\u00f3ximo     <\/p>\n","protected":false},"excerpt":{"rendered":"<p>Pol\u00edcia prende 9 em opera\u00e7\u00e3o contra o tr\u00e1fico em Miracema e diz que ordem para crimes saia de pres\u00eddios Fac\u00e7\u00e3o criminosa de dentro de pres\u00eddio comandava crimes na cidade, segundo Pol\u00edcia. Opera\u00e7\u00e3o das Pol\u00edcias Civil e Militar com o MP apreendeu tamb\u00e9m dois adolescentes. Por Lilia Bustilho, g1 &mdash; Norte Fluminense 22\/12\/2023 20h27 Atualizado 22\/12\/2023 [&hellip;]<\/p>\n","protected":false},"author":1,"featured_media":0,"comment_status":"closed","ping_status":"closed","sticky":false,"template":"","format":"standard","meta":{"footnotes":""},"categories":[],"tags":[],"class_list":["post-55497","post","type-post","status-publish","format-standard","hentry"],"_links":{"self":[{"href":"https:\/\/blog.corretoraideal.com.br\/index.php\/wp-json\/wp\/v2\/posts\/55497","targetHints":{"allow":["GET"]}}],"collection":[{"href":"https:\/\/blog.corretoraideal.com.br\/index.php\/wp-json\/wp\/v2\/posts"}],"about":[{"href":"https:\/\/blog.corretoraideal.com.br\/index.php\/wp-json\/wp\/v2\/types\/post"}],"author":[{"embeddable":true,"href":"https:\/\/blog.corretoraideal.com.br\/index.php\/wp-json\/wp\/v2\/users\/1"}],"replies":[{"embeddable":true,"href":"https:\/\/blog.corretoraideal.com.br\/index.php\/wp-json\/wp\/v2\/comments?post=55497"}],"version-history":[{"count":1,"href":"https:\/\/blog.corretoraideal.com.br\/index.php\/wp-json\/wp\/v2\/posts\/55497\/revisions"}],"predecessor-version":[{"id":55499,"href":"https:\/\/blog.corretoraideal.com.br\/index.php\/wp-json\/wp\/v2\/posts\/55497\/revisions\/55499"}],"wp:attachment":[{"href":"https:\/\/blog.corretoraideal.com.br\/index.php\/wp-json\/wp\/v2\/media?parent=55497"}],"wp:term":[{"taxonomy":"category","embeddable":true,"href":"https:\/\/blog.corretoraideal.com.br\/index.php\/wp-json\/wp\/v2\/categories?post=55497"},{"taxonomy":"post_tag","embeddable":true,"href":"https:\/\/blog.corretoraideal.com.br\/index.php\/wp-json\/wp\/v2\/tags?post=55497"}],"curies":[{"name":"wp","href":"https:\/\/api.w.org\/{rel}","templated":true}]}}