{"id":55513,"date":"2023-12-23T11:29:57","date_gmt":"2023-12-23T11:29:57","guid":{"rendered":"https:\/\/blog.corretoraideal.com.br\/?p=55513"},"modified":"2023-12-23T11:29:57","modified_gmt":"2023-12-23T11:29:57","slug":"com-a-chegada-do-verao-saiba-como-vai-ficar-o-tempo-nas-regioes-serrana-dos-lagos-e-norte-do-rio-regiao-serrana-g1","status":"publish","type":"post","link":"https:\/\/blog.corretoraideal.com.br\/index.php\/2023\/12\/23\/com-a-chegada-do-verao-saiba-como-vai-ficar-o-tempo-nas-regioes-serrana-dos-lagos-e-norte-do-rio-regiao-serrana-g1\/","title":{"rendered":"Com a chegada do ver\u00e3o, saiba como vai ficar o tempo nas regi\u00f5es Serrana, dos Lagos e Norte do Rio | Regi\u00e3o Serrana | G1"},"content":{"rendered":"<br \/>\n<h1>Com a chegada do ver\u00e3o, saiba como vai ficar o tempo nas regi\u00f5es Serrana, dos Lagos e Norte do Rio<\/h1>\n<h2>Nova esta\u00e7\u00e3o Ver\u00e3o chegou com previs\u00e3o de chuva e temperaturas acima da m\u00e9dia para o estado do Rio .<\/h2>\n<p> Por g1 &mdash; Petr\u00f3polis <\/p>\n<p>  22\/12\/2023 19h59    Atualizado  22\/12\/2023    <\/p>\n<p>                      1 de 1&#013;Cidades do Rio, como Petr\u00f3polis, Cabo Frio e Campos dos Goytacazes, v\u00e3o enfrentar altas temperaturas \u2014 Foto: Carlos Miranda (foto 1), Jo\u00e3o Vitor Brum (foto 2) e Yuri Ramos (foto 3)    <\/p>\n<p> Cidades do Rio, como Petr\u00f3polis, Cabo Frio e Campos dos Goytacazes, v\u00e3o enfrentar altas temperaturas \u2014 Foto: Carlos Miranda (foto 1), Jo\u00e3o Vitor Brum (foto 2) e Yuri Ramos (foto 3) <\/p>\n<p> A chegada do ver\u00e3o nesta sexta-feira (22) deve trazer temperaturas altas e chuva para as tr\u00eas regi\u00f5es de cobertura da Inter TV RJ. <\/p>\n<p> J\u00e1 no primeiro fim de semana devem ser registradas pancadas de chuva. Em Cabo Frio deve chover at\u00e9 15mm, enquanto na serra pode chegar a 30mm e no Norte e Noroeste do Estado, 20 mm. <\/p>\n<p> Segundo a meteorologia, este ver\u00e3o deve ser mais quente do que dos \u00faltimos dois anos. O ano de 2023 foi marcado por extremos e a explica\u00e7\u00e3o \u00e9 a jun\u00e7\u00e3o entre o El Ni\u00f1o, com as \u00e1guas dos oceanos mais quentes, que este ano veio de forma intensa e atinge seu pico no ver\u00e3o. <\/p>\n<p> Segundo o Climatempo, em Cabo Frio, na Regi\u00e3o dos Lagos, o m\u00eas de dezembro tem previs\u00e3o de um acumulado de chuva de 147mm de chuva. <\/p>\n<p> No Norte, a previs\u00e3o \u00e9 ainda maior. Em Campos dos Goytacazes o acumulado de chuva pode chegar a 200mm. J\u00e1 a Regi\u00e3o Serrana deve registrar o maior acumulado para o m\u00eas. Em <a class href=\"https:\/\/g1.globo.com\/rj\/regiao-serrana\/cidade\/petropolis\/\">Petr\u00f3polis<\/a> a previs\u00e3o para dezembro \u00e9 303 mm. <\/p>\n<p><h2>Petr\u00f3polis ter\u00e1 plano para o ver\u00e3o 2024 <\/h2>\n<\/p>\n<p> A cidade de Petr\u00f3polis, na Regi\u00e3o Serrana do Rio, ter\u00e1 um Plano de Conting\u00eancia para chuvas intensas. S\u00e3o 52 \u00f3rg\u00e3os envolvidos no planejamento de resposta e de atendimento para casos de movimentos de massa, inunda\u00e7\u00f5es, rolamentos de blocos rochosos, alagamentos, enchentes, ventos intensos e tempestades, fen\u00f4menos estes recorrentes durante o ver\u00e3o. <\/p>\n<p> O Plano de Conting\u00eancia para chuvas intensas para o ver\u00e3o 23\/24 define o que cada \u00f3rg\u00e3o e cada institui\u00e7\u00e3o deve fazer no caso de acionamento para resposta \u00e0s chuvas na cidade, objetivando a efic\u00e1cia de resposta \u00e0 popula\u00e7\u00e3o e o retorno da situa\u00e7\u00e3o de normalidade em caso de desastre. <\/p>\n<p> \u201cA atua\u00e7\u00e3o em conjunto das ag\u00eancias e \u00f3rg\u00e3os envolvidos no Plano de Conting\u00eancia \u00e9 importante para o munic\u00edpio como um todo. Atualmente Petr\u00f3polis conta com 66 pontos de apoio, 31 N\u00facleos de Defesa Civil Comunit\u00e1rios que atuam em parceria com a Defesa Civil, quando acionados, em cerca de 100 comunidades e um conjunto de 20 sirenes que comp\u00f5em o Sistema de Alerta e Alarme para aviso de chuvas fortes\u201d, disse o Secret\u00e1rio de Prote\u00e7\u00e3o e Defesa Civil, tenente-coronel Gil Kempers. <\/p>\n<p> A Defesa Civil refor\u00e7a a orienta\u00e7\u00e3o para a popula\u00e7\u00e3o ficar atenta aos informes, e que em caso de chuva forte com potencial risco \u00e0 popula\u00e7\u00e3o, situa\u00e7\u00e3o em que \u00e9 acionado o primeiro toque das sirenes, os moradores da \u00e1rea de risco devem buscar imediatamente o ponto de apoio mais pr\u00f3ximo: <\/p>\n<p> \u201cOrientamos sempre que em caso de chuva forte, a popula\u00e7\u00e3o n\u00e3o entre em p\u00e2nico. Por isso a import\u00e2ncia de estar alinhado \u00e0s orienta\u00e7\u00f5es da Defesa Civil, conhecer o Plano de Resili\u00eancia Individual, ter sua mochila de emerg\u00eancia com os pertences de primeira necessidade separados para o caso de mobiliza\u00e7\u00e3o r\u00e1pida at\u00e9 o ponto de apoio\u201d, disse a Diretora de Capacita\u00e7\u00e3o e Treinamento, tenente Camila Nunes. <\/p>\n<p> O Plano de Conting\u00eancia para o ver\u00e3o 2023\/2024 e sua matriz de responsabilidade est\u00e1 dispon\u00edvel para a popula\u00e7\u00e3o <a class href=\"http:\/\/www.petropolis.rj.gov.br\" target=\"_blank\" rel=\"noopener noreferrer\">no site da Prefeitura de Petr\u00f3polis<\/a>. <\/p>\n<ul>\n<li> <a href=\"https:\/\/g1.globo.com\/rj\/regiao-serrana\/cidade\/petropolis\/\" class=\"entities__list-itemLink\" data-track-click=\"Petr\u00f3polis\"> Petr\u00f3polis <\/a> <\/li>\n<\/ul>\n<h3> <a id=\"js-next-article-desktop-link\" class=\"next-article-desktop-link\"><\/a> <\/h3>\n<h3> <a id=\"js-next-article-smart-link\" class=\"next-article-smart-link\"><\/a> <\/h3>\n<p>Veja tamb\u00e9m<\/p>\n<\/p>\n<\/p>\n<p>       Anterior   Pr\u00f3ximo     <\/p>\n","protected":false},"excerpt":{"rendered":"<p>Com a chegada do ver\u00e3o, saiba como vai ficar o tempo nas regi\u00f5es Serrana, dos Lagos e Norte do Rio Nova esta\u00e7\u00e3o Ver\u00e3o chegou com previs\u00e3o de chuva e temperaturas acima da m\u00e9dia para o estado do Rio . Por g1 &mdash; Petr\u00f3polis 22\/12\/2023 19h59 Atualizado 22\/12\/2023 1 de 1&#013;Cidades do Rio, como Petr\u00f3polis, Cabo [&hellip;]<\/p>\n","protected":false},"author":1,"featured_media":0,"comment_status":"closed","ping_status":"closed","sticky":false,"template":"","format":"standard","meta":{"footnotes":""},"categories":[],"tags":[],"class_list":["post-55513","post","type-post","status-publish","format-standard","hentry"],"_links":{"self":[{"href":"https:\/\/blog.corretoraideal.com.br\/index.php\/wp-json\/wp\/v2\/posts\/55513","targetHints":{"allow":["GET"]}}],"collection":[{"href":"https:\/\/blog.corretoraideal.com.br\/index.php\/wp-json\/wp\/v2\/posts"}],"about":[{"href":"https:\/\/blog.corretoraideal.com.br\/index.php\/wp-json\/wp\/v2\/types\/post"}],"author":[{"embeddable":true,"href":"https:\/\/blog.corretoraideal.com.br\/index.php\/wp-json\/wp\/v2\/users\/1"}],"replies":[{"embeddable":true,"href":"https:\/\/blog.corretoraideal.com.br\/index.php\/wp-json\/wp\/v2\/comments?post=55513"}],"version-history":[{"count":1,"href":"https:\/\/blog.corretoraideal.com.br\/index.php\/wp-json\/wp\/v2\/posts\/55513\/revisions"}],"predecessor-version":[{"id":55515,"href":"https:\/\/blog.corretoraideal.com.br\/index.php\/wp-json\/wp\/v2\/posts\/55513\/revisions\/55515"}],"wp:attachment":[{"href":"https:\/\/blog.corretoraideal.com.br\/index.php\/wp-json\/wp\/v2\/media?parent=55513"}],"wp:term":[{"taxonomy":"category","embeddable":true,"href":"https:\/\/blog.corretoraideal.com.br\/index.php\/wp-json\/wp\/v2\/categories?post=55513"},{"taxonomy":"post_tag","embeddable":true,"href":"https:\/\/blog.corretoraideal.com.br\/index.php\/wp-json\/wp\/v2\/tags?post=55513"}],"curies":[{"name":"wp","href":"https:\/\/api.w.org\/{rel}","templated":true}]}}