{"id":55523,"date":"2023-12-23T17:29:48","date_gmt":"2023-12-23T17:29:48","guid":{"rendered":"https:\/\/blog.corretoraideal.com.br\/?p=55523"},"modified":"2023-12-23T17:29:48","modified_gmt":"2023-12-23T17:29:48","slug":"as-terriveis-ondas-do-mar-do-norte-que-bombam-no-tiktok-tecnologia-g1","status":"publish","type":"post","link":"https:\/\/blog.corretoraideal.com.br\/index.php\/2023\/12\/23\/as-terriveis-ondas-do-mar-do-norte-que-bombam-no-tiktok-tecnologia-g1\/","title":{"rendered":"As terr\u00edveis ondas do Mar do Norte que bombam no TikTok | Tecnologia | G1"},"content":{"rendered":"<br \/>\n<h1>As terr\u00edveis ondas do Mar do Norte que bombam no TikTok<\/h1>\n<h2>V\u00eddeos atraem milh\u00f5es de visualiza\u00e7\u00f5es ao mostrar a rotina de quem trabalha na regi\u00e3o, que pode registrar ondas de at\u00e9 20 metros de altura.<\/h2>\n<p> Por g1 <\/p>\n<p>  23\/12\/2023 12h34    Atualizado  23\/12\/2023    <\/p>\n<p>                                <img loading=\"lazy\" decoding=\"async\" class=\"aligncenter size-full wp-image-55525\" src=\"https:\/\/blog.corretoraideal.com.br\/wp-content\/uploads\/2023\/12\/veja-as-terriveis-ondas-do-mar-do-norte-que-bombam-no-tiktok.jpeg\" alt=\"Veja as terr\u00edveis ondas do Mar do Norte que bombam no TikTok\" width=\"800\" height=\"400\" \/>       <\/p>\n<p> Veja as terr\u00edveis ondas do Mar do Norte que bombam no TikTok <\/p>\n<p> Uma trend no <a class href=\"https:\/\/g1.globo.com\/tudo-sobre\/tiktok\/\">TikTok<\/a> tem atra\u00eddo milh\u00f5es de visualiza\u00e7\u00f5es ao mostrar a rotina de quem trabalha em mar aberto. \u00c9 a chamada NorthSeaTok, que mostra cenas do Mar do Norte, regi\u00e3o entre pa\u00edses como Inglaterra, Dinamarca, B\u00e9lgica, Holanda e Noruega. <\/p>\n<p> Uma das contas que investe nesse tipo de conte\u00fado se chama UK Towns. Um v\u00eddeo publicado no perfil no final de novembro superou 110 milh\u00f5es de visualiza\u00e7\u00f5es ao mostrar um grande navio balan\u00e7ando com as ondas, e a tripula\u00e7\u00e3o tentando se proteger da \u00e1gua. <\/p>\n<p> O Mar do Norte foi descrito como o &quot;mais trai\u00e7oeiro do mundo&quot; neste v\u00eddeo. &quot;A vida \u00e9 solit\u00e1ria, e o Mar do Norte \u00e9 famoso pela sua selvageria, com tempestades violentas e invernos enevoados&quot;, diz a descri\u00e7\u00e3o de outro v\u00eddeo. <\/p>\n<p>         1 de 1&#013;NorthSeaTok atrai milh\u00f5es de visualiza\u00e7\u00f5es ao mostrar rotina de quem trabalha no Mar do Norte \u2014 Foto: Reprodu\u00e7\u00e3o\/TikTok    <\/p>\n<p> NorthSeaTok atrai milh\u00f5es de visualiza\u00e7\u00f5es ao mostrar rotina de quem trabalha no Mar do Norte \u2014 Foto: Reprodu\u00e7\u00e3o\/TikTok <\/p>\n<p> O que aumenta a sensa\u00e7\u00e3o de medo em quem acompanha a NorthSeaTok \u00e9 a trilha sonora. Muitos dos v\u00eddeos usam a m\u00fasica &quot;Hoist the Colores&quot;, que aparece em um dos filmes da saga &quot;Piratas do Caribe&quot;. <\/p>\n<p> A regi\u00e3o \u00e9 conhecida por suas ondas trai\u00e7oeiras, mas a situa\u00e7\u00e3o pode ser ainda pior nas costas da Isl\u00e2ndia, da \u00c1frica do Sul e da Austr\u00e1lia, explicou Sofia Caires, especialista em ondas do instituto holand\u00eas Deltares, em entrevista ao New York Times. <\/p>\n<p>Ainda que n\u00e3o sejam as maiores do mundo, as ondas do Mar do Norte podem chegar a quase 20 metros de altura, segundo Caires.<\/p>\n<p> A regi\u00e3o do Mar do Norte \u00e9 conhecida pela forte atividade nas \u00e1reas de transporte mar\u00edtimo, pesca, produ\u00e7\u00e3o de energia e turismo. <\/p>\n<p> E, apesar da grande movimenta\u00e7\u00e3o, os incidentes s\u00e3o raros. Cerca de 260 mil navios passam pela \u00e1rea holandesa do Mar do Norte, mas, em 2022, o local registrou apenas 55 acidentes, segundo dados do governo da Holanda obtidos pelo NYT. <\/p>\n<p> <strong>LEIA TAMB\u00c9M:<\/strong> <\/p>\n<ul>\n<li><a class href=\"https:\/\/g1.globo.com\/tecnologia\/noticia\/2023\/12\/23\/por-que-tiktoker-brasileiro-decidiu-sumir-das-redes-no-auge-da-fama.ghtml\">Como usar o Celular Seguro, servi\u00e7o do governo para inibir roubos de smartphones<\/a><\/li>\n<li><a class href=\"https:\/\/g1.globo.com\/inovacao\/noticia\/2023\/12\/17\/carro-voador-veja-projetos-de-evtols-que-podem-ganhar-os-ceus-nos-proximos-anos.ghtml\">&#x27;Carro voador&#x27;: veja projetos de eVTOLs que podem ganhar os c\u00e9us nos pr\u00f3ximos anos<\/a><\/li>\n<li><a class href=\"https:\/\/g1.globo.com\/tecnologia\/noticia\/2023\/12\/15\/so-transo-com-mulheres-e-meu-marido-so-com-homens-casal-ganha-a-vida-com-videos-eroticos-no-onlyfans-e-privacy.ghtml\">&#x27;S\u00f3 transo com mulheres, e meu marido, s\u00f3 com homens&#x27;: o acordo de casal que ganha vida com OnlyFans<\/a><\/li>\n<\/ul>\n<p><h2>O TikTok \u00e9 o novo Google?<\/h2>\n<\/p>\n<p>                   <img loading=\"lazy\" decoding=\"async\" class=\"aligncenter size-full wp-image-55526\" src=\"https:\/\/blog.corretoraideal.com.br\/wp-content\/uploads\/2023\/12\/jovens-estao-trocando-o-google-pelo-tiktok-na-hora-fazer-pesquisas-8.jpeg\" alt=\"Jovens est\u00e3o trocando o Google pelo TikTok na hora fazer pesquisas\" width=\"800\" height=\"400\" \/>       <\/p>\n<p> Jovens est\u00e3o trocando o Google pelo TikTok na hora fazer pesquisas <\/p>\n<p><h2>A rotina de quem fatura com v\u00eddeos de sexo na internet<\/h2>\n<\/p>\n<p>                   <img loading=\"lazy\" decoding=\"async\" class=\"aligncenter size-full wp-image-55527\" src=\"https:\/\/blog.corretoraideal.com.br\/wp-content\/uploads\/2023\/12\/os-bastidores-as-estrategias-e-a-rotina-de-quem-ganha-a-vida-vendendo-videos-de-sexo-6.jpeg\" alt=\"Os bastidores, as estrat\u00e9gias e a rotina de quem ganha a vida vendendo v\u00eddeos de sexo\" width=\"800\" height=\"400\" \/>       <\/p>\n<p> Os bastidores, as estrat\u00e9gias e a rotina de quem ganha a vida vendendo v\u00eddeos de sexo <\/p>\n<ul>\n<li> <a href=\"https:\/\/g1.globo.com\/tudo-sobre\/tiktok\/\" class=\"entities__list-itemLink\" data-track-click=\"TikTok\"> TikTok <\/a> <\/li>\n<\/ul>\n<h3> <a id=\"js-next-article-desktop-link\" class=\"next-article-desktop-link\"><\/a> <\/h3>\n<h3> <a id=\"js-next-article-smart-link\" class=\"next-article-smart-link\"><\/a> <\/h3>\n<p>Veja tamb\u00e9m<\/p>\n<\/p>\n<\/p>\n<p>       Anterior   Pr\u00f3ximo     <\/p>\n","protected":false},"excerpt":{"rendered":"<p>As terr\u00edveis ondas do Mar do Norte que bombam no TikTok V\u00eddeos atraem milh\u00f5es de visualiza\u00e7\u00f5es ao mostrar a rotina de quem trabalha na regi\u00e3o, que pode registrar ondas de at\u00e9 20 metros de altura. Por g1 23\/12\/2023 12h34 Atualizado 23\/12\/2023 Veja as terr\u00edveis ondas do Mar do Norte que bombam no TikTok Uma trend [&hellip;]<\/p>\n","protected":false},"author":1,"featured_media":0,"comment_status":"closed","ping_status":"closed","sticky":false,"template":"","format":"standard","meta":{"footnotes":""},"categories":[],"tags":[],"class_list":["post-55523","post","type-post","status-publish","format-standard","hentry"],"_links":{"self":[{"href":"https:\/\/blog.corretoraideal.com.br\/index.php\/wp-json\/wp\/v2\/posts\/55523","targetHints":{"allow":["GET"]}}],"collection":[{"href":"https:\/\/blog.corretoraideal.com.br\/index.php\/wp-json\/wp\/v2\/posts"}],"about":[{"href":"https:\/\/blog.corretoraideal.com.br\/index.php\/wp-json\/wp\/v2\/types\/post"}],"author":[{"embeddable":true,"href":"https:\/\/blog.corretoraideal.com.br\/index.php\/wp-json\/wp\/v2\/users\/1"}],"replies":[{"embeddable":true,"href":"https:\/\/blog.corretoraideal.com.br\/index.php\/wp-json\/wp\/v2\/comments?post=55523"}],"version-history":[{"count":1,"href":"https:\/\/blog.corretoraideal.com.br\/index.php\/wp-json\/wp\/v2\/posts\/55523\/revisions"}],"predecessor-version":[{"id":55528,"href":"https:\/\/blog.corretoraideal.com.br\/index.php\/wp-json\/wp\/v2\/posts\/55523\/revisions\/55528"}],"wp:attachment":[{"href":"https:\/\/blog.corretoraideal.com.br\/index.php\/wp-json\/wp\/v2\/media?parent=55523"}],"wp:term":[{"taxonomy":"category","embeddable":true,"href":"https:\/\/blog.corretoraideal.com.br\/index.php\/wp-json\/wp\/v2\/categories?post=55523"},{"taxonomy":"post_tag","embeddable":true,"href":"https:\/\/blog.corretoraideal.com.br\/index.php\/wp-json\/wp\/v2\/tags?post=55523"}],"curies":[{"name":"wp","href":"https:\/\/api.w.org\/{rel}","templated":true}]}}