{"id":55529,"date":"2023-12-23T18:29:58","date_gmt":"2023-12-23T18:29:58","guid":{"rendered":"https:\/\/blog.corretoraideal.com.br\/?p=55529"},"modified":"2023-12-23T18:29:58","modified_gmt":"2023-12-23T18:29:58","slug":"saiu-toda-desengoncada-diz-produtor-que-colheu-abacaxi-em-formato-diferente-no-es-veja-video-espirito-santo-g1","status":"publish","type":"post","link":"https:\/\/blog.corretoraideal.com.br\/index.php\/2023\/12\/23\/saiu-toda-desengoncada-diz-produtor-que-colheu-abacaxi-em-formato-diferente-no-es-veja-video-espirito-santo-g1\/","title":{"rendered":"&#039;Saiu toda desengon\u00e7ada&#039;, diz produtor que colheu abacaxi em formato diferente no ES; veja V\u00cdDEO | Esp\u00edrito Santo | G1"},"content":{"rendered":"<br \/>\n<h1>&#039;Saiu toda desengon\u00e7ada&#039;, diz produtor que colheu abacaxi em formato diferente no ES; veja V\u00cdDEO<\/h1>\n<h2>Abacaxi foi colhido na comunidade de C\u00f3rrego do Parado, em \u00c1guia Branca, no Noroeste do Esp\u00edrito Santo. Especialista disse que fruta sofreu muta\u00e7\u00e3o gen\u00e9tica. <\/h2>\n<p> Por <a class=\"multi_signatures\" href=\"https:\/\/g1.globo.com\/autores\/viviann-barcelos\/\">Viviann Barcelos<\/a>, g1 ES <\/p>\n<p>  23\/12\/2023 10h45    Atualizado  23\/12\/2023    <\/p>\n<p>                             <img loading=\"lazy\" decoding=\"async\" class=\"aligncenter size-full wp-image-55531\" src=\"https:\/\/blog.corretoraideal.com.br\/wp-content\/uploads\/2023\/12\/abacaxi-em-formato-diferente-e-colhido-no-es.jpeg\" alt=\"Abacaxi em formato diferente \u00e9 colhido no ES\" width=\"800\" height=\"400\" \/>       <\/p>\n<p> Abacaxi em formato diferente \u00e9 colhido no ES <\/p>\n<p> Um abacaxi em formato diferente chamou dos moradores da comunidade de C\u00f3rrego do Parado, em \u00c1guia Branca, no Noroeste do Esp\u00edrito Santo, e tamb\u00e9m nas redes sociais<strong> (assista acima)<\/strong>. Colhida na manh\u00e3 desta sexta-feira (22) pelo produtor rural Josias de Lima Menini, a fruta tem cerca de 40 cent\u00edmetros, pesa 4.795 quilos e parece at\u00e9 um artesanato de croch\u00ea. <\/p>\n<ul>\n<li><a class href=\"https:\/\/api.whatsapp.com\/send?text=https:\/\/g1.globo.com\/es\/espirito-santo\/noticia\/2023\/12\/23\/saiu-toda-desengoncada-diz-produtor-que-colheu-abacaxi-em-formato-diferente-no-es-veja-video.ghtml?utm_source%3Dwhatsapp%26utm_medium%3Dshare-engagement%26utm_campaign%3Dte-materias\" target=\"_blank\" rel=\"noopener noreferrer\"><strong>Compartilhe no WhatsApp<\/strong><\/a><\/li>\n<li><a class href=\"https:\/\/telegram.me\/share\/url?url=https:\/\/g1.globo.com\/es\/espirito-santo\/noticia\/2023\/12\/23\/saiu-toda-desengoncada-diz-produtor-que-colheu-abacaxi-em-formato-diferente-no-es-veja-video.ghtml?utm_source%3Dtelegram%26utm_medium%3Dshare-engagement%26utm_campaign%3Dte-materias\" target=\"_blank\" rel=\"noopener noreferrer\"><strong>Compartilhe no Telegram<\/strong><\/a><\/li>\n<\/ul>\n<p>\u201cTem gente que n\u00e3o acredita que \u00e9 um abacaxi, quer vir aqui em casa ver. Teve gente que disse que parece um tapete. Ela saiu toda desengon\u00e7ada, mas tem textura e cheiro de abacaxi\u201d, disse Josiais. <\/p>\n<p>         1 de 3&#013;Abacaxi em formato diferente chama aten\u00e7\u00e3o de moradores de \u00c1guia Branca, no Noroeste do ES \u2014 Foto: Arquivo pessoal    <\/p>\n<p> Abacaxi em formato diferente chama aten\u00e7\u00e3o de moradores de \u00c1guia Branca, no Noroeste do ES \u2014 Foto: Arquivo pessoal <\/p>\n<p> Segundo o produtor, ele estava cuidando da planta\u00e7\u00e3o de caf\u00e9 do cunhado, que \u00e9 vizinho de propriedade. <\/p>\n<p>&quot;Ele tinha uma planta\u00e7\u00e3o de abacaxi, que foi plantada no ano passado, mas que logo depois ele abandonou. A\u00ed quando passei por l\u00e1, me deparei com essa fruta. Por curiosidade, peguei a fruta, trouxe embora e postei ela nas redes sociais. Agora meus amigos querem vir aqui em casa ver&quot;, disse. <\/p>\n<p>         2 de 3&#013;Produtor rural, Josias colheu o abacaxi no interior do ES \u2014 Foto: Arquivo pessoal    <\/p>\n<p> Produtor rural, Josias colheu o abacaxi no interior do ES \u2014 Foto: Arquivo pessoal <\/p>\n<p> O produtor disse ainda que n\u00e3o teve coragem de experimentar a fruta, mas gostaria que o abacaxi fosse estudado para saber o que causou a mudan\u00e7a de formato, se \u00e9 comest\u00edvel e se tem polpa. <\/p>\n<p>&quot;Acho que \u00e9 da natureza mesmo. Tudo quanto \u00e9 tipo de fruta, nasce em formato diferente. Essa saiu desengon\u00e7ada&quot;, explicou. <\/p>\n<p> <a class href=\"https:\/\/bit.ly\/canalg1ES\" target=\"_blank\" rel=\"noopener noreferrer\"><strong>? Clique aqui para seguir o canal do g1 ES no WhatsApp <\/strong><\/a> <\/p>\n<p><h2>Muta\u00e7\u00e3o gen\u00e9tica <\/h2>\n<\/p>\n<p>         3 de 3&#013;Abacaxi em formato diferente colhido no ES pode ter sofrido uma muta\u00e7\u00e3o gen\u00e9tica \u2014 Foto: Arquivo pessoal    <\/p>\n<p> Abacaxi em formato diferente colhido no ES pode ter sofrido uma muta\u00e7\u00e3o gen\u00e9tica \u2014 Foto: Arquivo pessoal <\/p>\n<p> De acordo com o pesquisador do Instituto Capixaba de Pesquisa, Assist\u00eancia T\u00e9cnica e Extens\u00e3o Rural (Incaper) Jos\u00e9 Aires Ventura, o formato diferente do abacaxi trata-se de uma muta\u00e7\u00e3o gen\u00e9tica da fruta. <\/p>\n<p>&quot;Trata-se de uma fascia\u00e7\u00e3o do abacaxi. Essa muta\u00e7\u00e3o \u00e9 influenciada por v\u00e1rios fatores, principalmente a temperatura. Com a temperatura muito alta, causa da prolifera\u00e7\u00e3o de coroas da fruta, que v\u00e3o se abrindo em formato de leque&quot;, disse. <\/p>\n<p> O pesquisador, que \u00e9 fitopatologista especialista no desenvolvimento de abacaxis, disse que n\u00e3o \u00e9 poss\u00edvel identificar a variedade da fruta s\u00f3 pela imagens. <\/p>\n<p> Apesar disso, Aires explicou que variedade de abacaxi predominante no estado \u00e9 o p\u00e9rola, comum em Marata\u00edzes, no Sul do estado. <\/p>\n<p>&quot;O p\u00e9rola \u00e9 mais resistente. Mas aqui no estado tamb\u00e9m temos o Smooth Cayenne, que \u00e9 aquele que era plantado antigamente. Esse \u00e9 mais sens\u00edvel&quot;, disse. <\/p>\n<p> Apesar do formato diferente, o pesquisador disse ainda que n\u00e3o h\u00e1 problema em comer a fruta. <\/p>\n<p>&quot;Ela s\u00f3 vai estar mais fibrosa. O abacaxi normal tem uma coroa s\u00f3. Ao inv\u00e9s de uma, esse tem dezenas e as coroas s\u00e3o todas abertas. Al\u00e9m disso, ela n\u00e3o tem a\u00e7\u00facar. Mas n\u00e3o tem problema comer&quot;, explicou o pesquisador. <\/p>\n<p> O especialista disse ainda que o formato da fruta \u00e9 utilizado para enfeitar mesas de Natal. <\/p>\n<p>&quot;Fica bonito para enfeitar as mesas natalinas. Ocorre com maior frequ\u00eancia nesta \u00e9poca do ano quando a temperatura \u00e9 mais elevada durante a forma\u00e7\u00e3o do fruto&quot;, finalizou. <\/p>\n<p><h2>V\u00eddeos: tudo sobre o Esp\u00edrito Santo<\/h2>\n<\/p>\n<p>   <a href=\"https:\/\/g1.globo.com\/es\/espirito-santo\/edicao\/2021\/01\/29\/videos-tudo-sobre-o-es.ghtml\">    50 v\u00eddeos      <\/a>       <\/p>\n<ul>\n<li><a class href=\"http:\/\/g1.globo.com\/espirito-santo\/ultimas-noticias.html\"><strong>Veja o plant\u00e3o de \u00faltimas not\u00edcias do g1 Esp\u00edrito Santo<\/strong><\/a><\/li>\n<\/ul>\n<ul>\n<li> <a href=\"https:\/\/g1.globo.com\/topico\/espirito-santo\" class=\"entities__list-itemLink\" data-track-click=\"Esp\u00edrito Santo\"> Esp\u00edrito Santo <\/a> <\/li>\n<\/ul>\n<h3> <a id=\"js-next-article-desktop-link\" class=\"next-article-desktop-link\"><\/a> <\/h3>\n<h3> <a id=\"js-next-article-smart-link\" class=\"next-article-smart-link\"><\/a> <\/h3>\n<p>Veja tamb\u00e9m<\/p>\n<\/p>\n<\/p>\n<p>       Anterior   Pr\u00f3ximo     <\/p>\n","protected":false},"excerpt":{"rendered":"<p>&#039;Saiu toda desengon\u00e7ada&#039;, diz produtor que colheu abacaxi em formato diferente no ES; veja V\u00cdDEO Abacaxi foi colhido na comunidade de C\u00f3rrego do Parado, em \u00c1guia Branca, no Noroeste do Esp\u00edrito Santo. Especialista disse que fruta sofreu muta\u00e7\u00e3o gen\u00e9tica. Por Viviann Barcelos, g1 ES 23\/12\/2023 10h45 Atualizado 23\/12\/2023 Abacaxi em formato diferente \u00e9 colhido no [&hellip;]<\/p>\n","protected":false},"author":1,"featured_media":0,"comment_status":"closed","ping_status":"closed","sticky":false,"template":"","format":"standard","meta":{"footnotes":""},"categories":[],"tags":[],"class_list":["post-55529","post","type-post","status-publish","format-standard","hentry"],"_links":{"self":[{"href":"https:\/\/blog.corretoraideal.com.br\/index.php\/wp-json\/wp\/v2\/posts\/55529","targetHints":{"allow":["GET"]}}],"collection":[{"href":"https:\/\/blog.corretoraideal.com.br\/index.php\/wp-json\/wp\/v2\/posts"}],"about":[{"href":"https:\/\/blog.corretoraideal.com.br\/index.php\/wp-json\/wp\/v2\/types\/post"}],"author":[{"embeddable":true,"href":"https:\/\/blog.corretoraideal.com.br\/index.php\/wp-json\/wp\/v2\/users\/1"}],"replies":[{"embeddable":true,"href":"https:\/\/blog.corretoraideal.com.br\/index.php\/wp-json\/wp\/v2\/comments?post=55529"}],"version-history":[{"count":1,"href":"https:\/\/blog.corretoraideal.com.br\/index.php\/wp-json\/wp\/v2\/posts\/55529\/revisions"}],"predecessor-version":[{"id":55532,"href":"https:\/\/blog.corretoraideal.com.br\/index.php\/wp-json\/wp\/v2\/posts\/55529\/revisions\/55532"}],"wp:attachment":[{"href":"https:\/\/blog.corretoraideal.com.br\/index.php\/wp-json\/wp\/v2\/media?parent=55529"}],"wp:term":[{"taxonomy":"category","embeddable":true,"href":"https:\/\/blog.corretoraideal.com.br\/index.php\/wp-json\/wp\/v2\/categories?post=55529"},{"taxonomy":"post_tag","embeddable":true,"href":"https:\/\/blog.corretoraideal.com.br\/index.php\/wp-json\/wp\/v2\/tags?post=55529"}],"curies":[{"name":"wp","href":"https:\/\/api.w.org\/{rel}","templated":true}]}}