{"id":55539,"date":"2023-12-23T21:30:48","date_gmt":"2023-12-23T21:30:48","guid":{"rendered":"https:\/\/blog.corretoraideal.com.br\/?p=55539"},"modified":"2023-12-23T21:30:48","modified_gmt":"2023-12-23T21:30:48","slug":"vacinacao-antirrabica-fumace-e-controle-de-roedores-chegam-a-diversos-bairros-de-macae-norte-fluminense-g1","status":"publish","type":"post","link":"https:\/\/blog.corretoraideal.com.br\/index.php\/2023\/12\/23\/vacinacao-antirrabica-fumace-e-controle-de-roedores-chegam-a-diversos-bairros-de-macae-norte-fluminense-g1\/","title":{"rendered":"Vacina\u00e7\u00e3o antirr\u00e1bica, fumac\u00ea e controle de roedores chegam a diversos bairros de Maca\u00e9 | Norte Fluminense | G1"},"content":{"rendered":"<br \/>\n<h1>Vacina\u00e7\u00e3o antirr\u00e1bica, fumac\u00ea e controle de roedores chegam a diversos bairros de Maca\u00e9<\/h1>\n<h2>Atua\u00e7\u00e3o da Coordenadoria Especial de Vigil\u00e2ncia Ambiental em Sa\u00fade ser\u00e1 em pontos estrat\u00e9gicos entre ter\u00e7a-feira (21) e sexta-feira (24).<\/h2>\n<p> Por g1 &mdash; Maca\u00e9 <\/p>\n<p>  20\/11\/2023 13h29    Atualizado  20\/11\/2023    <\/p>\n<p>                      1 de 1&#013;Vacina\u00e7\u00e3o antirr\u00e1bica para os pets est\u00e1 entre os servi\u00e7os oferecidos ao longo dessa semana em diversos bairros de Maca\u00e9 \u2014 Foto: Ana Chaffin\/Prefeitura de Maca\u00e9    <\/p>\n<p> Vacina\u00e7\u00e3o antirr\u00e1bica para os pets est\u00e1 entre os servi\u00e7os oferecidos ao longo dessa semana em diversos bairros de Maca\u00e9 \u2014 Foto: Ana Chaffin\/Prefeitura de Maca\u00e9 <\/p>\n<p> Servi\u00e7os de vacina\u00e7\u00e3o antirr\u00e1bica para c\u00e3es e gatos, carro fumac\u00ea e a\u00e7\u00e3o contra roedores v\u00e3o chegar a diversos bairros de <a class href=\"https:\/\/g1.globo.com\/rj\/regiao-dos-lagos\/cidade\/macae\/\">Maca\u00e9<\/a>, no Norte Fluminense, entre esta ter\u00e7a (21) e sexta-feira (24). <\/p>\n<p> As a\u00e7\u00f5es s\u00e3o realizadas pela Coordenadoria Especial de Vigil\u00e2ncia Ambiental em Sa\u00fade (Cevas). Neste ano o trabalho j\u00e1 beneficiou 25 bairros e localidades da cidade em 33 edi\u00e7\u00f5es. <\/p>\n<p> Outras informa\u00e7\u00f5es podem ser conferidas no<a class href=\"https:\/\/www.macae.rj.gov.br\/noticias\/leitura\/noticia\/nova-malvinas-recebe-acoes-do-cevas-itinerante\" target=\"_blank\" rel=\"noopener noreferrer\"> site da Prefeitura.<\/a> <\/p>\n<p><h2>Confira a programa\u00e7\u00e3o<\/h2>\n<\/p>\n<p> <strong>Ter\u00e7a-feira (21) <\/strong>&#8211; Bairro Botafogo (Vacina\u00e7\u00e3o antirr\u00e1bica) <\/p>\n<p> <strong>Quarta-feira (22) &#8211; <\/strong>Nova Malvinas <strong>(<\/strong>Visitas domiciliares, vacina\u00e7\u00e3o antirr\u00e1bica itinerante e controle de roedores) <\/p>\n<p> <strong>Quinta-feira (23) e sexta (24) &#8211;<\/strong> Malvinas I, ponto final (Vacina\u00e7\u00e3o antirr\u00e1bica) <\/p>\n<p> <strong>Ter\u00e7a (21) a sexta (24) &#8211; <\/strong>Atua\u00e7\u00e3o em pontos estrat\u00e9gicos no Lagomar, Granja dos Cavaleiros, Imboassica, Centro e Visconde (atendimento a solicita\u00e7\u00e3o de moradores). <\/p>\n<p><h2>Carro Fumac\u00ea (sempre \u00e0s 5h)<\/h2>\n<\/p>\n<ul>\n<li><strong>Imbetiba<\/strong> (ter\u00e7a, dia 21)<\/li>\n<li><strong>Granja dos Cavaleiros<\/strong> (quarta, dia 22)<\/li>\n<li><strong>Lagomar<\/strong> (quinta, dia 23 e sexta, dia 24)<\/li>\n<\/ul>\n<p> A Prefeitura explica que o uso do fumac\u00ea segue crit\u00e9rios t\u00e9cnicos padronizados pelo Minist\u00e9rio da Sa\u00fade em per\u00edodos preestabelecidos e respeitando fatores clim\u00e1ticos. <\/p>\n<p> A a\u00e7\u00e3o \u00e9 inviabilizada em condi\u00e7\u00f5es de chuva ou vento forte, ainda segundo a Prefeitura. <\/p>\n<ul>\n<li> <a href=\"https:\/\/g1.globo.com\/rj\/regiao-dos-lagos\/cidade\/macae\/\" class=\"entities__list-itemLink\" data-track-click=\"Maca\u00e9\"> Maca\u00e9 <\/a> <\/li>\n<\/ul>\n","protected":false},"excerpt":{"rendered":"<p>Vacina\u00e7\u00e3o antirr\u00e1bica, fumac\u00ea e controle de roedores chegam a diversos bairros de Maca\u00e9 Atua\u00e7\u00e3o da Coordenadoria Especial de Vigil\u00e2ncia Ambiental em Sa\u00fade ser\u00e1 em pontos estrat\u00e9gicos entre ter\u00e7a-feira (21) e sexta-feira (24). Por g1 &mdash; Maca\u00e9 20\/11\/2023 13h29 Atualizado 20\/11\/2023 1 de 1&#013;Vacina\u00e7\u00e3o antirr\u00e1bica para os pets est\u00e1 entre os servi\u00e7os oferecidos ao longo dessa [&hellip;]<\/p>\n","protected":false},"author":1,"featured_media":0,"comment_status":"closed","ping_status":"closed","sticky":false,"template":"","format":"standard","meta":{"footnotes":""},"categories":[],"tags":[],"class_list":["post-55539","post","type-post","status-publish","format-standard","hentry"],"_links":{"self":[{"href":"https:\/\/blog.corretoraideal.com.br\/index.php\/wp-json\/wp\/v2\/posts\/55539","targetHints":{"allow":["GET"]}}],"collection":[{"href":"https:\/\/blog.corretoraideal.com.br\/index.php\/wp-json\/wp\/v2\/posts"}],"about":[{"href":"https:\/\/blog.corretoraideal.com.br\/index.php\/wp-json\/wp\/v2\/types\/post"}],"author":[{"embeddable":true,"href":"https:\/\/blog.corretoraideal.com.br\/index.php\/wp-json\/wp\/v2\/users\/1"}],"replies":[{"embeddable":true,"href":"https:\/\/blog.corretoraideal.com.br\/index.php\/wp-json\/wp\/v2\/comments?post=55539"}],"version-history":[{"count":1,"href":"https:\/\/blog.corretoraideal.com.br\/index.php\/wp-json\/wp\/v2\/posts\/55539\/revisions"}],"predecessor-version":[{"id":55541,"href":"https:\/\/blog.corretoraideal.com.br\/index.php\/wp-json\/wp\/v2\/posts\/55539\/revisions\/55541"}],"wp:attachment":[{"href":"https:\/\/blog.corretoraideal.com.br\/index.php\/wp-json\/wp\/v2\/media?parent=55539"}],"wp:term":[{"taxonomy":"category","embeddable":true,"href":"https:\/\/blog.corretoraideal.com.br\/index.php\/wp-json\/wp\/v2\/categories?post=55539"},{"taxonomy":"post_tag","embeddable":true,"href":"https:\/\/blog.corretoraideal.com.br\/index.php\/wp-json\/wp\/v2\/tags?post=55539"}],"curies":[{"name":"wp","href":"https:\/\/api.w.org\/{rel}","templated":true}]}}