{"id":55542,"date":"2023-12-23T23:32:55","date_gmt":"2023-12-23T23:32:55","guid":{"rendered":"https:\/\/blog.corretoraideal.com.br\/?p=55542"},"modified":"2023-12-23T23:32:55","modified_gmt":"2023-12-23T23:32:55","slug":"arroz-com-ou-sem-uva-passa-conheca-a-producao-da-fruta-que-gera-discordia-na-ceia-de-natal-agronegocios-g1","status":"publish","type":"post","link":"https:\/\/blog.corretoraideal.com.br\/index.php\/2023\/12\/23\/arroz-com-ou-sem-uva-passa-conheca-a-producao-da-fruta-que-gera-discordia-na-ceia-de-natal-agronegocios-g1\/","title":{"rendered":"Arroz com ou sem uva-passa? Conhe\u00e7a a produ\u00e7\u00e3o da fruta que gera disc\u00f3rdia na ceia de Natal | Agroneg\u00f3cios | G1"},"content":{"rendered":"<br \/>\n<h1>Arroz com ou sem uva-passa? Conhe\u00e7a a produ\u00e7\u00e3o da fruta que gera disc\u00f3rdia na ceia de Natal<\/h1>\n<h2>Brasil precisa importar o alimento, pois n\u00e3o tem clima ideal para fazer a secagem ao ar livre. Al\u00e9m disso, desidrata\u00e7\u00e3o em fornos gasta muita energia, diz especialista da Embrapa. <\/h2>\n<p> Por g1 <\/p>\n<p>  23\/12\/2023 05h30    Atualizado  23\/12\/2023    <\/p>\n<ul>\n<li>\n<p> Depois de desidratada, a uva perde 33% do seu peso inicial, mas n\u00e3o os seus benef\u00edcios nutricionais. <\/p>\n<\/li>\n<li>\n<p> Brasil importa praticamente tudo o que consome, sendo que 67% v\u00eam da Argentina. <\/p>\n<\/li>\n<li>\n<p> Clima ideal para fazer a secagem da uva \u00e9 o des\u00e9rtico. <\/p>\n<\/li>\n<\/ul>\n<p> Depois de desidratada, a uva perde 33% do seu peso inicial, mas n\u00e3o os seus benef\u00edcios nutricionais. <\/p>\n<p> Brasil importa praticamente tudo o que consome, sendo que 67% v\u00eam da Argentina. <\/p>\n<p> Clima ideal para fazer a secagem da uva \u00e9 o des\u00e9rtico. <\/p>\n<p>         1 de 4&#013;Uva-passa \u2014 Foto: Andreas Haslinger\/Unplash    <\/p>\n<p> Uva-passa \u2014 Foto: Andreas Haslinger\/Unplash <\/p>\n<p> Arroz, panetone, farofa, salpic\u00e3o. No Natal, quase todos os pratos levam a uva-passa, que, por n\u00e3o agradar a todos, costuma gerar disc\u00f3rdia na hora da ceia. <\/p>\n<p> No Brasil, a produ\u00e7\u00e3o dela \u00e9 quase inexistente e, por isso, o<strong> pa\u00eds precisa importar praticamente tudo o que consome<\/strong>. O<strong> clima<\/strong> e os <strong>custos elevados para desidratar a uva<\/strong> dificultam a produ\u00e7\u00e3o por aqui. <\/p>\n<p> &quot;Temos apenas pequenas produ\u00e7\u00f5es feitas por poucas pessoas&quot;, comenta o pesquisador da Empresa Brasileira de Pesquisa Agropecu\u00e1ria (<a class href=\"https:\/\/g1.globo.com\/tudo-sobre\/embrapa\/\">Embrapa<\/a>) Reginaldo Teodoro de Souza. <\/p>\n<ul>\n<li><strong>O clima ideal para fazer a secagem da uva \u00e9 o des\u00e9rtico<\/strong>, que tem um calor muito forte e uma umidade muito baixa. O Nordeste brasileiro \u00e9 seco, mas tem mais umidade que o clima des\u00e9rtico;<\/li>\n<li><strong>A secagem em fornos demanda um alto custo com energia el\u00e9trica.<\/strong><\/li>\n<\/ul>\n<p><h2><strong>Maioria vem da <\/strong><a class href=\"https:\/\/g1.globo.com\/tudo-sobre\/argentina\/\"><strong>Argentina<\/strong><\/a><\/h2>\n<\/p>\n<p> De janeiro a novembro de 2023, o Brasil comprou milh\u00f5es de toneladas de uva-passa, no valor de US$ 48,5 milh\u00f5es, segundo <a class href=\"https:\/\/g1.globo.com\/tudo-sobre\/ministerio-da-agricultura\/\">o Minist\u00e9rio da Agricultu<\/a><a class href=\"https:\/\/g1.globo.com\/tudo-sobre\/ministerio-da-agricultura\/\">ra<\/a>. O \u00f3rg\u00e3o n\u00e3o tem dados da produ\u00e7\u00e3o interna. <\/p>\n<p> Do total importado, 67% veio da <a class href=\"https:\/\/g1.globo.com\/tudo-sobre\/argentina\/\">Argentina<\/a>, o que, segundo a <a class href=\"https:\/\/g1.globo.com\/tudo-sobre\/embrapa\/\">Embrapa<\/a>, se justifica mais pela facilidade de transporte e isen\u00e7\u00f5es de tarifas estabelecidas pelo <a class href=\"https:\/\/g1.globo.com\/tudo-sobre\/mercosul\/\">Mercosul<\/a> (os dois pa\u00edses fazem parte deste bloco). <\/p>\n<p> O pa\u00eds vizinho \u00e9 o 10\u00ba principal produtor mundial de uva-passa, atr\u00e1s de <a class href=\"https:\/\/g1.globo.com\/tudo-sobre\/turquia\/\">Turquia<\/a>, Estados Unidos, Ir\u00e3, Gr\u00e9cia, Chile, \u00c1frica do Sul, Uzbequist\u00e3o, Afeganist\u00e3o e Austr\u00e1lia. <\/p>\n<p><h2>Colher no ponto certo<\/h2>\n<\/p>\n<p>         2 de 4&#013;Uvas precisam ser colhidas maduras para que a uva-passa tenha qualidade. \u2014 Foto: TV TEM    <\/p>\n<p> Uvas precisam ser colhidas maduras para que a uva-passa tenha qualidade. \u2014 Foto: TV TEM <\/p>\n<p> Um dos segredos para que a uva-passa chegue com qualidade \u00e0 mesa do consumidor \u00e9 o seu ponto de colheita. <\/p>\n<p>&quot;Voc\u00ea precisar colher a uva madura, como se voc\u00ea fosse consumi-la para a mesa. Isso garante a qualidade, a do\u00e7ura, o sabor. Se voc\u00ea colher antes, por exemplo, ela fica \u00e1cida&quot;, afirma Souza.<\/p>\n<p> Ele explica que a uva-passa tem as mesmas propriedades e benef\u00edcios nutricionais que os de uma uva fresca. &quot;A \u00fanica diferen\u00e7a \u00e9 que ela \u00e9 desidratada, perde \u00e1gua&quot;, explica. Ap\u00f3s a secagem, a uva-passa fica apenas com 33% do seu peso inicial, detalha o pesquisador. <\/p>\n<p><h2>Como as uvas s\u00e3o secas<\/h2>\n<\/p>\n<p> H\u00e1, basicamente, duas maneiras de secar as uvas. Uma delas \u00e9 deix\u00e1-las expostas ao sol, assim como acontece com a secagem do caf\u00e9 em terreiro. A outra op\u00e7\u00e3o \u00e9 a secagem em fornos. <\/p>\n<p> Segundo Souza, da <a class href=\"https:\/\/g1.globo.com\/tudo-sobre\/embrapa\/\">Embrapa<\/a>, o Brasil possui desvantagens para produzir em larga escala por meio dessas duas formas, na compara\u00e7\u00e3o com os principais pa\u00edses produtores. <\/p>\n<p>         3 de 4&#013;Secagem das uvas em uma propriedade no Vale do Aconc\u00e1gua, no Chile. \u2014 Foto: Reprodu\u00e7\u00e3o\/Globo Rural    <\/p>\n<p> Secagem das uvas em uma propriedade no Vale do Aconc\u00e1gua, no Chile. \u2014 Foto: Reprodu\u00e7\u00e3o\/Globo Rural <\/p>\n<p> Quanto \u00e0 secagem natural, ele afirma que a condi\u00e7\u00e3o clim\u00e1tica ideal \u00e9 a des\u00e9rtica, que tem uma temperatura bastante alta e umidade muito baixa, o que garante uma boa e r\u00e1pida secagem das uvas. \u00c9 esse clima, inclusive, que faz a <a class href=\"https:\/\/g1.globo.com\/tudo-sobre\/turquia\/\">Turquia<\/a> ser um dos maiores produtores do mundo. <\/p>\n<p> &quot;Embora exista um clima seco no Nordeste do Brasil, n\u00e3o \u00e9 des\u00e9rtico. Aqui temos mais umidade&quot;, afirma. <\/p>\n<p>Para fazer a secagem, as uvas s\u00e3o colocadas em esteiras ou em plataformas e \u00e9 preciso revir\u00e1-las de tempos em tempos para que elas sequem por todos os lados. <\/p>\n<p><h2>Secagem em fornos<\/h2>\n<\/p>\n<p> Outra alternativa \u00e9 a secagem das uvas em fornos, por\u00e9m o elevado custo de energia el\u00e9trica no Brasil torna essa op\u00e7\u00e3o praticamente invi\u00e1vel, por enquanto, na avalia\u00e7\u00e3o de Souza. <\/p>\n<p> &quot;O que acontece \u00e9 que a uva-passa importada chega bem mais barata aqui. Se a gente for colocar o custo com a secagem no pre\u00e7o [da uva-passa], ela fica muito mais cara do que comprar de fora. A <a class href=\"https:\/\/g1.globo.com\/tudo-sobre\/turquia\/\">Turquia<\/a>, por exemplo, consegue produzir em grande quantidade e com custo baixo &quot;, diz o pesquisador. <\/p>\n<p>         4 de 4&#013;Fornos utilizados para a secagem das uvas. \u2014 Foto: Reprodu\u00e7\u00e3o\/Embrapa    <\/p>\n<p> Fornos utilizados para a secagem das uvas. \u2014 Foto: Reprodu\u00e7\u00e3o\/Embrapa <\/p>\n<p> Uma das vantagens \u00e9 que, nesse modelo, as uvas n\u00e3o escurecem, como as que s\u00e3o expostas ao sol. <\/p>\n<p> Antes de entrar nos equipamentos, as uvas s\u00e3o lavadas e recebem um produto que retira a oleosidade da casca. O objetivo \u00e9 fazer com que a fruta desidrate mais r\u00e1pido. Depois disso, as uvas s\u00e3o colocadas em bandejas e seguem para os fornos. <\/p>\n<p> Em algumas f\u00e1bricas, as frutas recebem, antes de irem para as m\u00e1quinas, uma subst\u00e2ncia chamada anidrido sulfuroso para que a cor seja fixada. Durante o aquecimento, o qu\u00edmico evapora. <\/p>\n<p> O processo de secagem no forno leva cerca de 90 dias. Ap\u00f3s esse processo, tanto as uvas-passas secadas ao sol, quanto as desidratadas nos fornos, s\u00e3o lavadas, centrifugadas e selecionadas. <\/p>\n<p><h2>VEJA TAMB\u00c9M:<\/h2>\n<\/p>\n<ul>\n<li><a class href=\"https:\/\/g1.globo.com\/economia\/agronegocios\/agro-de-gente-pra-gente\/noticia\/2023\/12\/06\/cervejas-doces-e-simbolo-da-imortalidade-pessego-tem-varias-funcoes-e-mais-de-20-especies-veja-outras-curiosidades.ghtml\">P\u00eassego vira cosm\u00e9ticos e at\u00e9 cerveja<\/a><\/li>\n<li><a class href=\"https:\/\/g1.globo.com\/economia\/agronegocios\/agro-de-gente-pra-gente\/noticia\/2023\/11\/23\/musa-do-sertao-manga-usa-protetor-solar-e-e-fruta-mais-exportada-do-brasil.ghtml\">O que \u00e9 o p\u00f3 branco usado no plantio da manga (spoiler: n\u00e3o \u00e9 agrot\u00f3xico); veja v\u00eddeo<\/a><\/li>\n<li><a class href=\"https:\/\/g1.globo.com\/economia\/agronegocios\/agro-de-gente-pra-gente\/noticia\/2023\/10\/31\/estrela-do-halloween-abobora-nao-e-exclusiva-dos-eua-e-celebracao-nao-foi-criada-pelos-norte-americanos.ghtml\">Estrela do Halloween, ab\u00f3bora n\u00e3o \u00e9 exclusiva dos EUA e celebra\u00e7\u00e3o n\u00e3o foi criada pelos norte-americanos<\/a><\/li>\n<\/ul>\n<p>                   <img loading=\"lazy\" decoding=\"async\" class=\"aligncenter size-full wp-image-55544\" src=\"https:\/\/blog.corretoraideal.com.br\/wp-content\/uploads\/2023\/12\/de-onde-vem-o-pessego.jpeg\" alt=\"De onde vem o P\u00eassego\" width=\"800\" height=\"400\" \/>       <\/p>\n<p> De onde vem o P\u00eassego <\/p>\n<p>                    <img loading=\"lazy\" decoding=\"async\" class=\"aligncenter size-full wp-image-55545\" src=\"https:\/\/blog.corretoraideal.com.br\/wp-content\/uploads\/2023\/12\/de-onde-vem-a-manga-1.jpeg\" alt=\"De onde vem a manga\" width=\"800\" height=\"400\" \/>       <\/p>\n<p> De onde vem a manga <\/p>\n<p>                    <img loading=\"lazy\" decoding=\"async\" class=\"aligncenter size-full wp-image-55546\" src=\"https:\/\/blog.corretoraideal.com.br\/wp-content\/uploads\/2023\/12\/dia-do-sorvete-o-brasil-consome-muito-sorvete-e-qual-a-diferenca-para-gelato-e-sorbet.jpeg\" alt=\"Dia do Sorvete: o Brasil consome muito sorvete? E qual a diferen\u00e7a para gelato e sorbet?\" width=\"800\" height=\"400\" \/>       <\/p>\n<p> Dia do Sorvete: o Brasil consome muito sorvete? E qual a diferen\u00e7a para gelato e sorbet? <\/p>\n<ul>\n<li> <a href=\"https:\/\/g1.globo.com\/tudo-sobre\/argentina\/\" class=\"entities__list-itemLink\" data-track-click=\"Argentina\"> Argentina <\/a> <\/li>\n<li> <a href=\"https:\/\/g1.globo.com\/tudo-sobre\/embrapa\/\" class=\"entities__list-itemLink\" data-track-click=\"Embrapa\"> Embrapa <\/a> <\/li>\n<li> <a href=\"https:\/\/g1.globo.com\/tudo-sobre\/mercosul\/\" class=\"entities__list-itemLink\" data-track-click=\"Mercosul\"> Mercosul <\/a> <\/li>\n<li> <a href=\"https:\/\/g1.globo.com\/tudo-sobre\/ministerio-da-agricultura\/\" class=\"entities__list-itemLink\" data-track-click=\"Minist\u00e9rio da Agricultura\"> Minist\u00e9rio da Agricultura <\/a> <\/li>\n<li> <a href=\"https:\/\/g1.globo.com\/tudo-sobre\/turquia\/\" class=\"entities__list-itemLink\" data-track-click=\"Turquia\"> Turquia <\/a> <\/li>\n<\/ul>\n<h3> <a id=\"js-next-article-desktop-link\" class=\"next-article-desktop-link\"><\/a> <\/h3>\n<h3> <a id=\"js-next-article-smart-link\" class=\"next-article-smart-link\"><\/a> <\/h3>\n<p>Veja tamb\u00e9m<\/p>\n<\/p>\n<\/p>\n<p>       Anterior   Pr\u00f3ximo     <\/p>\n","protected":false},"excerpt":{"rendered":"<p>Arroz com ou sem uva-passa? Conhe\u00e7a a produ\u00e7\u00e3o da fruta que gera disc\u00f3rdia na ceia de Natal Brasil precisa importar o alimento, pois n\u00e3o tem clima ideal para fazer a secagem ao ar livre. Al\u00e9m disso, desidrata\u00e7\u00e3o em fornos gasta muita energia, diz especialista da Embrapa. Por g1 23\/12\/2023 05h30 Atualizado 23\/12\/2023 Depois de desidratada, [&hellip;]<\/p>\n","protected":false},"author":1,"featured_media":0,"comment_status":"closed","ping_status":"closed","sticky":false,"template":"","format":"standard","meta":{"footnotes":""},"categories":[],"tags":[],"class_list":["post-55542","post","type-post","status-publish","format-standard","hentry"],"_links":{"self":[{"href":"https:\/\/blog.corretoraideal.com.br\/index.php\/wp-json\/wp\/v2\/posts\/55542","targetHints":{"allow":["GET"]}}],"collection":[{"href":"https:\/\/blog.corretoraideal.com.br\/index.php\/wp-json\/wp\/v2\/posts"}],"about":[{"href":"https:\/\/blog.corretoraideal.com.br\/index.php\/wp-json\/wp\/v2\/types\/post"}],"author":[{"embeddable":true,"href":"https:\/\/blog.corretoraideal.com.br\/index.php\/wp-json\/wp\/v2\/users\/1"}],"replies":[{"embeddable":true,"href":"https:\/\/blog.corretoraideal.com.br\/index.php\/wp-json\/wp\/v2\/comments?post=55542"}],"version-history":[{"count":1,"href":"https:\/\/blog.corretoraideal.com.br\/index.php\/wp-json\/wp\/v2\/posts\/55542\/revisions"}],"predecessor-version":[{"id":55547,"href":"https:\/\/blog.corretoraideal.com.br\/index.php\/wp-json\/wp\/v2\/posts\/55542\/revisions\/55547"}],"wp:attachment":[{"href":"https:\/\/blog.corretoraideal.com.br\/index.php\/wp-json\/wp\/v2\/media?parent=55542"}],"wp:term":[{"taxonomy":"category","embeddable":true,"href":"https:\/\/blog.corretoraideal.com.br\/index.php\/wp-json\/wp\/v2\/categories?post=55542"},{"taxonomy":"post_tag","embeddable":true,"href":"https:\/\/blog.corretoraideal.com.br\/index.php\/wp-json\/wp\/v2\/tags?post=55542"}],"curies":[{"name":"wp","href":"https:\/\/api.w.org\/{rel}","templated":true}]}}