{"id":55557,"date":"2023-12-24T04:29:52","date_gmt":"2023-12-24T04:29:52","guid":{"rendered":"https:\/\/blog.corretoraideal.com.br\/?p=55557"},"modified":"2023-12-24T04:29:52","modified_gmt":"2023-12-24T04:29:52","slug":"em-sao-paulo-producao-de-laranjas-e-o-puro-suco-da-sustentabilidade-volkswagen-g1","status":"publish","type":"post","link":"https:\/\/blog.corretoraideal.com.br\/index.php\/2023\/12\/24\/em-sao-paulo-producao-de-laranjas-e-o-puro-suco-da-sustentabilidade-volkswagen-g1\/","title":{"rendered":"Em S\u00e3o Paulo, produ\u00e7\u00e3o de laranjas \u00e9 o puro suco da sustentabilidade | Volkswagen | G1"},"content":{"rendered":"<br \/>\n<h1>Em S\u00e3o Paulo, produ\u00e7\u00e3o de laranjas \u00e9 o puro suco da sustentabilidade<\/h1>\n<h2>Estado \u00e9 o maior produtor da fruta no Brasil e planta\u00e7\u00f5es como a de Filipe Cunha se adaptam \u00e0s melhores pr\u00e1ticas. Assista!<\/h2>\n<p>       <a href=\"https:\/\/www.vw.com.br\/pt.html\" target=\"_blank\" rel=\"noopener noreferrer\">    <\/a>   <\/p>\n<p> Por Volkswagen <\/p>\n<p>  22\/12\/2023 20h00    Atualizado  22\/12\/2023    <\/p>\n<p>                                   <img loading=\"lazy\" decoding=\"async\" class=\"aligncenter size-full wp-image-55559\" src=\"https:\/\/blog.corretoraideal.com.br\/wp-content\/uploads\/2023\/12\/imagem24-12-2023-04-12-49.jpeg\" alt=\"imagem24-12-2023-04-12-49\" width=\"800\" height=\"400\" \/>       <\/p>\n<p> Representante da terceira gera\u00e7\u00e3o de agricultores da fam\u00edlia, Filipe Cunha est\u00e1 \u00e0 frente do comando dos pomares onde crescem laranjas cultivadas de forma sustent\u00e1vel. <\/p>\n<p> \u00c9 no munic\u00edpio de Brotas, no interior do estado brasileiro l\u00edder na produ\u00e7\u00e3o da fruta, que os p\u00e9s carregados de vitamina C tomam conta da paisagem. O Brasil \u00e9 o maior produtor global de laranja e de suco de laranja, e \u00e9 daqui que a bebida sai para quase todos os pa\u00edses do mundo. <\/p>\n<p> Filipe faz parte dessa corrente que leva sa\u00fade aos copos e, tamb\u00e9m, \u00e0s planta\u00e7\u00f5es. O agricultor reconhece que a excel\u00eancia hoje s\u00f3 \u00e9 alcan\u00e7ada se a sustentabilidade for um dos pilares da produ\u00e7\u00e3o, por isso cuida do pomar com produtos que n\u00e3o agridem o meio ambiente. <\/p>\n<p> \u00c9 puro suco de sustentabilidade com sabor de laranja! <\/p>\n<p>   <a href=\"https:\/\/www.vw.com.br\/pt.html\" target=\"_blank\" rel=\"noopener noreferrer\"> <img loading=\"lazy\" decoding=\"async\" class=\"aligncenter size-full wp-image-55560\" src=\"https:\/\/blog.corretoraideal.com.br\/wp-content\/uploads\/2023\/12\/volkswagen-1.png\" alt=\"Volkswagen\" width=\"800\" height=\"400\" \/> <\/a>  conte\u00fado de responsabilidade do anunciante    <\/p>\n<ul> <\/ul>\n<h3> <a id=\"js-next-article-desktop-link\" class=\"next-article-desktop-link\"><\/a> <\/h3>\n<h3> <a id=\"js-next-article-smart-link\" class=\"next-article-smart-link\"><\/a> <\/h3>\n","protected":false},"excerpt":{"rendered":"<p>Em S\u00e3o Paulo, produ\u00e7\u00e3o de laranjas \u00e9 o puro suco da sustentabilidade Estado \u00e9 o maior produtor da fruta no Brasil e planta\u00e7\u00f5es como a de Filipe Cunha se adaptam \u00e0s melhores pr\u00e1ticas. Assista! Por Volkswagen 22\/12\/2023 20h00 Atualizado 22\/12\/2023 Representante da terceira gera\u00e7\u00e3o de agricultores da fam\u00edlia, Filipe Cunha est\u00e1 \u00e0 frente do comando [&hellip;]<\/p>\n","protected":false},"author":1,"featured_media":0,"comment_status":"closed","ping_status":"closed","sticky":false,"template":"","format":"standard","meta":{"footnotes":""},"categories":[],"tags":[],"class_list":["post-55557","post","type-post","status-publish","format-standard","hentry"],"_links":{"self":[{"href":"https:\/\/blog.corretoraideal.com.br\/index.php\/wp-json\/wp\/v2\/posts\/55557","targetHints":{"allow":["GET"]}}],"collection":[{"href":"https:\/\/blog.corretoraideal.com.br\/index.php\/wp-json\/wp\/v2\/posts"}],"about":[{"href":"https:\/\/blog.corretoraideal.com.br\/index.php\/wp-json\/wp\/v2\/types\/post"}],"author":[{"embeddable":true,"href":"https:\/\/blog.corretoraideal.com.br\/index.php\/wp-json\/wp\/v2\/users\/1"}],"replies":[{"embeddable":true,"href":"https:\/\/blog.corretoraideal.com.br\/index.php\/wp-json\/wp\/v2\/comments?post=55557"}],"version-history":[{"count":1,"href":"https:\/\/blog.corretoraideal.com.br\/index.php\/wp-json\/wp\/v2\/posts\/55557\/revisions"}],"predecessor-version":[{"id":55561,"href":"https:\/\/blog.corretoraideal.com.br\/index.php\/wp-json\/wp\/v2\/posts\/55557\/revisions\/55561"}],"wp:attachment":[{"href":"https:\/\/blog.corretoraideal.com.br\/index.php\/wp-json\/wp\/v2\/media?parent=55557"}],"wp:term":[{"taxonomy":"category","embeddable":true,"href":"https:\/\/blog.corretoraideal.com.br\/index.php\/wp-json\/wp\/v2\/categories?post=55557"},{"taxonomy":"post_tag","embeddable":true,"href":"https:\/\/blog.corretoraideal.com.br\/index.php\/wp-json\/wp\/v2\/tags?post=55557"}],"curies":[{"name":"wp","href":"https:\/\/api.w.org\/{rel}","templated":true}]}}