{"id":55567,"date":"2023-12-24T07:29:50","date_gmt":"2023-12-24T07:29:50","guid":{"rendered":"https:\/\/blog.corretoraideal.com.br\/?p=55567"},"modified":"2023-12-24T07:29:50","modified_gmt":"2023-12-24T07:29:50","slug":"sem-luz-aeroporto-de-macae-esta-fechado-ventania-na-cidade-causou-estragos-norte-fluminense-g1","status":"publish","type":"post","link":"https:\/\/blog.corretoraideal.com.br\/index.php\/2023\/12\/24\/sem-luz-aeroporto-de-macae-esta-fechado-ventania-na-cidade-causou-estragos-norte-fluminense-g1\/","title":{"rendered":"Sem luz, aeroporto de Maca\u00e9 est\u00e1 fechado; ventania na cidade causou estragos | Norte Fluminense | G1"},"content":{"rendered":"<br \/>\n<h1>Sem luz, aeroporto de Maca\u00e9 est\u00e1 fechado; ventania na cidade causou estragos<\/h1>\n<h2>Rajadas de vento chegaram aos 75 km\/h na noite de s\u00e1bado (17) em Maca\u00e9. Uma estrutura do teto do aeroporto foi parar na rodovia e atingiu a rede el\u00e9trica.<\/h2>\n<p> Por Andreia Freitas, g1 &mdash; Maca\u00e9 <\/p>\n<p>  19\/11\/2023 19h56    Atualizado  19\/11\/2023    <\/p>\n<p>                   1 de 2&#013;Nenhum hangar de helic\u00f3ptero foi atingido. \u2014 Foto: Andreia Freitas\/Inter TV    <\/p>\n<p> Nenhum hangar de helic\u00f3ptero foi atingido. \u2014 Foto: Andreia Freitas\/Inter TV <\/p>\n<p> Em Maca\u00e9, no Norte do estado do Rio, a for\u00e7a da ventania da noite deste s\u00e1bado (17) arrancou parte da estrutura do teto do aeroporto e deixou o local sem luz. As rajadas de ventos tamb\u00e9m causaram transtornos em diversos bairros da cidade, deixando moradores sem energia el\u00e9trica e afetando sinais de operadora de telefonia. <\/p>\n<p> As rajadas de vento chegaram aos 75 km\/h. A estrutura do aeroporto foi parar na rodovia e atingiu a rede el\u00e9trica. As telhas tamb\u00e9m se\u00a0 espalharam pelo estacionamento. Nenhum hangar de helic\u00f3ptero foi atingido. N\u00e3o houve registro de feridos, segundo a empresa que administra o aeroporto. <\/p>\n<p> Por causa do temporal, os passageiros foram orientados a remarcar o embarque para as plataformas. <\/p>\n<p> O abastecimento de energia na delegacia foi interrompido e todas ocorr\u00eancias foram transferidas para a delegacia de Rio das Ostras. Os sem\u00e1foros em diversos locais tambem foram afetados, exigindo a aten\u00e7\u00e3o dos motoristas. <\/p>\n<p>         2 de 2&#013;Nenhum hangar de helic\u00f3ptero foi atingido. \u2014 Foto: Andreia Freitas\/Inter TV    <\/p>\n<p> Nenhum hangar de helic\u00f3ptero foi atingido. \u2014 Foto: Andreia Freitas\/Inter TV <\/p>\n<ul> <\/ul>\n<h3> <a id=\"js-next-article-desktop-link\" class=\"next-article-desktop-link\"><\/a> <\/h3>\n<h3> <a id=\"js-next-article-smart-link\" class=\"next-article-smart-link\"><\/a> <\/h3>\n<p>Veja tamb\u00e9m<\/p>\n<\/p>\n<\/p>\n<p>       Anterior   Pr\u00f3ximo     <\/p>\n","protected":false},"excerpt":{"rendered":"<p>Sem luz, aeroporto de Maca\u00e9 est\u00e1 fechado; ventania na cidade causou estragos Rajadas de vento chegaram aos 75 km\/h na noite de s\u00e1bado (17) em Maca\u00e9. Uma estrutura do teto do aeroporto foi parar na rodovia e atingiu a rede el\u00e9trica. Por Andreia Freitas, g1 &mdash; Maca\u00e9 19\/11\/2023 19h56 Atualizado 19\/11\/2023 1 de 2&#013;Nenhum hangar [&hellip;]<\/p>\n","protected":false},"author":1,"featured_media":0,"comment_status":"closed","ping_status":"closed","sticky":false,"template":"","format":"standard","meta":{"footnotes":""},"categories":[],"tags":[],"class_list":["post-55567","post","type-post","status-publish","format-standard","hentry"],"_links":{"self":[{"href":"https:\/\/blog.corretoraideal.com.br\/index.php\/wp-json\/wp\/v2\/posts\/55567","targetHints":{"allow":["GET"]}}],"collection":[{"href":"https:\/\/blog.corretoraideal.com.br\/index.php\/wp-json\/wp\/v2\/posts"}],"about":[{"href":"https:\/\/blog.corretoraideal.com.br\/index.php\/wp-json\/wp\/v2\/types\/post"}],"author":[{"embeddable":true,"href":"https:\/\/blog.corretoraideal.com.br\/index.php\/wp-json\/wp\/v2\/users\/1"}],"replies":[{"embeddable":true,"href":"https:\/\/blog.corretoraideal.com.br\/index.php\/wp-json\/wp\/v2\/comments?post=55567"}],"version-history":[{"count":1,"href":"https:\/\/blog.corretoraideal.com.br\/index.php\/wp-json\/wp\/v2\/posts\/55567\/revisions"}],"predecessor-version":[{"id":55569,"href":"https:\/\/blog.corretoraideal.com.br\/index.php\/wp-json\/wp\/v2\/posts\/55567\/revisions\/55569"}],"wp:attachment":[{"href":"https:\/\/blog.corretoraideal.com.br\/index.php\/wp-json\/wp\/v2\/media?parent=55567"}],"wp:term":[{"taxonomy":"category","embeddable":true,"href":"https:\/\/blog.corretoraideal.com.br\/index.php\/wp-json\/wp\/v2\/categories?post=55567"},{"taxonomy":"post_tag","embeddable":true,"href":"https:\/\/blog.corretoraideal.com.br\/index.php\/wp-json\/wp\/v2\/tags?post=55567"}],"curies":[{"name":"wp","href":"https:\/\/api.w.org\/{rel}","templated":true}]}}