{"id":55579,"date":"2023-12-24T12:30:11","date_gmt":"2023-12-24T12:30:11","guid":{"rendered":"https:\/\/blog.corretoraideal.com.br\/?p=55579"},"modified":"2023-12-24T12:30:11","modified_gmt":"2023-12-24T12:30:11","slug":"cresce-numero-de-furtos-de-bicicletas-no-estado-do-rio-norte-fluminense-g1","status":"publish","type":"post","link":"https:\/\/blog.corretoraideal.com.br\/index.php\/2023\/12\/24\/cresce-numero-de-furtos-de-bicicletas-no-estado-do-rio-norte-fluminense-g1\/","title":{"rendered":"Cresce n\u00famero de furtos de bicicletas no estado do Rio | Norte Fluminense | G1"},"content":{"rendered":"<br \/>\n<h1>Cresce n\u00famero de furtos de bicicletas no estado do Rio<\/h1>\n<h2>De acordo com o Instituto de Seguran\u00e7a P\u00fablica (ISP), o maior crescimento foi no Norte Fluminense. Levantamento compara janeiro a setembro deste ano com o mesmo per\u00edodo do ano passado.<\/h2>\n<p> Por Rhyann Souza, g1 &mdash; Campos dos Goytacazes <\/p>\n<p>  19\/11\/2023 15h09    Atualizado  19\/11\/2023    <\/p>\n<p> Os n\u00fameros de furtos de bicicletas crescerem no estado do Rio de Janeiro. De acordo com Instituto de Seguran\u00e7a P\u00fablica (ISP), o maior crescimento foi no Norte Fluminense. Os dados s\u00e3o referentes de janeiro a setembro de 2023, comparado ao mesmo per\u00edodo do ano passado. <\/p>\n<p> <strong>DADOS DA REGI\u00c3O NORTE FLUMINENSE:<\/strong> <\/p>\n<p> DE JANEIRO A SETEMBRO DE 2023: 287 <\/p>\n<p> DE JANEIRO A SETEMBRO DE 2022: 189 <\/p>\n<p> AUMENTO DE: 98 OU 51,9% <\/p>\n<p> <strong>DADOS DA BAIXADA LITOR\u00c2NEA:\u00a0<\/strong> <\/p>\n<p> DE JANEIRO A SETEMBRO DE 2023: 154 <\/p>\n<p> DE JANEIRO A SETEMBRO DE 2022: 100 <\/p>\n<p> AUMENTO DE: 54 OU 54% <\/p>\n<p> <strong>DADOS DA REGI\u00c3O METROPOLITANA:<\/strong> <\/p>\n<p> DE JANEIRO A SETEMBRO DE 2023: 1.943 <\/p>\n<p> DE JANEIRO A SETEMBRO DE 2022: 1.921 <\/p>\n<p> AUMENTO DE: 22 OU 1,1% <\/p>\n<p> <strong>DADOS DA REGI\u00c3O SERRANA:<\/strong> <\/p>\n<p> DE JANEIRO A SETEMBRO DE 2023: 23 <\/p>\n<p> DE JANEIRO A SETEMBRO DE 2022: 18 <\/p>\n<p> AUMENTO DE: 5 OU 27,8%\u00a0 <\/p>\n<p> <strong>DADOS DA COSTA VERDE:<\/strong> <\/p>\n<p> DE JANEIRO A SETEMBRO DE 2023: 13 <\/p>\n<p> DE JANEIRO A SETEMBRO DE 2022: 10 <\/p>\n<p> AUMENTO DE: 3 OU 30,0% <\/p>\n<p> <strong>DADOS DO CENTRO SUL FLUMINENSE:<\/strong> <\/p>\n<p> DE JANEIRO A SETEMBRO DE 2023: 23 <\/p>\n<p> DE JANEIRO A SETEMBRO DE 2022: 21 <\/p>\n<p> AUMENTO DE: 2 OU 9,5% <\/p>\n<p> <strong>DADOS DO NOROESTE FLUMINENSE:<\/strong> <\/p>\n<p> DE JANEIRO A SETEMBRO DE 2023: 71 <\/p>\n<p> DE JANEIRO A SETEMBRO DE 2022: 73 <\/p>\n<p> DIMINUI\u00c7\u00c3O DE: 2 OU 2,7% <\/p>\n<p> <strong>DADOS DO M\u00c9DIO PARAIBA:\u00a0<\/strong> <\/p>\n<p> DE JANEIRO A SETEMBRO DE 2023: 54 <\/p>\n<p> DE JANEIRO A SETEMBRO DE 2022: 60 <\/p>\n<p> DIMINUI\u00c7\u00c3O DE: 6 OU 10% <\/p>\n<p> O G1 perguntou a Pol\u00edcia Militar sobre as a\u00e7\u00f5es que est\u00e3o sendo feitas pra diminuir os furtos de bicicletas.\u00a0 <\/p>\n<p> Confira a nota da PM: <\/p>\n<p> A Assessoria de Imprensa da Secretaria de Estado de Pol\u00edcia Militar informa que, neste ano, o 8\u00b0 BPM (Campos dos Goytacazes) j\u00e1 prendeu mais de 1700 criminosos. <\/p>\n<p> O comando da unidade emprega policiamento na regi\u00e3o com equipes em viaturas, em motopatrulhas e com policiais em refor\u00e7o atrav\u00e9s do Regime Adicional de Servi\u00e7o (RAS), principalmente na atua\u00e7\u00e3o de a\u00e7\u00f5es em situa\u00e7\u00f5es de flagrante, como estes casos. <\/p>\n<p> Os policiais realizam abordagens sistematicamente e cumprem roteiros ostensivos e de baseamento definidos estrategicamente. <\/p>\n<p> Vale ressaltar que os registros das a\u00e7\u00f5es em delegacias s\u00e3o fundamentais para a efetividade da estrat\u00e9gia de seguran\u00e7a p\u00fablica no munic\u00edpio. <\/p>\n<ul> <\/ul>\n","protected":false},"excerpt":{"rendered":"<p>Cresce n\u00famero de furtos de bicicletas no estado do Rio De acordo com o Instituto de Seguran\u00e7a P\u00fablica (ISP), o maior crescimento foi no Norte Fluminense. Levantamento compara janeiro a setembro deste ano com o mesmo per\u00edodo do ano passado. Por Rhyann Souza, g1 &mdash; Campos dos Goytacazes 19\/11\/2023 15h09 Atualizado 19\/11\/2023 Os n\u00fameros de [&hellip;]<\/p>\n","protected":false},"author":1,"featured_media":0,"comment_status":"closed","ping_status":"closed","sticky":false,"template":"","format":"standard","meta":{"footnotes":""},"categories":[],"tags":[],"class_list":["post-55579","post","type-post","status-publish","format-standard","hentry"],"_links":{"self":[{"href":"https:\/\/blog.corretoraideal.com.br\/index.php\/wp-json\/wp\/v2\/posts\/55579","targetHints":{"allow":["GET"]}}],"collection":[{"href":"https:\/\/blog.corretoraideal.com.br\/index.php\/wp-json\/wp\/v2\/posts"}],"about":[{"href":"https:\/\/blog.corretoraideal.com.br\/index.php\/wp-json\/wp\/v2\/types\/post"}],"author":[{"embeddable":true,"href":"https:\/\/blog.corretoraideal.com.br\/index.php\/wp-json\/wp\/v2\/users\/1"}],"replies":[{"embeddable":true,"href":"https:\/\/blog.corretoraideal.com.br\/index.php\/wp-json\/wp\/v2\/comments?post=55579"}],"version-history":[{"count":1,"href":"https:\/\/blog.corretoraideal.com.br\/index.php\/wp-json\/wp\/v2\/posts\/55579\/revisions"}],"predecessor-version":[{"id":55581,"href":"https:\/\/blog.corretoraideal.com.br\/index.php\/wp-json\/wp\/v2\/posts\/55579\/revisions\/55581"}],"wp:attachment":[{"href":"https:\/\/blog.corretoraideal.com.br\/index.php\/wp-json\/wp\/v2\/media?parent=55579"}],"wp:term":[{"taxonomy":"category","embeddable":true,"href":"https:\/\/blog.corretoraideal.com.br\/index.php\/wp-json\/wp\/v2\/categories?post=55579"},{"taxonomy":"post_tag","embeddable":true,"href":"https:\/\/blog.corretoraideal.com.br\/index.php\/wp-json\/wp\/v2\/tags?post=55579"}],"curies":[{"name":"wp","href":"https:\/\/api.w.org\/{rel}","templated":true}]}}