{"id":55582,"date":"2023-12-24T14:29:54","date_gmt":"2023-12-24T14:29:54","guid":{"rendered":"https:\/\/blog.corretoraideal.com.br\/?p=55582"},"modified":"2023-12-24T14:29:54","modified_gmt":"2023-12-24T14:29:54","slug":"ana-maria-braga-abre-as-portas-de-sua-fazenda-ao-globo-rural-e-se-emociona-ao-lembrar-tom-veiga-o-louro-jose-globo-rural-g1","status":"publish","type":"post","link":"https:\/\/blog.corretoraideal.com.br\/index.php\/2023\/12\/24\/ana-maria-braga-abre-as-portas-de-sua-fazenda-ao-globo-rural-e-se-emociona-ao-lembrar-tom-veiga-o-louro-jose-globo-rural-g1\/","title":{"rendered":"Ana Maria Braga abre as portas de sua fazenda ao Globo Rural e se emociona ao lembrar Tom Veiga, o Louro Jos\u00e9 | Globo Rural | G1"},"content":{"rendered":"<br \/>\n<h1>Ana Maria Braga abre as portas de sua fazenda ao Globo Rural e se emociona ao lembrar Tom Veiga, o Louro Jos\u00e9<\/h1>\n<h2>Apresentadora revela nova empreitada com o cultivo de caf\u00e9 org\u00e2nico. Propriedade com 376 hectares no interior de S\u00e3o Paulo tem ainda plantios de eucalipto e diversas frutas e hortali\u00e7as, al\u00e9m da cria\u00e7\u00e3o de gado de corte e de leite.<\/h2>\n<p> Por Globo Rural <\/p>\n<p>  24\/12\/2023 09h32    Atualizado  24\/12\/2023    <\/p>\n<p>                                <img loading=\"lazy\" decoding=\"async\" class=\"aligncenter size-full wp-image-55584\" src=\"https:\/\/blog.corretoraideal.com.br\/wp-content\/uploads\/2023\/12\/ana-maria-braga-abre-as-portas-de-sua-fazenda-e-conta-que-sitio-e-sonho-de-infancia.jpeg\" alt=\"Ana Maria Braga abre as portas de sua fazenda e conta que s\u00edtio \u00e9 sonho de inf\u00e2ncia\" width=\"800\" height=\"400\" \/>       <\/p>\n<p> Ana Maria Braga abre as portas de sua fazenda e conta que s\u00edtio \u00e9 sonho de inf\u00e2ncia <\/p>\n<p> Apresentadora das manh\u00e3s da Globo e com mais de 30 milh\u00f5es de seguidores nas redes sociais, as facetas de <a class href=\"https:\/\/g1.globo.com\/tudo-sobre\/ana-maria-braga\/\">Ana Maria Braga<\/a> s\u00e3o diversas. Uma delas \u00e9 a Ana Maria fazendeira. <\/p>\n<p> Ana Maria sonhava em ter um s\u00edtio quando crian\u00e7a. Filha \u00fanica de uma fam\u00edlia modesta, nasceu e cresceu em S\u00e3o Joaquim da Barra, norte de S\u00e3o Paulo. Hoje, ela tem a propriedade de 376 hectares, que fica na rodovia Castelo Branco, em Bofete. <\/p>\n<p> <strong>As empreitadas da apresentadora no campo s\u00e3o diversas: <\/strong> <\/p>\n<ul>\n<li>tem cerca de 40 cabe\u00e7as de gado de corte e de leite;<\/li>\n<li>possui um galinheiro &#8211; com ovo \u00e0 vontade para os funcion\u00e1rios e vizinhos;<\/li>\n<li>cultiva eucalipto, para a produ\u00e7\u00e3o de madeira;<\/li>\n<li>planta caf\u00e9 org\u00e2nico;<\/li>\n<li>produz diversas frutas, como atemoia, mexerica, laranja, caqui, seriguela, mam\u00e3o, carambola, goiaba, pitanga, pitaia, manga, olho de drag\u00e3o, maracuj\u00e1, urucum, entre outras;<\/li>\n<li>cultiva uma horta org\u00e2nica, com plantio de couve, hortel\u00e3, ora-pro-n\u00f3bis, alho-por\u00f3, pimenta, e diversos temperos. <\/li>\n<\/ul>\n<p><h2>Do eucalipto ao caf\u00e9<\/h2>\n<\/p>\n<p> Quando comprou a fazenda, Ana Maria foi convencida de que ganharia mais dinheiro com gado de elite. Investiu, implantou, chegou at\u00e9 a participar de leil\u00f5es. Mas o projeto j\u00e1 n\u00e3o ia bem quando o programa &quot;Mais Voc\u00ea&quot; foi transferido para o est\u00fadio de vidro do Rio de Janeiro. <\/p>\n<p> Foi a\u00ed que ela decidiu investir em eucaliptos, que, hoje, ocupam quase 100 hectares da fazenda. Onde antes havia pasto, agora, \u00e9 uma floresta comercial. <\/p>\n<p> A empreitada \u00e9 fruto da parceria que a apresentadora fez com uma empresa do setor de madeira industrial, que faz tudo, do plantio \u00e0 colheita e, inclusive, a conserva\u00e7\u00e3o de estradas. <\/p>\n<p> Mas, agora, Ana Maria quer trocar o eucalipto pelo caf\u00e9. Isso porque, apesar de todos os benef\u00edcios, o corte da madeira s\u00f3 acontece a cada 7 anos e n\u00e3o \u00e9 t\u00e3o rent\u00e1vel. <\/p>\n<p> Por enquanto, o plantio \u00e9 um experimento de um hectare entre as planta\u00e7\u00f5es de eucalipto, para ver se d\u00e1 certo. <\/p>\n<p> A ideia \u00e9 produzir caf\u00e9 org\u00e2nico, que, segundo Ana Maria, tem crescido em aceita\u00e7\u00e3o dos consumidores e possui os melhores pre\u00e7os para comercializa\u00e7\u00e3o. <\/p>\n<p><h2>F\u00e9 e saudade<\/h2>\n<\/p>\n<p>                   <img loading=\"lazy\" decoding=\"async\" class=\"aligncenter size-full wp-image-55585\" src=\"https:\/\/blog.corretoraideal.com.br\/wp-content\/uploads\/2023\/12\/ana-maria-braga-mostra-capela-de-nossa-senhora-de-fatima-com-mais-de-400-imagens.jpeg\" alt=\"Ana Maria Braga mostra capela de Nossa Senhora de F\u00e1tima, com mais de 400 imagens\" width=\"800\" height=\"400\" \/>       <\/p>\n<p> Ana Maria Braga mostra capela de Nossa Senhora de F\u00e1tima, com mais de 400 imagens <\/p>\n<p> Na propriedade, Ana Maria Braga mandou construir uma capela consagrada \u00e0 Nossa Senhora de F\u00e1tima. <\/p>\n<p> A fazendeira relata que a raz\u00e3o da capela ser dedicada \u00e0 Santa \u00e9 que, quando teve c\u00e2ncer pela primeira vez, h\u00e1 24 anos, a apresentadora <a class href=\"https:\/\/g1.globo.com\/tudo-sobre\/hebe-camargo\/\">Hebe Camargo<\/a> e o amigo Paulo Machado levaram uma imagem da Nossa Senhora de F\u00e1tima para fazer companhia a ela no hospital. <\/p>\n<p>&quot;Eu estava enfrentando um momento, al\u00e9m de muito dolorido, onde, de repente, voc\u00ea pode n\u00e3o sair dessa jornada com vida&quot;, diz.<\/p>\n<p> Na capela, junto \u00e0 padroeira, h\u00e1 outras 400 imagens de santos e santas &#8211; e at\u00e9 mesmo um Buda. A maioria das pe\u00e7as foram enviadas por amigos e f\u00e3s. <\/p>\n<p> Ana j\u00e1 se curou muitas vezes. Al\u00e9m da doen\u00e7a, quatro casamentos desfeitos e a morte prematura do Tom Veiga, int\u00e9rprete do Louro Jos\u00e9. <\/p>\n<p>&quot;Eu perdi um filho, foi bem dif\u00edcil. N\u00e3o superei ainda. Todo dia eu rezo por ele, eu sinto falta dele&quot;, afirma.<\/p>\n<p><h2>O ingrediente secreto<\/h2>\n<\/p>\n<p> Para Ana Maria, o ingrediente secreto de seu sucesso na cozinha e na televis\u00e3o \u00e9 a <strong>&quot;considera\u00e7\u00e3o social&quot;<\/strong>. <\/p>\n<p> Ela relata que desde o primeiro dia na televis\u00e3o, teve uma preocupa\u00e7\u00e3o constante em falar com todos: quem recebe um sal\u00e1rio-m\u00ednimo, est\u00e1 desempregado e a classe m\u00e9dia. <\/p>\n<p> E para conseguir isso, estabeleceu como regra que suas receitas podem ter no m\u00e1ximo 4 ingredientes fundamentais. &quot;Se n\u00e3o, n\u00e3o tem como, vira uma receita que n\u00e3o d\u00e1 para a pessoa comprar&quot;, diz. <\/p>\n<p> <strong>Confira a reportagem completa nos v\u00eddeos acima. <\/strong> <\/p>\n<p><h2>Veja os v\u00eddeos mais assistidos do Globo Rural<\/h2>\n<\/p>\n<p>   <a href=\"https:\/\/g1.globo.com\/economia\/agronegocios\/globo-rural\/videos-globo-rural\/playlist\/videos-mais-assistidos-do-globo-rural.ghtml\">    50 v\u00eddeos      <\/a>   <\/p>\n<ul>\n<li> <a href=\"https:\/\/g1.globo.com\/tudo-sobre\/ana-maria-braga\/\" class=\"entities__list-itemLink\" data-track-click=\"Ana Maria Braga\"> Ana Maria Braga <\/a> <\/li>\n<li> <a href=\"https:\/\/g1.globo.com\/tudo-sobre\/hebe-camargo\/\" class=\"entities__list-itemLink\" data-track-click=\"Hebe Camargo\"> Hebe Camargo <\/a> <\/li>\n<\/ul>\n<h3> <a id=\"js-next-article-desktop-link\" class=\"next-article-desktop-link\"><\/a> <\/h3>\n<h3> <a id=\"js-next-article-smart-link\" class=\"next-article-smart-link\"><\/a> <\/h3>\n<p>Veja tamb\u00e9m<\/p>\n<\/p>\n<\/p>\n<p>       Anterior   Pr\u00f3ximo     <\/p>\n","protected":false},"excerpt":{"rendered":"<p>Ana Maria Braga abre as portas de sua fazenda ao Globo Rural e se emociona ao lembrar Tom Veiga, o Louro Jos\u00e9 Apresentadora revela nova empreitada com o cultivo de caf\u00e9 org\u00e2nico. Propriedade com 376 hectares no interior de S\u00e3o Paulo tem ainda plantios de eucalipto e diversas frutas e hortali\u00e7as, al\u00e9m da cria\u00e7\u00e3o de [&hellip;]<\/p>\n","protected":false},"author":1,"featured_media":0,"comment_status":"closed","ping_status":"closed","sticky":false,"template":"","format":"standard","meta":{"footnotes":""},"categories":[],"tags":[],"class_list":["post-55582","post","type-post","status-publish","format-standard","hentry"],"_links":{"self":[{"href":"https:\/\/blog.corretoraideal.com.br\/index.php\/wp-json\/wp\/v2\/posts\/55582","targetHints":{"allow":["GET"]}}],"collection":[{"href":"https:\/\/blog.corretoraideal.com.br\/index.php\/wp-json\/wp\/v2\/posts"}],"about":[{"href":"https:\/\/blog.corretoraideal.com.br\/index.php\/wp-json\/wp\/v2\/types\/post"}],"author":[{"embeddable":true,"href":"https:\/\/blog.corretoraideal.com.br\/index.php\/wp-json\/wp\/v2\/users\/1"}],"replies":[{"embeddable":true,"href":"https:\/\/blog.corretoraideal.com.br\/index.php\/wp-json\/wp\/v2\/comments?post=55582"}],"version-history":[{"count":1,"href":"https:\/\/blog.corretoraideal.com.br\/index.php\/wp-json\/wp\/v2\/posts\/55582\/revisions"}],"predecessor-version":[{"id":55586,"href":"https:\/\/blog.corretoraideal.com.br\/index.php\/wp-json\/wp\/v2\/posts\/55582\/revisions\/55586"}],"wp:attachment":[{"href":"https:\/\/blog.corretoraideal.com.br\/index.php\/wp-json\/wp\/v2\/media?parent=55582"}],"wp:term":[{"taxonomy":"category","embeddable":true,"href":"https:\/\/blog.corretoraideal.com.br\/index.php\/wp-json\/wp\/v2\/categories?post=55582"},{"taxonomy":"post_tag","embeddable":true,"href":"https:\/\/blog.corretoraideal.com.br\/index.php\/wp-json\/wp\/v2\/tags?post=55582"}],"curies":[{"name":"wp","href":"https:\/\/api.w.org\/{rel}","templated":true}]}}