{"id":55594,"date":"2023-12-24T17:30:03","date_gmt":"2023-12-24T17:30:03","guid":{"rendered":"https:\/\/blog.corretoraideal.com.br\/?p=55594"},"modified":"2023-12-24T17:30:03","modified_gmt":"2023-12-24T17:30:03","slug":"homem-e-encontrado-morto-a-tiros-no-parque-santa-rosa-em-campos-norte-fluminense-g1","status":"publish","type":"post","link":"https:\/\/blog.corretoraideal.com.br\/index.php\/2023\/12\/24\/homem-e-encontrado-morto-a-tiros-no-parque-santa-rosa-em-campos-norte-fluminense-g1\/","title":{"rendered":"Homem \u00e9 encontrado morto a tiros no Parque Santa Rosa, em Campos | Norte Fluminense | G1"},"content":{"rendered":"<br \/>\n<h1>Homem \u00e9 encontrado morto a tiros no Parque Santa Rosa, em Campos<\/h1>\n<h2>Crime ocorreu na madrugada deste s\u00e1bado (18). V\u00edtima, n\u00e3o identificada, \u00e9 um homem negro aparentando ter entre 25 e 30 anos de idade, segundo a PM.<\/h2>\n<p> Por g1 &mdash; Campos dos Goytacazes <\/p>\n<p>  18\/11\/2023 17h38    Atualizado  18\/11\/2023    <\/p>\n<p> Um homem foi morto a tiros na madrugada deste s\u00e1bado (18) no Parque Santa Rosa, em <a class href=\"https:\/\/g1.globo.com\/rj\/norte-fluminense\/cidade\/campos-dos-goytacazes\/\">Campos dos Goytacazes<\/a>, no Norte Fluminense. <\/p>\n<p> Segundo a Pol\u00edcia Militar, a v\u00edtima, que n\u00e3o foi identificada, trata-se de um homem negro aparentando ter entre 25 e 30 anos de idade. <\/p>\n<p> Ap\u00f3s serem acionados, os agentes disseram que chegaram \u00e0 Rua Buenos Aires e encontraram o homem ca\u00eddo no ch\u00e3o j\u00e1 sem vida. <\/p>\n<p> Ainda segundo a PM, nenhum familiar e nem moradores compareceram ao local para dar informa\u00e7\u00f5es sobre a identifica\u00e7\u00e3o da v\u00edtima e nem as circunst\u00e2ncias do fato. <\/p>\n<p> A per\u00edcia foi acionada e recolheu seis c\u00e1psulas deflagradas de rev\u00f3lver calibre 380. O corpo j\u00e1 foi retirado do local e o caso registrado na 146\u00aa Delegacia de Pol\u00edcia. <\/p>\n<ul>\n<li> <a href=\"https:\/\/g1.globo.com\/rj\/norte-fluminense\/cidade\/campos-dos-goytacazes\/\" class=\"entities__list-itemLink\" data-track-click=\"Campos dos Goytacazes\"> Campos dos Goytacazes <\/a> <\/li>\n<\/ul>\n","protected":false},"excerpt":{"rendered":"<p>Homem \u00e9 encontrado morto a tiros no Parque Santa Rosa, em Campos Crime ocorreu na madrugada deste s\u00e1bado (18). V\u00edtima, n\u00e3o identificada, \u00e9 um homem negro aparentando ter entre 25 e 30 anos de idade, segundo a PM. Por g1 &mdash; Campos dos Goytacazes 18\/11\/2023 17h38 Atualizado 18\/11\/2023 Um homem foi morto a tiros na [&hellip;]<\/p>\n","protected":false},"author":1,"featured_media":0,"comment_status":"closed","ping_status":"closed","sticky":false,"template":"","format":"standard","meta":{"footnotes":""},"categories":[],"tags":[],"class_list":["post-55594","post","type-post","status-publish","format-standard","hentry"],"_links":{"self":[{"href":"https:\/\/blog.corretoraideal.com.br\/index.php\/wp-json\/wp\/v2\/posts\/55594","targetHints":{"allow":["GET"]}}],"collection":[{"href":"https:\/\/blog.corretoraideal.com.br\/index.php\/wp-json\/wp\/v2\/posts"}],"about":[{"href":"https:\/\/blog.corretoraideal.com.br\/index.php\/wp-json\/wp\/v2\/types\/post"}],"author":[{"embeddable":true,"href":"https:\/\/blog.corretoraideal.com.br\/index.php\/wp-json\/wp\/v2\/users\/1"}],"replies":[{"embeddable":true,"href":"https:\/\/blog.corretoraideal.com.br\/index.php\/wp-json\/wp\/v2\/comments?post=55594"}],"version-history":[{"count":1,"href":"https:\/\/blog.corretoraideal.com.br\/index.php\/wp-json\/wp\/v2\/posts\/55594\/revisions"}],"predecessor-version":[{"id":55596,"href":"https:\/\/blog.corretoraideal.com.br\/index.php\/wp-json\/wp\/v2\/posts\/55594\/revisions\/55596"}],"wp:attachment":[{"href":"https:\/\/blog.corretoraideal.com.br\/index.php\/wp-json\/wp\/v2\/media?parent=55594"}],"wp:term":[{"taxonomy":"category","embeddable":true,"href":"https:\/\/blog.corretoraideal.com.br\/index.php\/wp-json\/wp\/v2\/categories?post=55594"},{"taxonomy":"post_tag","embeddable":true,"href":"https:\/\/blog.corretoraideal.com.br\/index.php\/wp-json\/wp\/v2\/tags?post=55594"}],"curies":[{"name":"wp","href":"https:\/\/api.w.org\/{rel}","templated":true}]}}