{"id":55597,"date":"2023-12-24T19:30:25","date_gmt":"2023-12-24T19:30:25","guid":{"rendered":"https:\/\/blog.corretoraideal.com.br\/?p=55597"},"modified":"2023-12-24T19:30:25","modified_gmt":"2023-12-24T19:30:25","slug":"morar-na-zona-rural-e-perto-das-arvores-encanta-muitos-adultos-e-criancas-nosso-campo-g1","status":"publish","type":"post","link":"https:\/\/blog.corretoraideal.com.br\/index.php\/2023\/12\/24\/morar-na-zona-rural-e-perto-das-arvores-encanta-muitos-adultos-e-criancas-nosso-campo-g1\/","title":{"rendered":"Morar na zona rural e perto das \u00e1rvores encanta muitos adultos e crian\u00e7as | Nosso Campo | G1"},"content":{"rendered":"<br \/>\n<h1>Morar na zona rural e perto das \u00e1rvores encanta muitos adultos e crian\u00e7as<\/h1>\n<h2>Moradores do interior de S\u00e3o Paulo constroem casas em \u00e1rvores como forma de realizar sonhos e promover viagens na imagina\u00e7\u00e3o.<\/h2>\n<p> Por TV TEM <\/p>\n<p>  24\/12\/2023 07h20    Atualizado  24\/12\/2023    <\/p>\n<p>                      1 de 2&#013;Casa na \u00e1rvore no interior de S\u00e3o Paulo \u2014 Foto: Reprodu\u00e7\u00e3o\/TV TEM    <\/p>\n<p> Casa na \u00e1rvore no interior de S\u00e3o Paulo \u2014 Foto: Reprodu\u00e7\u00e3o\/TV TEM <\/p>\n<p> Todos os dias, depois da escola, Matheus e Alice v\u00e3o at\u00e9 a casa dos av\u00f3s para se divertir comendo fruta direto do p\u00e9. Eles cuidam da horta e fazem de conta que trabalham na vida do campo. Mas o cantinho preferido das crian\u00e7as fica debaixo de um p\u00e9 de tamarindo: uma pequena casa de madeira que abriga muitos sonhos e viagens na imagina\u00e7\u00e3o. <\/p>\n<p> A casinha foi constru\u00edda com a ajuda da fam\u00edlia para tornar o quintal onde eles passaram boa parte da inf\u00e2ncia um lugar ainda mais especial para que os filhos e sobrinhos colecionem mem\u00f3rias. <\/p>\n<p> O objetivo \u00e9 fazer com que as crian\u00e7as soltem a imagina\u00e7\u00e3o e criem v\u00e1rias possibilidades em um mesmo lugar, que j\u00e1 foi abrigo no meio da floresta, escolinha, ou, at\u00e9 mesmo, sede de uma fazenda. <\/p>\n<p> Em outra fam\u00edlia, a agr\u00f4noma Fl\u00e1via Seixas pode realizar seu sonho de ter uma casa nas alturas com seus netos Ol\u00edvia e Vicente. Ela mesma desenhou a planta da casa, que foi constru\u00edda h\u00e1 sete anos, no s\u00edtio da fam\u00edlia, em <a class href=\"https:\/\/g1.globo.com\/sp\/sao-jose-do-rio-preto-aracatuba\/cidade\/ipigua\/\">Ipigu\u00e1 (SP)<\/a>. <\/p>\n<p> <strong>Veja a reportagem exibida no programa em 24\/12\/2023:<\/strong> <\/p>\n<p>                   <img loading=\"lazy\" decoding=\"async\" class=\"aligncenter size-full wp-image-55599\" src=\"https:\/\/blog.corretoraideal.com.br\/wp-content\/uploads\/2023\/12\/casa-na-arvore-moradores-do-interior-de-sao-paulo-realizam-um-sonho-de-infancia.jpeg\" alt=\"Casa na \u00e1rvore: Moradores do interior de S\u00e3o Paulo realizam um sonho de inf\u00e2ncia\" width=\"800\" height=\"400\" \/>       <\/p>\n<p> Casa na \u00e1rvore: Moradores do interior de S\u00e3o Paulo realizam um sonho de inf\u00e2ncia <\/p>\n<p> No interior de S\u00e3o Paulo, Rodolpho Assump\u00e7\u00e3o teve seu sonho de morar nas alturas, rodeado de muito verde, realizado h\u00e1 30 anos. Ap\u00f3s se formar em agronomia e passar dois anos viajando na \u00c1sia, e visitar as casas palafitas, ele se apaixonou e resolveu que queria morar em uma tamb\u00e9m. <\/p>\n<p> A palafita conta com tr\u00eas andares e \u00e9 toda feita de madeira, com um estilo r\u00fastico e, ao mesmo tempo, moderno, sem muitas paredes e com muitas janelas. <\/p>\n<p> Rodolpho e sua fam\u00edlia gostam de estar sempre juntos, e, por isso, fez quest\u00e3o de construir uma casa com ambientes integrados e aconchegantes, mas o espet\u00e1culo fica por conta do terceiro andar. A vista do quarto mais parece a tela de um quadro pintado \u00e0 m\u00e3o. <\/p>\n<p>         2 de 2&#013;Crian\u00e7as brincam na casa da \u00e1rvore no interior de S\u00e3o Paulo \u2014 Foto: Reprodu\u00e7\u00e3o\/TV TEM    <\/p>\n<p> Crian\u00e7as brincam na casa da \u00e1rvore no interior de S\u00e3o Paulo \u2014 Foto: Reprodu\u00e7\u00e3o\/TV TEM <\/p>\n<p><h2>V\u00cdDEOS: reveja as reportagens do Nosso Campo<\/h2>\n<\/p>\n<p>   <a href=\"https:\/\/g1.globo.com\/sp\/sorocaba-jundiai\/nosso-campo\/playlist\/videos-veja-as-reportagens-do-nosso-campo.ghtml\">    50 v\u00eddeos      <\/a>   <\/p>\n<p> <strong>Acesse + <\/strong><a class href=\"https:\/\/redeglobo.globo.com\/sp\/tvtem\/\"><strong>TV TEM<\/strong><\/a><strong> | <\/strong><a class href=\"https:\/\/redeglobo.globo.com\/sp\/tvtem\/sorocaba-e-regiao\/programacao\/?region=sorocaba-e-regiao#20170330527359https:\/\/redeglobo.globo.com\/sp\/tvtem\/sorocaba-e-regiao\/programacao\/?region=sorocaba-e-regiao#20170330527359\"><strong>Programa\u00e7\u00e3o <\/strong><\/a><strong>| <\/strong><a class href=\"https:\/\/redeglobo.globo.com\/sp\/tvtem\/noticia\/videos-acesse-os-catalogos-dos-programas-da-tv-tem.ghtml\"><strong>V\u00eddeos <\/strong><\/a><strong>| <\/strong><a class href=\"https:\/\/redeglobo.globo.com\/sp\/tvtem\/noticia\/pela-web-confira-os-enderecos-oficiais-da-tv-tem-nas-redes-sociais.ghtml\"><strong>Redes sociais<\/strong><\/a> <\/p>\n<ul>\n<li> <a href=\"https:\/\/g1.globo.com\/sp\/sao-jose-do-rio-preto-aracatuba\/cidade\/ipigua\/\" class=\"entities__list-itemLink\" data-track-click=\"Ipigu\u00e1\"> Ipigu\u00e1 <\/a> <\/li>\n<\/ul>\n<h3> <a id=\"js-next-article-desktop-link\" class=\"next-article-desktop-link\"><\/a> <\/h3>\n<h3> <a id=\"js-next-article-smart-link\" class=\"next-article-smart-link\"><\/a> <\/h3>\n<p>Veja tamb\u00e9m<\/p>\n<\/p>\n<\/p>\n<p>       Anterior   Pr\u00f3ximo     <\/p>\n","protected":false},"excerpt":{"rendered":"<p>Morar na zona rural e perto das \u00e1rvores encanta muitos adultos e crian\u00e7as Moradores do interior de S\u00e3o Paulo constroem casas em \u00e1rvores como forma de realizar sonhos e promover viagens na imagina\u00e7\u00e3o. Por TV TEM 24\/12\/2023 07h20 Atualizado 24\/12\/2023 1 de 2&#013;Casa na \u00e1rvore no interior de S\u00e3o Paulo \u2014 Foto: Reprodu\u00e7\u00e3o\/TV TEM Casa [&hellip;]<\/p>\n","protected":false},"author":1,"featured_media":0,"comment_status":"closed","ping_status":"closed","sticky":false,"template":"","format":"standard","meta":{"footnotes":""},"categories":[],"tags":[],"class_list":["post-55597","post","type-post","status-publish","format-standard","hentry"],"_links":{"self":[{"href":"https:\/\/blog.corretoraideal.com.br\/index.php\/wp-json\/wp\/v2\/posts\/55597","targetHints":{"allow":["GET"]}}],"collection":[{"href":"https:\/\/blog.corretoraideal.com.br\/index.php\/wp-json\/wp\/v2\/posts"}],"about":[{"href":"https:\/\/blog.corretoraideal.com.br\/index.php\/wp-json\/wp\/v2\/types\/post"}],"author":[{"embeddable":true,"href":"https:\/\/blog.corretoraideal.com.br\/index.php\/wp-json\/wp\/v2\/users\/1"}],"replies":[{"embeddable":true,"href":"https:\/\/blog.corretoraideal.com.br\/index.php\/wp-json\/wp\/v2\/comments?post=55597"}],"version-history":[{"count":1,"href":"https:\/\/blog.corretoraideal.com.br\/index.php\/wp-json\/wp\/v2\/posts\/55597\/revisions"}],"predecessor-version":[{"id":55600,"href":"https:\/\/blog.corretoraideal.com.br\/index.php\/wp-json\/wp\/v2\/posts\/55597\/revisions\/55600"}],"wp:attachment":[{"href":"https:\/\/blog.corretoraideal.com.br\/index.php\/wp-json\/wp\/v2\/media?parent=55597"}],"wp:term":[{"taxonomy":"category","embeddable":true,"href":"https:\/\/blog.corretoraideal.com.br\/index.php\/wp-json\/wp\/v2\/categories?post=55597"},{"taxonomy":"post_tag","embeddable":true,"href":"https:\/\/blog.corretoraideal.com.br\/index.php\/wp-json\/wp\/v2\/tags?post=55597"}],"curies":[{"name":"wp","href":"https:\/\/api.w.org\/{rel}","templated":true}]}}