{"id":55601,"date":"2023-12-24T20:29:48","date_gmt":"2023-12-24T20:29:48","guid":{"rendered":"https:\/\/blog.corretoraideal.com.br\/?p=55601"},"modified":"2023-12-24T20:29:48","modified_gmt":"2023-12-24T20:29:48","slug":"viciados-em-redes-sociais-processam-gigantes-da-tecnologia-nos-eua-tecnologia-g1","status":"publish","type":"post","link":"https:\/\/blog.corretoraideal.com.br\/index.php\/2023\/12\/24\/viciados-em-redes-sociais-processam-gigantes-da-tecnologia-nos-eua-tecnologia-g1\/","title":{"rendered":"Viciados em redes sociais processam &#039;gigantes da tecnologia&#039; nos EUA | Tecnologia | G1"},"content":{"rendered":"<br \/>\n<h1>Viciados em redes sociais processam &#039;gigantes da tecnologia&#039; nos EUA<\/h1>\n<h2>Processos judiciais nos EUA tentam demonstrar que quatro das maiores empresas de m\u00eddia social exp\u00f5em conscientemente crian\u00e7as a produtos e conte\u00fados prejudiciais.<\/h2>\n<p>       <a href=\"http:\/\/www.bbc.com\/portuguese\" target=\"_blank\" rel=\"noopener noreferrer\">    <\/a>   <\/p>\n<p> Por Angus Crawford, Tony Smith <\/p>\n<p>  26\/11\/2023 06h00    Atualizado  26\/11\/2023    <\/p>\n<p>                      1 de 3&#013;Taylor Little diz que teve contato com conte\u00fados sens\u00edveis aos 11 anos, sem receber nenhum aviso pr\u00e9vio \u2014 Foto: BBC    <\/p>\n<p> Taylor Little diz que teve contato com conte\u00fados sens\u00edveis aos 11 anos, sem receber nenhum aviso pr\u00e9vio \u2014 Foto: BBC <\/p>\n<p> Centenas de fam\u00edlias est\u00e3o processando algumas das maiores empresas de tecnologia do mundo \u2014 que, segundo elas, conscientemente exp\u00f5em crian\u00e7as a conte\u00fados e produtos prejudiciais. <\/p>\n<p> Uma das pessoas respons\u00e1veis pela a\u00e7\u00e3o explica por que est\u00e3o tentando desafiar o poder do Vale do Sil\u00edcio. <\/p>\n<p>&quot;Eu literalmente estava aprisionado pela depend\u00eancia aos 12 anos. E n\u00e3o recuperei minha vida durante toda a adolesc\u00eancia.&quot;<\/p>\n<p> Taylor Little desenvolveu uma depend\u00eancia das redes sociais que levou a tentativas de suic\u00eddio e anos de depress\u00e3o. <\/p>\n<p> Little, que agora tem 21 anos e utiliza o pronome neutro &quot;eles&quot; (tradu\u00e7\u00e3o direta do they\/them no original em ingl\u00eas), descreve as empresas de tecnologia como &quot;monstros grandes e maus&quot;. <\/p>\n<p> Essas empresas, segundo Little, colocam conscientemente nas m\u00e3os das crian\u00e7as com acesso \u00e0 internet produtos altamente viciantes e prejudiciais. <\/p>\n<p> Por isso, Little e centenas de outras fam\u00edlias americanas est\u00e3o processando quatro das maiores empresas de tecnologia do mundo. <\/p>\n<ul>\n<li><strong>REDES SOCIAIS: <\/strong><a class href=\"https:\/\/g1.globo.com\/tecnologia\/noticia\/2023\/11\/22\/fui-a-policia-para-que-parem-de-usar-foto-da-minha-filha-como-meme.ghtml\">M\u00e3e denuncia uso de foto da filha como meme<\/a><\/li>\n<\/ul>\n<p><h2>Prejudiciais desde o projeto<\/h2>\n<\/p>\n<p> O processo contra a <a class href=\"https:\/\/g1.globo.com\/tudo-sobre\/meta\/\">Meta<\/a> \u2014 a empresa propriet\u00e1ria de <a class href=\"https:\/\/g1.globo.com\/tudo-sobre\/facebook\/\">Facebook<\/a> e <a class href=\"https:\/\/g1.globo.com\/tudo-sobre\/instagram\/\">Instagram<\/a> \u2014 al\u00e9m do <a class href=\"https:\/\/g1.globo.com\/tudo-sobre\/tiktok\/\">TikTok<\/a>, do <a class href=\"https:\/\/g1.globo.com\/tudo-sobre\/google\/\">Google<\/a> e Snap Inc. (dona do <a class href=\"https:\/\/g1.globo.com\/tudo-sobre\/snapchat\/\">Snapchat<\/a>), \u00e9 um dos maiores j\u00e1 movidos no Vale do Sil\u00edcio. <\/p>\n<p>Os autores da a\u00e7\u00e3o judicial incluem fam\u00edlias comuns e distritos escolares de v\u00e1rias partes dos Estados Unidos.<\/p>\n<p> Eles alegam que as plataformas s\u00e3o prejudiciais de forma intencional. <\/p>\n<ul>\n<li><a class href=\"https:\/\/g1.globo.com\/tecnologia\/noticia\/2023\/11\/23\/entenda-o-que-diz-a-lei-sobre-postar-memes-com-fotos-de-terceiros.ghtml\">Quem posta memes com fotos de terceiros pode ser processado? Entenda o que diz a lei<\/a><\/li>\n<\/ul>\n<p> Os advogados das fam\u00edlias acreditam que o caso da adolescente brit\u00e2nica Molly Russell, de 14 anos, serve como exemplo dos potenciais danos enfrentados pelos adolescentes relacionados ao uso das redes sociais. <\/p>\n<p> No ano passado, os advogados acompanharam a investiga\u00e7\u00e3o sobre a morte de Russell via videoconfer\u00eancia de Washington, em busca de qualquer evid\u00eancia que pudessem usar no processo movido nos Estados Unidos. <\/p>\n<p> O nome de Russell \u00e9 mencionado dezenas de vezes na a\u00e7\u00e3o apresentada ao tribunal na Calif\u00f3rnia. <\/p>\n<p> Na semana passada, as fam\u00edlias envolvidas no caso receberam um impulso poderoso quando uma ju\u00edza federal decidiu que as empresas n\u00e3o poderiam usar a Primeira Emenda da Constitui\u00e7\u00e3o dos Estados Unidos \u2014 que protege a liberdade de express\u00e3o \u2014 para bloquear a a\u00e7\u00e3o judicial. <\/p>\n<p>         2 de 3&#013;Molly Russell teve acesso a grandes quantidades de material sobre automutila\u00e7\u00e3o, suic\u00eddio e depress\u00e3o nas redes sociais \u2014 Foto: Fam\u00edlia Russell via BBC    <\/p>\n<p> Molly Russell teve acesso a grandes quantidades de material sobre automutila\u00e7\u00e3o, suic\u00eddio e depress\u00e3o nas redes sociais \u2014 Foto: Fam\u00edlia Russell via BBC <\/p>\n<p> A ju\u00edza Gonzalez Rogers tamb\u00e9m decidiu que <a class href=\"https:\/\/g1.globo.com\/tecnologia\/noticia\/2023\/05\/18\/eua-mantem-interpretacao-de-lei-que-isenta-redes-sociais-de-responsabilidade-sobre-o-que-e-postado-por-usuarios.ghtml\">a Se\u00e7\u00e3o 230 da Lei de Dec\u00eancia nas Comunica\u00e7\u00f5es<\/a>, que afirma que as plataformas n\u00e3o s\u00e3o editoras, n\u00e3o dava \u00e0s empresas prote\u00e7\u00e3o total. <\/p>\n<p> A ju\u00edza considerou que, por exemplo, a falta de verifica\u00e7\u00e3o &quot;robusta&quot; da idade dos usu\u00e1rios e os fracos controles parentais, como argumentam as fam\u00edlias, n\u00e3o s\u00e3o quest\u00f5es de liberdade de express\u00e3o. <\/p>\n<p> Advogados das fam\u00edlias classificaram as decis\u00f5es de Rogers como uma &quot;vit\u00f3ria significativa&quot;. <\/p>\n<p> As empresas afirmam que as alega\u00e7\u00f5es n\u00e3o s\u00e3o verdadeiras e que pretendem se defender vigorosamente. <\/p>\n<ul>\n<li><strong>V\u00cdDEO:<\/strong> <a class href=\"https:\/\/g1.globo.com\/inovacao\/noticia\/2023\/11\/16\/video-como-foram-os-primeiros-testes-de-carros-voadores-em-nova-york.ghtml\">Os primeiros testes de &#x27;carros voadores&#x27; em Nova York<\/a><\/li>\n<\/ul>\n<p><h2>&#x27;Sentimento de abstin\u00eancia&#x27;<\/h2>\n<\/p>\n<p> Little, que mora no Colorado, conta que antes de ter o primeiro smartphone, praticava esportes e participava de aulas de dan\u00e7a e teatro. <\/p>\n<p>&quot;Se tirassem meu celular, era como ter abstin\u00eancia. Era insuport\u00e1vel. Literalmente, quando digo que era viciante, n\u00e3o quero dizer que se tratava apenas de um h\u00e1bito. Quero dizer que meu corpo e mente ansiavam por aquilo.&quot;<\/p>\n<p> Little lembra da primeira notifica\u00e7\u00e3o de m\u00eddia social na qual clicou. <\/p>\n<p> Era uma p\u00e1gina pessoal de automutila\u00e7\u00e3o de algu\u00e9m, com imagens sens\u00edveis de ferimentos e cortes. <\/p>\n<p> &quot;Aos 11 anos, acessei uma p\u00e1gina e vi isso sem aviso. N\u00e3o procurei por esse tema. Tenho 21 anos e ainda consigo ver [aquelas imagens].&quot; <\/p>\n<p> Little tamb\u00e9m enfrentou dificuldades com conte\u00fados relacionados \u00e0 imagem corporal e dist\u00farbios alimentares. <\/p>\n<p>&quot;Isso era \u2014 e \u00e9 \u2014 como um culto. Voc\u00ea \u00e9 constantemente bombardeado com fotografias de um corpo que n\u00e3o pode alcan\u00e7ar sem morrer.&quot;<\/p>\n<p> &quot;N\u00e3o h\u00e1 como escapar disso.&quot; <\/p>\n<p>                   <img loading=\"lazy\" decoding=\"async\" class=\"aligncenter size-full wp-image-55603\" src=\"https:\/\/blog.corretoraideal.com.br\/wp-content\/uploads\/2023\/12\/como-denunciar-postagens-no-instagram-tiktok-e-kwai-e-em-outras-redes-sociais-5.jpeg\" alt=\"Como denunciar postagens no Instagram, TikTok e Kwai e em outras redes sociais\" width=\"800\" height=\"400\" \/>       <\/p>\n<p> Como denunciar postagens no Instagram, TikTok e Kwai e em outras redes sociais <\/p>\n<p> Os advogados de Little e dos outros autores da a\u00e7\u00e3o adotaram uma abordagem inovadora para o processo, com foco em como as plataformas s\u00e3o concebidas e projetadas \u2014 e n\u00e3o apenas em postagens, coment\u00e1rios ou imagens individuais. <\/p>\n<p> A <a class href=\"https:\/\/g1.globo.com\/tudo-sobre\/meta\/\">Meta<\/a> publicou uma declara\u00e7\u00e3o em que afirma: &quot;Nossos pensamentos est\u00e3o com as fam\u00edlias representadas nestas queixas. Queremos tranquilizar cada pai de que temos os interesses deles no trabalho que estamos fazendo para fornecer experi\u00eancias online seguras e de apoio aos adolescentes.&quot; <\/p>\n<p> O <a class href=\"https:\/\/g1.globo.com\/tudo-sobre\/tiktok\/\">TikTok<\/a> se recusou a comentar sobre a a\u00e7\u00e3o. <\/p>\n<p> O <a class href=\"https:\/\/g1.globo.com\/tudo-sobre\/google\/\">Google<\/a> afirmou: &quot;As alega\u00e7\u00f5es nessas queixas simplesmente n\u00e3o s\u00e3o verdadeiras. Proteger as crian\u00e7as em todas as plataformas sempre foi fundamental para o nosso trabalho.&quot; <\/p>\n<p> J\u00e1 o <a class href=\"https:\/\/g1.globo.com\/tudo-sobre\/snapchat\/\">Snapchat<\/a> disse que sua plataforma &quot;foi projetada para eliminar a press\u00e3o de ser perfeito&quot;. <\/p>\n<p> &quot;Verificamos todo o conte\u00fado antes que possa atingir um grande p\u00fablico para evitar a propaga\u00e7\u00e3o de qualquer coisa que possa ser prejudicial&quot;, afirmou a empresa. <\/p>\n<ul>\n<li><a class href=\"https:\/\/g1.globo.com\/tecnologia\/noticia\/2023\/11\/24\/o-que-faz-um-engenheiro-de-dados-profissao-tem-salario-alto-e-deve-bombar-em-2024.ghtml\">R$ 24 mil de sal\u00e1rio: a carreira em TI que deve bombar em 2024<\/a><\/li>\n<\/ul>\n<p>         3 de 3&#013;WhatsApp, Twitter, Facebook, Instagram e YouTube \u2014 Foto: Alessandro Feitosa Jr\/g1    <\/p>\n<p> WhatsApp, Twitter, Facebook, Instagram e YouTube \u2014 Foto: Alessandro Feitosa Jr\/g1 <\/p>\n<p> Little conhece bem a hist\u00f3ria de Molly Russell, que morava no noroeste de Londres e tirou a pr\u00f3pria vida ap\u00f3s ser exposta a conte\u00fados com tom negativo e depressivo no <a class href=\"https:\/\/g1.globo.com\/tudo-sobre\/instagram\/\">Instagram<\/a>. <\/p>\n<p>Uma investiga\u00e7\u00e3o sobre a morte da menina concluiu que ela morreu &quot;sofrendo de depress\u00e3o e dos efeitos negativos do conte\u00fado online&quot;.<\/p>\n<p> Little diz que as hist\u00f3rias s\u00e3o muito parecidas. <\/p>\n<p> &quot;Me sinto incrivelmente com sorte por ter sobrevivido. E meu cora\u00e7\u00e3o se parte de maneiras que n\u00e3o consigo expressar por pessoas como Molly.&quot; <\/p>\n<p> &quot;Sou feliz. Realmente amo minha vida. Estou em um lugar que n\u00e3o achei que viveria.&quot; <\/p>\n<p> Isso deixa Little com determina\u00e7\u00e3o para seguir adiante com a a\u00e7\u00e3o legal. <\/p>\n<p> &quot;Eles sabem que n\u00f3s estamos morrendo. E n\u00e3o se importam. Eles ganham dinheiro com a nossa morte.&quot; <\/p>\n<p> &quot;Toda esperan\u00e7a que tenho para uma m\u00eddia social melhor depende inteiramente de n\u00f3s vencermos [a a\u00e7\u00e3o] e for\u00e7\u00e1-los a fazer [as mudan\u00e7as] \u2014 porque eles nunca, nunca, nunca escolher\u00e3o fazer isso por conta pr\u00f3pria.&quot; <\/p>\n<p> <strong>LEIA TAMB\u00c9M:<\/strong> <\/p>\n<ul>\n<li><a class href=\"https:\/\/g1.globo.com\/tecnologia\/noticia\/2023\/11\/21\/google-vai-excluir-contas-inativas-na-proxima-semana-veja-o-que-fazer-para-nao-perder-acesso.ghtml\">Google vai excluir contas inativas; veja como n\u00e3o perder acesso<\/a><\/li>\n<li><a class href=\"https:\/\/g1.globo.com\/inovacao\/noticia\/2023\/11\/11\/cidade-faculdade-e-predios-de-madeira-saiba-por-que-o-material-e-visto-como-o-futuro-da-construcao.ghtml\">Por que a madeira \u00e9 considerada o futuro da constru\u00e7\u00e3o<\/a><\/li>\n<li><a class href=\"https:\/\/g1.globo.com\/tecnologia\/noticia\/2023\/11\/14\/golpe-da-renda-extra-me-fez-perder-r-1728-diz-vitima-entenda-o-risco-de-aceitar-fazer-pequenas-tarefas-pelo-celular.ghtml\">&#x27;Perdi R$ 1.728 com golpe da renda extra&#x27;: entenda o risco das pequenas tarefas pelo celular<\/a><\/li>\n<\/ul>\n<ul>\n<li> <a href=\"https:\/\/g1.globo.com\/tudo-sobre\/facebook\/\" class=\"entities__list-itemLink\" data-track-click=\"Facebook\"> Facebook <\/a> <\/li>\n<li> <a href=\"https:\/\/g1.globo.com\/tudo-sobre\/google\/\" class=\"entities__list-itemLink\" data-track-click=\"Google\"> Google <\/a> <\/li>\n<li> <a href=\"https:\/\/g1.globo.com\/tudo-sobre\/instagram\/\" class=\"entities__list-itemLink\" data-track-click=\"Instagram\"> Instagram <\/a> <\/li>\n<li> <a href=\"https:\/\/g1.globo.com\/tudo-sobre\/meta\/\" class=\"entities__list-itemLink\" data-track-click=\"Meta\"> Meta <\/a> <\/li>\n<li> <a href=\"https:\/\/g1.globo.com\/tudo-sobre\/snapchat\/\" class=\"entities__list-itemLink\" data-track-click=\"Snapchat\"> Snapchat <\/a> <\/li>\n<li> <a href=\"https:\/\/g1.globo.com\/tudo-sobre\/tiktok\/\" class=\"entities__list-itemLink\" data-track-click=\"TikTok\"> TikTok <\/a> <\/li>\n<\/ul>\n<h3> <a id=\"js-next-article-desktop-link\" class=\"next-article-desktop-link\"><\/a> <\/h3>\n<h3> <a id=\"js-next-article-smart-link\" class=\"next-article-smart-link\"><\/a> <\/h3>\n<p>Veja tamb\u00e9m<\/p>\n<\/p>\n<\/p>\n<p>       Anterior   Pr\u00f3ximo     <\/p>\n","protected":false},"excerpt":{"rendered":"<p>Viciados em redes sociais processam &#039;gigantes da tecnologia&#039; nos EUA Processos judiciais nos EUA tentam demonstrar que quatro das maiores empresas de m\u00eddia social exp\u00f5em conscientemente crian\u00e7as a produtos e conte\u00fados prejudiciais. Por Angus Crawford, Tony Smith 26\/11\/2023 06h00 Atualizado 26\/11\/2023 1 de 3&#013;Taylor Little diz que teve contato com conte\u00fados sens\u00edveis aos 11 anos, [&hellip;]<\/p>\n","protected":false},"author":1,"featured_media":0,"comment_status":"closed","ping_status":"closed","sticky":false,"template":"","format":"standard","meta":{"footnotes":""},"categories":[],"tags":[],"class_list":["post-55601","post","type-post","status-publish","format-standard","hentry"],"_links":{"self":[{"href":"https:\/\/blog.corretoraideal.com.br\/index.php\/wp-json\/wp\/v2\/posts\/55601","targetHints":{"allow":["GET"]}}],"collection":[{"href":"https:\/\/blog.corretoraideal.com.br\/index.php\/wp-json\/wp\/v2\/posts"}],"about":[{"href":"https:\/\/blog.corretoraideal.com.br\/index.php\/wp-json\/wp\/v2\/types\/post"}],"author":[{"embeddable":true,"href":"https:\/\/blog.corretoraideal.com.br\/index.php\/wp-json\/wp\/v2\/users\/1"}],"replies":[{"embeddable":true,"href":"https:\/\/blog.corretoraideal.com.br\/index.php\/wp-json\/wp\/v2\/comments?post=55601"}],"version-history":[{"count":1,"href":"https:\/\/blog.corretoraideal.com.br\/index.php\/wp-json\/wp\/v2\/posts\/55601\/revisions"}],"predecessor-version":[{"id":55604,"href":"https:\/\/blog.corretoraideal.com.br\/index.php\/wp-json\/wp\/v2\/posts\/55601\/revisions\/55604"}],"wp:attachment":[{"href":"https:\/\/blog.corretoraideal.com.br\/index.php\/wp-json\/wp\/v2\/media?parent=55601"}],"wp:term":[{"taxonomy":"category","embeddable":true,"href":"https:\/\/blog.corretoraideal.com.br\/index.php\/wp-json\/wp\/v2\/categories?post=55601"},{"taxonomy":"post_tag","embeddable":true,"href":"https:\/\/blog.corretoraideal.com.br\/index.php\/wp-json\/wp\/v2\/tags?post=55601"}],"curies":[{"name":"wp","href":"https:\/\/api.w.org\/{rel}","templated":true}]}}