{"id":55605,"date":"2023-12-24T22:30:31","date_gmt":"2023-12-24T22:30:31","guid":{"rendered":"https:\/\/blog.corretoraideal.com.br\/?p=55605"},"modified":"2023-12-24T22:30:31","modified_gmt":"2023-12-24T22:30:31","slug":"homem-e-preso-suspeito-de-ferir-ex-mulher-com-faca-em-sao-joao-da-barra-no-rj-norte-fluminense-g1","status":"publish","type":"post","link":"https:\/\/blog.corretoraideal.com.br\/index.php\/2023\/12\/24\/homem-e-preso-suspeito-de-ferir-ex-mulher-com-faca-em-sao-joao-da-barra-no-rj-norte-fluminense-g1\/","title":{"rendered":"Homem \u00e9 preso suspeito de ferir ex-mulher com faca em S\u00e3o Jo\u00e3o da Barra, no RJ | Norte Fluminense | G1"},"content":{"rendered":"<br \/>\n<h1>Homem \u00e9 preso suspeito de ferir ex-mulher com faca em S\u00e3o Jo\u00e3o da Barra, no RJ<\/h1>\n<h2>Crime ocorreu nesta sexta-feira (17) no bairro Degredo.<\/h2>\n<p> Por g1 &mdash; Norte Fluminense <\/p>\n<p>  18\/11\/2023 17h13    Atualizado  18\/11\/2023    <\/p>\n<p> Agentes da Pol\u00edcia Militar encontraram uma mulher ferida por faca em <a class href=\"https:\/\/g1.globo.com\/rj\/norte-fluminense\/cidade\/sao-joao-da-barra\/\">S\u00e3o Jo\u00e3o da Barra<\/a>, no Norte Fluminense, ap\u00f3s ter sido agredida, segundo ela, pelo ex-companheiro. <\/p>\n<p> O caso ocorreu nesta sexta-feira (17) no bairro Degredo. Segundo a PM, a v\u00edtima sofreu ferimentos no pulso e na cabe\u00e7a. <\/p>\n<p> A ambul\u00e2ncia da Prefeitura e do Corpo de Bombeiros compareceram no local, sendo a v\u00edtima socorrida e levada para a UPA da cidade, onde foi medicada. Ela encontra-se fora de risco e em observa\u00e7\u00e3o. <\/p>\n<p> O suspeito foi preso e a faca que teria sido utilizada apreendida. <\/p>\n<p> Ainda segundo a PM, a v\u00edtima tinha uma medida protetiva contra o suspeito. Ele foi autuado pela 146\u00aa Delegacia de Pol\u00edcia e permaneceu preso. <\/p>\n<ul>\n<li> <a href=\"https:\/\/g1.globo.com\/rj\/norte-fluminense\/cidade\/sao-joao-da-barra\/\" class=\"entities__list-itemLink\" data-track-click=\"S\u00e3o Jo\u00e3o da Barra\"> S\u00e3o Jo\u00e3o da Barra <\/a> <\/li>\n<\/ul>\n","protected":false},"excerpt":{"rendered":"<p>Homem \u00e9 preso suspeito de ferir ex-mulher com faca em S\u00e3o Jo\u00e3o da Barra, no RJ Crime ocorreu nesta sexta-feira (17) no bairro Degredo. Por g1 &mdash; Norte Fluminense 18\/11\/2023 17h13 Atualizado 18\/11\/2023 Agentes da Pol\u00edcia Militar encontraram uma mulher ferida por faca em S\u00e3o Jo\u00e3o da Barra, no Norte Fluminense, ap\u00f3s ter sido agredida, [&hellip;]<\/p>\n","protected":false},"author":1,"featured_media":0,"comment_status":"closed","ping_status":"closed","sticky":false,"template":"","format":"standard","meta":{"footnotes":""},"categories":[],"tags":[],"class_list":["post-55605","post","type-post","status-publish","format-standard","hentry"],"_links":{"self":[{"href":"https:\/\/blog.corretoraideal.com.br\/index.php\/wp-json\/wp\/v2\/posts\/55605","targetHints":{"allow":["GET"]}}],"collection":[{"href":"https:\/\/blog.corretoraideal.com.br\/index.php\/wp-json\/wp\/v2\/posts"}],"about":[{"href":"https:\/\/blog.corretoraideal.com.br\/index.php\/wp-json\/wp\/v2\/types\/post"}],"author":[{"embeddable":true,"href":"https:\/\/blog.corretoraideal.com.br\/index.php\/wp-json\/wp\/v2\/users\/1"}],"replies":[{"embeddable":true,"href":"https:\/\/blog.corretoraideal.com.br\/index.php\/wp-json\/wp\/v2\/comments?post=55605"}],"version-history":[{"count":1,"href":"https:\/\/blog.corretoraideal.com.br\/index.php\/wp-json\/wp\/v2\/posts\/55605\/revisions"}],"predecessor-version":[{"id":55607,"href":"https:\/\/blog.corretoraideal.com.br\/index.php\/wp-json\/wp\/v2\/posts\/55605\/revisions\/55607"}],"wp:attachment":[{"href":"https:\/\/blog.corretoraideal.com.br\/index.php\/wp-json\/wp\/v2\/media?parent=55605"}],"wp:term":[{"taxonomy":"category","embeddable":true,"href":"https:\/\/blog.corretoraideal.com.br\/index.php\/wp-json\/wp\/v2\/categories?post=55605"},{"taxonomy":"post_tag","embeddable":true,"href":"https:\/\/blog.corretoraideal.com.br\/index.php\/wp-json\/wp\/v2\/tags?post=55605"}],"curies":[{"name":"wp","href":"https:\/\/api.w.org\/{rel}","templated":true}]}}