{"id":55608,"date":"2023-12-25T00:30:18","date_gmt":"2023-12-25T00:30:18","guid":{"rendered":"https:\/\/blog.corretoraideal.com.br\/?p=55608"},"modified":"2023-12-25T00:30:18","modified_gmt":"2023-12-25T00:30:18","slug":"agricultor-do-centro-oeste-de-sp-produz-melao-em-estufa-nosso-campo-g1","status":"publish","type":"post","link":"https:\/\/blog.corretoraideal.com.br\/index.php\/2023\/12\/25\/agricultor-do-centro-oeste-de-sp-produz-melao-em-estufa-nosso-campo-g1\/","title":{"rendered":"Agricultor do Centro-Oeste de SP produz mel\u00e3o em estufa | Nosso Campo | G1"},"content":{"rendered":"<br \/>\n<h1>Agricultor do Centro-Oeste de SP produz mel\u00e3o em estufa<\/h1>\n<h2>Em Santa Cruz do Rio Pardo (SP), um produtor encontrou o jeito certo de cuidar da fruta e est\u00e1 se dando bem com a produ\u00e7\u00e3o dos mel\u00f5es.<\/h2>\n<p> Por TV TEM <\/p>\n<p>  24\/12\/2023 07h20    Atualizado  24\/12\/2023    <\/p>\n<p>                      1 de 2&#013;Cerca de 90% das planta\u00e7\u00f5es de mel\u00e3o est\u00e3o concentradas no nordeste \u2014 Foto: Reprodu\u00e7\u00e3o\/TV TEM    <\/p>\n<p> Cerca de 90% das planta\u00e7\u00f5es de mel\u00e3o est\u00e3o concentradas no nordeste \u2014 Foto: Reprodu\u00e7\u00e3o\/TV TEM <\/p>\n<p> O mel\u00e3o \u00e9 uma fruta docinha e saborosa, que agrada a muitas pessoas. No entanto, ele \u00e9 colhido bem longe do estado de S\u00e3o Paulo: vem da Bahia, e cerca de 90% das planta\u00e7\u00f5es est\u00e3o concentradas no nordeste. S\u00e3o os produtos de l\u00e1 que abastecem o pa\u00eds inteiro. <\/p>\n<p> A fruta n\u00e3o gosta de muita \u00e1gua e seu cultivo precisa de alguns cuidados. Em <a class href=\"https:\/\/g1.globo.com\/sp\/bauru-marilia\/cidade\/santa-cruz-do-rio-pardo\/\">Santa Cruz do Rio Pardo (SP)<\/a>, um produtor encontrou o jeito certo de cuidar da fruta no interior de S\u00e3o Paulo, e est\u00e1 se dando bem com a produ\u00e7\u00e3o dos mel\u00f5es. <\/p>\n<p>         2 de 2&#013;No interior de S\u00e3o Paulo, o mel\u00e3o \u00e9 plantado em estufas \u2014 Foto: Reprodu\u00e7\u00e3o\/TV TEM    <\/p>\n<p> No interior de S\u00e3o Paulo, o mel\u00e3o \u00e9 plantado em estufas \u2014 Foto: Reprodu\u00e7\u00e3o\/TV TEM <\/p>\n<p> Na planta\u00e7\u00e3o de Marcos, o destaque \u00e9 o mel\u00e3o met, uma variedade da fruta que \u00e9 cultivada dentro de estufas com 600 p\u00e9s. <\/p>\n<p> Toda a produ\u00e7\u00e3o requer um cuidado especial, mas um dos principais pontos de aten\u00e7\u00e3o \u00e9 com os brotos. Por esse motivo, Marcos mant\u00e9m em m\u00e9dia apenas tr\u00eas por p\u00e9. <\/p>\n<p> L\u00e1 \u00e9 aplicada a t\u00e9cnica do raleio, que consiste em remover os frutos em excesso na planta, a fim de aumentar o tamanho, colora\u00e7\u00e3o e qualidade dos mesmos. <\/p>\n<p> <strong>Veja a reportagem exibida no programa em 24\/12\/2023:<\/strong> <\/p>\n<p>                   <img loading=\"lazy\" decoding=\"async\" class=\"aligncenter size-full wp-image-55610\" src=\"https:\/\/blog.corretoraideal.com.br\/wp-content\/uploads\/2023\/12\/vt-melao-colheita.jpeg\" alt=\"VT mel\u00e3o colheita\" width=\"800\" height=\"400\" \/>       <\/p>\n<p> VT mel\u00e3o colheita <\/p>\n<p> Nos \u00faltimos dias antes do mel\u00e3o ser colhido, ele passa pelo processo de grana\u00e7\u00e3o, que \u00e9 a fase na qual os l\u00edquidos internos dos frutos solidificam-se, ocorrendo o preenchimento do endosperma e a forma\u00e7\u00e3o dos gr\u00e3os (popularmente conhecido como &quot;enchimento de gr\u00e3os&quot;), fase que demanda bastante aten\u00e7\u00e3o e prote\u00e7\u00e3o. <\/p>\n<p> Depois desse processo, a fruta \u00e9 colhida, etiquetada e embalada para chegar \u00e0 Ceagesp, em S\u00e3o Paulo. <\/p>\n<p> Nesta safra, o produtor espera colher 300 caixas de nove quilos, e, mesmo com algumas dificuldades com o clima, a fruta cresceu bastante e est\u00e1 docinha, o que deixa o produtor bastante animado. <\/p>\n<p><h2>V\u00cdDEOS: reveja as reportagens do Nosso Campo<\/h2>\n<\/p>\n<p>   <a href=\"https:\/\/g1.globo.com\/sp\/sorocaba-jundiai\/nosso-campo\/playlist\/videos-veja-as-reportagens-do-nosso-campo.ghtml\">    50 v\u00eddeos      <\/a>   <\/p>\n<p> <strong>Acesse + <\/strong><a class href=\"https:\/\/redeglobo.globo.com\/sp\/tvtem\/\"><strong>TV TEM<\/strong><\/a><strong> | <\/strong><a class href=\"https:\/\/redeglobo.globo.com\/sp\/tvtem\/sorocaba-e-regiao\/programacao\/?region=sorocaba-e-regiao#20170330527359https:\/\/redeglobo.globo.com\/sp\/tvtem\/sorocaba-e-regiao\/programacao\/?region=sorocaba-e-regiao#20170330527359\"><strong>Programa\u00e7\u00e3o <\/strong><\/a><strong>| <\/strong><a class href=\"https:\/\/redeglobo.globo.com\/sp\/tvtem\/noticia\/videos-acesse-os-catalogos-dos-programas-da-tv-tem.ghtml\"><strong>V\u00eddeos <\/strong><\/a><strong>| <\/strong><a class href=\"https:\/\/redeglobo.globo.com\/sp\/tvtem\/noticia\/pela-web-confira-os-enderecos-oficiais-da-tv-tem-nas-redes-sociais.ghtml\"><strong>Redes sociais<\/strong><\/a> <\/p>\n<ul>\n<li> <a href=\"https:\/\/g1.globo.com\/sp\/bauru-marilia\/cidade\/santa-cruz-do-rio-pardo\/\" class=\"entities__list-itemLink\" data-track-click=\"Santa Cruz do Rio Pardo\"> Santa Cruz do Rio Pardo <\/a> <\/li>\n<\/ul>\n<h3> <a id=\"js-next-article-desktop-link\" class=\"next-article-desktop-link\"><\/a> <\/h3>\n<h3> <a id=\"js-next-article-smart-link\" class=\"next-article-smart-link\"><\/a> <\/h3>\n<p>Veja tamb\u00e9m<\/p>\n<\/p>\n<\/p>\n<p>       Anterior   Pr\u00f3ximo     <\/p>\n","protected":false},"excerpt":{"rendered":"<p>Agricultor do Centro-Oeste de SP produz mel\u00e3o em estufa Em Santa Cruz do Rio Pardo (SP), um produtor encontrou o jeito certo de cuidar da fruta e est\u00e1 se dando bem com a produ\u00e7\u00e3o dos mel\u00f5es. Por TV TEM 24\/12\/2023 07h20 Atualizado 24\/12\/2023 1 de 2&#013;Cerca de 90% das planta\u00e7\u00f5es de mel\u00e3o est\u00e3o concentradas no [&hellip;]<\/p>\n","protected":false},"author":1,"featured_media":0,"comment_status":"closed","ping_status":"closed","sticky":false,"template":"","format":"standard","meta":{"footnotes":""},"categories":[],"tags":[],"class_list":["post-55608","post","type-post","status-publish","format-standard","hentry"],"_links":{"self":[{"href":"https:\/\/blog.corretoraideal.com.br\/index.php\/wp-json\/wp\/v2\/posts\/55608","targetHints":{"allow":["GET"]}}],"collection":[{"href":"https:\/\/blog.corretoraideal.com.br\/index.php\/wp-json\/wp\/v2\/posts"}],"about":[{"href":"https:\/\/blog.corretoraideal.com.br\/index.php\/wp-json\/wp\/v2\/types\/post"}],"author":[{"embeddable":true,"href":"https:\/\/blog.corretoraideal.com.br\/index.php\/wp-json\/wp\/v2\/users\/1"}],"replies":[{"embeddable":true,"href":"https:\/\/blog.corretoraideal.com.br\/index.php\/wp-json\/wp\/v2\/comments?post=55608"}],"version-history":[{"count":1,"href":"https:\/\/blog.corretoraideal.com.br\/index.php\/wp-json\/wp\/v2\/posts\/55608\/revisions"}],"predecessor-version":[{"id":55611,"href":"https:\/\/blog.corretoraideal.com.br\/index.php\/wp-json\/wp\/v2\/posts\/55608\/revisions\/55611"}],"wp:attachment":[{"href":"https:\/\/blog.corretoraideal.com.br\/index.php\/wp-json\/wp\/v2\/media?parent=55608"}],"wp:term":[{"taxonomy":"category","embeddable":true,"href":"https:\/\/blog.corretoraideal.com.br\/index.php\/wp-json\/wp\/v2\/categories?post=55608"},{"taxonomy":"post_tag","embeddable":true,"href":"https:\/\/blog.corretoraideal.com.br\/index.php\/wp-json\/wp\/v2\/tags?post=55608"}],"curies":[{"name":"wp","href":"https:\/\/api.w.org\/{rel}","templated":true}]}}