{"id":55612,"date":"2023-12-25T01:30:14","date_gmt":"2023-12-25T01:30:14","guid":{"rendered":"https:\/\/blog.corretoraideal.com.br\/?p=55612"},"modified":"2023-12-25T01:30:14","modified_gmt":"2023-12-25T01:30:14","slug":"bill-gates-ve-possibilidade-de-semana-de-3-dias-de-trabalho-com-avanco-da-ia-tecnologia-g1","status":"publish","type":"post","link":"https:\/\/blog.corretoraideal.com.br\/index.php\/2023\/12\/25\/bill-gates-ve-possibilidade-de-semana-de-3-dias-de-trabalho-com-avanco-da-ia-tecnologia-g1\/","title":{"rendered":"Bill Gates v\u00ea possibilidade de semana de 3 dias de trabalho com avan\u00e7o da IA | Tecnologia | G1"},"content":{"rendered":"<br \/>\n<h1>Bill Gates v\u00ea possibilidade de semana de 3 dias de trabalho com avan\u00e7o da IA<\/h1>\n<h2>Cofundador da Microsoft disse em podcast que a tecnologia pode fazer com que as pessoas n\u00e3o tenham que &#039;trabalhar tanto&#039;. <\/h2>\n<p> Por g1 <\/p>\n<p>  25\/11\/2023 16h05    Atualizado  25\/11\/2023    <\/p>\n<p>                      1 de 1&#013;Bill Gates durante o F\u00f3rum Econ\u00f4mico Mundial, em maio de 2022 \u2014 Foto: Reuters\/Arnd Wiegmann    <\/p>\n<p> Bill Gates durante o F\u00f3rum Econ\u00f4mico Mundial, em maio de 2022 \u2014 Foto: Reuters\/Arnd Wiegmann <\/p>\n<p> O <a class href=\"https:\/\/g1.globo.com\/trabalho-e-carreira\/noticia\/2023\/06\/03\/semana-de-4-dias-de-trabalho-um-ano-apos-adotar-modelo-profissionais-e-executivos-brasileiros-dizem-que-produtividade-aumentou.ghtml\">experimento da semana de 4 dias de trabalho<\/a> j\u00e1 \u00e9 realidade em algumas empresas, mas, nesta semana, <a class href=\"https:\/\/g1.globo.com\/tudo-sobre\/bill-gates\/\">Bill Gates<\/a>, um dos fundadores da <a class href=\"https:\/\/g1.globo.com\/tudo-sobre\/microsoft\/\">Microsoft<\/a>, levantou a possibilidade de uma jornada ainda menor, de tr\u00eas dias, com ajuda da tecnologia. <\/p>\n<p> Em entrevista ao podcast &quot;What Now?&quot;, o bilion\u00e1rio respondeu a uma pergunta do entrevistador Trevor Noah, sobre a intelig\u00eancia artificial (IA) poder fazer pessoas perderem seus empregos. <\/p>\n<p>&quot;Se voc\u00ea diminuir o zoom, voc\u00ea sabe que o prop\u00f3sito da vida n\u00e3o \u00e9 apenas trabalhar. Ent\u00e3o, se voc\u00ea eventualmente conseguir uma sociedade onde voc\u00ea s\u00f3 tem que trabalhar tr\u00eas dias por semana ou algo assim, provavelmente est\u00e1 tudo bem se as m\u00e1quinas puderem fazer toda a comida e outras coisas e n\u00e3o termos que trabalhar tanto&quot;, disse Bill Gates. <\/p>\n<p> Na conversa, Trevor Noah comentou o fato de a tecnologia tamb\u00e9m ajudar a gerar empregos: &quot;O computador substituiu o que tantas pessoas estavam fazendo como seus empregos e, ainda assim, por causa do computador, milh\u00f5es e milh\u00f5es de pessoas t\u00eam empregos&quot;, citou. <\/p>\n<p> Bill Gates apontou que a rela\u00e7\u00e3o da sociedade com o trabalho muda a cada gera\u00e7\u00e3o e que, al\u00e9m do emprego, as pessoas podem usar seu tempo livre para outras a\u00e7\u00f5es positivas. <\/p>\n<p> Em mar\u00e7o deste ano, o bilion\u00e1rio disse em seu blog que o desenvolvimento da intelig\u00eancia artificial (IA) <a class href=\"https:\/\/g1.globo.com\/tecnologia\/noticia\/2023\/03\/24\/inteligencia-artificial-e-avanco-mais-importante-da-tecnologia-em-decadas-diz-bill-gates.ghtml\">\u00e9 o avan\u00e7o tecnol\u00f3gico mais importante em d\u00e9cadas<\/a> e equiparou os recentes avan\u00e7os \u00e0 cria\u00e7\u00e3o do microprocessador, do PC, da internet e do telefone celular. <\/p>\n<p> &quot;Isso mudar\u00e1 a maneira como as pessoas trabalham, aprendem, viajam, obt\u00eam assist\u00eancia m\u00e9dica e se comunicam umas com as outras&quot;, escreveu. <\/p>\n<p><h2><strong>Semana de 4 dias no Brasil<\/strong><\/h2>\n<\/p>\n<p>                   <img loading=\"lazy\" decoding=\"async\" class=\"aligncenter size-full wp-image-55614\" src=\"https:\/\/blog.corretoraideal.com.br\/wp-content\/uploads\/2023\/12\/empresas-brasileiras-testam-semana-de-4-dias.jpeg\" alt=\"Empresas brasileiras testam semana de 4 dias\" width=\"800\" height=\"400\" \/>       <\/p>\n<p> Empresas brasileiras testam semana de 4 dias <\/p>\n<p> No Brasil, <a class href=\"https:\/\/g1.globo.com\/trabalho-e-carreira\/noticia\/2023\/09\/01\/adiar-a-segunda-feira-ou-sextar-mais-cedo-experimento-avalia-estrategias-de-empresas-para-semana-de-4-dias-no-brasil.ghtml\">20 empresas brasileiras est\u00e3o participando de um experimento da semana de 4 dias de trabalho<\/a>. <\/p>\n<p> Nesta primeira fase, as empresas v\u00e3o definir suas estrat\u00e9gias para se adaptarem diante da nova carga hor\u00e1ria. A redu\u00e7\u00e3o para a semana de 4 dias come\u00e7a em seguida, em dezembro ou janeiro, mantendo o sal\u00e1rio dos funcion\u00e1rios. <\/p>\n<p> A iniciativa, que come\u00e7ou em 2019 na Nova Zel\u00e2ndia, ganhou for\u00e7a na pandemia, e \u00e9 conduzida pela ONG brit\u00e2nica 4 Day Week Global e pela brasileira Reconnect Happiness at Work. A Funda\u00e7\u00e3o Get\u00falio Vargas (FGV) ser\u00e1 respons\u00e1vel por avaliar de forma qualitativa o processo no Brasil. <\/p>\n<ul>\n<li> <a href=\"https:\/\/g1.globo.com\/tudo-sobre\/bill-gates\/\" class=\"entities__list-itemLink\" data-track-click=\"Bill Gates\"> Bill Gates <\/a> <\/li>\n<li> <a href=\"https:\/\/g1.globo.com\/tudo-sobre\/microsoft\/\" class=\"entities__list-itemLink\" data-track-click=\"Microsoft\"> Microsoft <\/a> <\/li>\n<\/ul>\n<h3> <a id=\"js-next-article-desktop-link\" class=\"next-article-desktop-link\"><\/a> <\/h3>\n<h3> <a id=\"js-next-article-smart-link\" class=\"next-article-smart-link\"><\/a> <\/h3>\n<p>Veja tamb\u00e9m<\/p>\n<\/p>\n<\/p>\n<p>       Anterior   Pr\u00f3ximo     <\/p>\n","protected":false},"excerpt":{"rendered":"<p>Bill Gates v\u00ea possibilidade de semana de 3 dias de trabalho com avan\u00e7o da IA Cofundador da Microsoft disse em podcast que a tecnologia pode fazer com que as pessoas n\u00e3o tenham que &#039;trabalhar tanto&#039;. Por g1 25\/11\/2023 16h05 Atualizado 25\/11\/2023 1 de 1&#013;Bill Gates durante o F\u00f3rum Econ\u00f4mico Mundial, em maio de 2022 \u2014 [&hellip;]<\/p>\n","protected":false},"author":1,"featured_media":0,"comment_status":"closed","ping_status":"closed","sticky":false,"template":"","format":"standard","meta":{"footnotes":""},"categories":[],"tags":[],"class_list":["post-55612","post","type-post","status-publish","format-standard","hentry"],"_links":{"self":[{"href":"https:\/\/blog.corretoraideal.com.br\/index.php\/wp-json\/wp\/v2\/posts\/55612","targetHints":{"allow":["GET"]}}],"collection":[{"href":"https:\/\/blog.corretoraideal.com.br\/index.php\/wp-json\/wp\/v2\/posts"}],"about":[{"href":"https:\/\/blog.corretoraideal.com.br\/index.php\/wp-json\/wp\/v2\/types\/post"}],"author":[{"embeddable":true,"href":"https:\/\/blog.corretoraideal.com.br\/index.php\/wp-json\/wp\/v2\/users\/1"}],"replies":[{"embeddable":true,"href":"https:\/\/blog.corretoraideal.com.br\/index.php\/wp-json\/wp\/v2\/comments?post=55612"}],"version-history":[{"count":1,"href":"https:\/\/blog.corretoraideal.com.br\/index.php\/wp-json\/wp\/v2\/posts\/55612\/revisions"}],"predecessor-version":[{"id":55615,"href":"https:\/\/blog.corretoraideal.com.br\/index.php\/wp-json\/wp\/v2\/posts\/55612\/revisions\/55615"}],"wp:attachment":[{"href":"https:\/\/blog.corretoraideal.com.br\/index.php\/wp-json\/wp\/v2\/media?parent=55612"}],"wp:term":[{"taxonomy":"category","embeddable":true,"href":"https:\/\/blog.corretoraideal.com.br\/index.php\/wp-json\/wp\/v2\/categories?post=55612"},{"taxonomy":"post_tag","embeddable":true,"href":"https:\/\/blog.corretoraideal.com.br\/index.php\/wp-json\/wp\/v2\/tags?post=55612"}],"curies":[{"name":"wp","href":"https:\/\/api.w.org\/{rel}","templated":true}]}}