{"id":55617,"date":"2023-12-25T03:30:23","date_gmt":"2023-12-25T03:30:23","guid":{"rendered":"https:\/\/blog.corretoraideal.com.br\/?p=55617"},"modified":"2023-12-25T03:30:23","modified_gmt":"2023-12-25T03:30:23","slug":"homem-de-68-anos-e-preso-suspeito-de-abusar-de-menina-de-14-anos-em-campos-no-rj-norte-fluminense-g1","status":"publish","type":"post","link":"https:\/\/blog.corretoraideal.com.br\/index.php\/2023\/12\/25\/homem-de-68-anos-e-preso-suspeito-de-abusar-de-menina-de-14-anos-em-campos-no-rj-norte-fluminense-g1\/","title":{"rendered":"Homem de 68 anos \u00e9 preso suspeito de abusar de menina de 14 anos em Campos, no RJ | Norte Fluminense | G1"},"content":{"rendered":"<br \/>\n<h1>Homem de 68 anos \u00e9 preso suspeito de abusar de menina de 14 anos em Campos, no RJ<\/h1>\n<h2>O homem foi levado para a Deam e, neste s\u00e1bado (18), deve ser encaminhado ao pres\u00eddio masculino.<\/h2>\n<p> Por Monique teixeira, g1 &mdash; Campos <\/p>\n<p>  17\/11\/2023 21h08    Atualizado  17\/11\/2023    <\/p>\n<p> Um homem de 68 anos foi preso nesta sexta-feira (17) em <a class href=\"https:\/\/g1.globo.com\/rj\/norte-fluminense\/cidade\/campos-dos-goytacazes\/\">Campos dos Goytacazes<\/a>, no Norte Fluminense, suspeito de estuprar uma menina de 14 anos, crime que estaria sendo praticado, segundo den\u00fancia feita pelo Conselho Tutelar, dentro da oficina mec\u00e2nica do suspeito. <\/p>\n<p> Ainda de acordo com a den\u00fancia feita na Delegacia de Atendimento Especializado \u00e0 Mulher a (Deam), o homem praticava sexo com a menor em troca de dinheiro. <\/p>\n<p> A v\u00edtima confirmou que vem sendo abusada por esse suspeito desde 2019, quando ela ainda tinha 10 anos. <\/p>\n<p> A menina ainda contou que os abusos aconteceram v\u00e1rias vezes, e que, no final, o homem sempre dava de R$ 20 a R$ 50. <\/p>\n<p> O laudo da per\u00edcia da menina comprovou que ela n\u00e3o \u00e9 mais virgem. O homem foi levado para a Deam e, neste s\u00e1bado (18), deve ser encaminhado ao pres\u00eddio masculino. <\/p>\n<ul>\n<li> <a href=\"https:\/\/g1.globo.com\/rj\/norte-fluminense\/cidade\/campos-dos-goytacazes\/\" class=\"entities__list-itemLink\" data-track-click=\"Campos dos Goytacazes\"> Campos dos Goytacazes <\/a> <\/li>\n<\/ul>\n","protected":false},"excerpt":{"rendered":"<p>Homem de 68 anos \u00e9 preso suspeito de abusar de menina de 14 anos em Campos, no RJ O homem foi levado para a Deam e, neste s\u00e1bado (18), deve ser encaminhado ao pres\u00eddio masculino. Por Monique teixeira, g1 &mdash; Campos 17\/11\/2023 21h08 Atualizado 17\/11\/2023 Um homem de 68 anos foi preso nesta sexta-feira (17) [&hellip;]<\/p>\n","protected":false},"author":1,"featured_media":0,"comment_status":"closed","ping_status":"closed","sticky":false,"template":"","format":"standard","meta":{"footnotes":""},"categories":[],"tags":[],"class_list":["post-55617","post","type-post","status-publish","format-standard","hentry"],"_links":{"self":[{"href":"https:\/\/blog.corretoraideal.com.br\/index.php\/wp-json\/wp\/v2\/posts\/55617","targetHints":{"allow":["GET"]}}],"collection":[{"href":"https:\/\/blog.corretoraideal.com.br\/index.php\/wp-json\/wp\/v2\/posts"}],"about":[{"href":"https:\/\/blog.corretoraideal.com.br\/index.php\/wp-json\/wp\/v2\/types\/post"}],"author":[{"embeddable":true,"href":"https:\/\/blog.corretoraideal.com.br\/index.php\/wp-json\/wp\/v2\/users\/1"}],"replies":[{"embeddable":true,"href":"https:\/\/blog.corretoraideal.com.br\/index.php\/wp-json\/wp\/v2\/comments?post=55617"}],"version-history":[{"count":1,"href":"https:\/\/blog.corretoraideal.com.br\/index.php\/wp-json\/wp\/v2\/posts\/55617\/revisions"}],"predecessor-version":[{"id":55619,"href":"https:\/\/blog.corretoraideal.com.br\/index.php\/wp-json\/wp\/v2\/posts\/55617\/revisions\/55619"}],"wp:attachment":[{"href":"https:\/\/blog.corretoraideal.com.br\/index.php\/wp-json\/wp\/v2\/media?parent=55617"}],"wp:term":[{"taxonomy":"category","embeddable":true,"href":"https:\/\/blog.corretoraideal.com.br\/index.php\/wp-json\/wp\/v2\/categories?post=55617"},{"taxonomy":"post_tag","embeddable":true,"href":"https:\/\/blog.corretoraideal.com.br\/index.php\/wp-json\/wp\/v2\/tags?post=55617"}],"curies":[{"name":"wp","href":"https:\/\/api.w.org\/{rel}","templated":true}]}}