{"id":55629,"date":"2023-12-25T08:30:37","date_gmt":"2023-12-25T08:30:37","guid":{"rendered":"https:\/\/blog.corretoraideal.com.br\/?p=55629"},"modified":"2023-12-25T08:30:37","modified_gmt":"2023-12-25T08:30:37","slug":"firjan-esta-com-inscricoes-abertas-para-programa-de-estagio-para-estudantes-universitarios-e-de-cursos-tecnicos-regiao-serrana-g1","status":"publish","type":"post","link":"https:\/\/blog.corretoraideal.com.br\/index.php\/2023\/12\/25\/firjan-esta-com-inscricoes-abertas-para-programa-de-estagio-para-estudantes-universitarios-e-de-cursos-tecnicos-regiao-serrana-g1\/","title":{"rendered":"Firjan est\u00e1 com inscri\u00e7\u00f5es abertas para Programa de Est\u00e1gio para estudantes universit\u00e1rios e de cursos t\u00e9cnicos | Regi\u00e3o Serrana | G1"},"content":{"rendered":"<br \/>\n<h1>Firjan est\u00e1 com inscri\u00e7\u00f5es abertas para Programa de Est\u00e1gio para estudantes universit\u00e1rios e de cursos t\u00e9cnicos<\/h1>\n<h2>Inscri\u00e7\u00f5es podem ser feitas pela internet at\u00e9 o dia 3 de dezembro. Vagas s\u00e3o para diversas \u00e1reas como benef\u00edcios como bola-aux\u00edlio, aux\u00edlio-alimenta\u00e7\u00e3o, aux\u00edlio-transporte, seguro de vida e recesso remunerado.<\/h2>\n<p> Por g1 &mdash; Nova Friburgo <\/p>\n<p>  17\/11\/2023 14h37    Atualizado  17\/11\/2023    <\/p>\n<p> A Federa\u00e7\u00e3o das Ind\u00fastrias do Estado do Rio de Janeiro (Firjan) est\u00e1 com inscri\u00e7\u00f5es abertas para o Programa de Est\u00e1gio. Podem participar estudantes universit\u00e1rios e de cursos t\u00e9cnicos de diversas \u00e1reas. Os interessados devem se inscrever at\u00e9 o dia 3 de dezembro no site da Firjan, no seguinte link: <a class href=\"https:\/\/www.firjan.com.br\/trabalhe-conosco\/programa-estagio.htm\" target=\"_blank\" rel=\"noopener noreferrer\">https:\/\/www.firjan.com.br\/trabalhe-conosco\/programa-estagio.htm<\/a>. <\/p>\n<p> A dura\u00e7\u00e3o do curso vai de seis meses at\u00e9 dois anos com carga hor\u00e1ria que pode ser de quatro ou seis horas di\u00e1rias. Os benef\u00edcios incluem bolsa-aux\u00edlio, aux\u00edlio-alimenta\u00e7\u00e3o, aux\u00edlio-transporte, seguro de vida e recesso remunerado. <\/p>\n<p> Ap\u00f3s a inscri\u00e7\u00e3o, faz parte do processo de sele\u00e7\u00e3o entrevistas individuais, resolu\u00e7\u00e3o de cases, conversa de alinhamento e painel final. <\/p>\n<p> O programa de est\u00e1gio est\u00e1 previsto para come\u00e7ar em fevereiro na Firjan e suas institui\u00e7\u00f5es (Sesi e Senai). Entre as cidades eleg\u00edveis est\u00e3o Nova Friburgo e Petr\u00f3polis, na Regi\u00e3o Serrana do Rio; e Campos dos Goytacazes e Maca\u00e9, no Norte Fluminense. <a class href=\"https:\/\/jobs.i-hunter.com\/firjan\/oportunidade\/65234\" target=\"_blank\" rel=\"noopener noreferrer\">A lista completa das unidades foi disponibilizada pelo \u00f3rg\u00e3o na internet<\/a>, clicando na op\u00e7\u00e3o que aparece no texto &quot;Candidato: Informa\u00e7\u00f5es da vaga&quot;. <\/p>\n<p> O est\u00e1gio oferece aos estudantes a oportunidade de complementar a sua forma\u00e7\u00e3o escolar, por meio de experi\u00eancias profissionais e de a\u00e7\u00f5es de desenvolvimento que promovam o aperfei\u00e7oamento t\u00e9cnico, cultural e de relacionamento humano. <\/p>\n<p><h2>\u00c1reas do programa<\/h2>\n<\/p>\n<p> Estudantes de cursos t\u00e9cnicos, inclusive dos mais de 20 cursos da Firjan SENAI, e universit\u00e1rios est\u00e3o aptos a entrar no Programa de Est\u00e1gio, que engloba diversas \u00e1reas de atua\u00e7\u00e3o: Competitividade, Comunica\u00e7\u00e3o, Desenvolvimento e Inova\u00e7\u00e3o, Educa\u00e7\u00e3o, Gest\u00e3o de Pessoas, Integridade Corporativa, Jur\u00eddico, Neg\u00f3cios, Petr\u00f3leo, G\u00e1s e Naval, Planejamento e Finan\u00e7as, Planejamento Estrat\u00e9gico, Relacionamento, Rela\u00e7\u00f5es Institucionais, Sa\u00fade e Seguran\u00e7a do Trabalho, Suprimentos e Servi\u00e7os, Tecnologia da Informa\u00e7\u00e3o e Tecnologia e Inova\u00e7\u00e3o. <\/p>\n<p> \u201cO Programa de Est\u00e1gio da Firjan contribui na forma\u00e7\u00e3o de novas gera\u00e7\u00f5es de profissionais e ajuda a criar e manter um ambiente de renova\u00e7\u00e3o, de oxigena\u00e7\u00e3o permanente para a Firjan e para as empresas, que posteriormente aproveitam nossos estagi\u00e1rios\u201d, enfatiza Cintia Miranda, gerente de Sele\u00e7\u00e3o e Administra\u00e7\u00e3o de Pessoal da Firjan. <\/p>\n<p> Luiz Alexandre Cortat, de 27 anos, come\u00e7ou como estagi\u00e1rio na Biblioteca da Firjan e foi efetivado em outubro deste ano como assistente de Recursos Humanos, na \u00e1rea de Ger\u00eancia de Desenvolvimento Humano e Organizacional. <\/p>\n<p> \u201cEstagiar na Firjan foi uma experi\u00eancia incr\u00edvel, que se concretizou com a minha efetiva\u00e7\u00e3o. Ainda tive a chance de fazer uma transi\u00e7\u00e3o de carreira. Me desenvolver durante o est\u00e1gio e seguir evoluindo na empresa \u00e9 uma oportunidade \u00fanica. Desejo que todos possam viver essa experi\u00eancia\u201d, destaca Luiz. <\/p>\n<p><h2>Desenvolvimento<\/h2>\n<\/p>\n<p>         1 de 1&#013;Trilha de desenvolvimento tra\u00e7ada para os estagi\u00e1rios do Programa de Est\u00e1gio da Firjan \u2014 Foto: Reprodu\u00e7\u00e3o site Firjan    <\/p>\n<p> Trilha de desenvolvimento tra\u00e7ada para os estagi\u00e1rios do Programa de Est\u00e1gio da Firjan \u2014 Foto: Reprodu\u00e7\u00e3o site Firjan <\/p>\n<p> Para permitir um acompanhamento mais pr\u00f3ximo do estagi\u00e1rio, o programa prev\u00ea a realiza\u00e7\u00e3o de uma trilha de desenvolvimento, ou seja, momentos de capacita\u00e7\u00e3o sobre as tem\u00e1ticas mais atuais para o profissional. <\/p>\n<p> A Firjan ainda proporciona a roteiriza\u00e7\u00e3o de eventos, abordando fatores t\u00e9cnicos da forma\u00e7\u00e3o acad\u00eamica universit\u00e1ria ou da escola t\u00e9cnica, um canal de comunica\u00e7\u00e3o para discuss\u00f5es e sugest\u00f5es e, at\u00e9 mesmo, para rodas de di\u00e1logo com executivos da federa\u00e7\u00e3o. <\/p>\n<p> Cintia Miranda chama a aten\u00e7\u00e3o para o fato de o est\u00e1gio ser totalmente pr\u00e1tico e de o jovem se envolver em todas as tarefas. \u201cOs estagi\u00e1rios t\u00eam a oportunidade de vivenciar o dia a dia da profiss\u00e3o, por meio de experi\u00eancias pr\u00e1ticas, participando ativamente da rotina, dos processos e dos projetos da empresa\u201d, acrescenta. <\/p>\n<ul> <\/ul>\n<h3> <a id=\"js-next-article-desktop-link\" class=\"next-article-desktop-link\"><\/a> <\/h3>\n<h3> <a id=\"js-next-article-smart-link\" class=\"next-article-smart-link\"><\/a> <\/h3>\n<p>Veja tamb\u00e9m<\/p>\n<\/p>\n<\/p>\n<p>       Anterior   Pr\u00f3ximo     <\/p>\n","protected":false},"excerpt":{"rendered":"<p>Firjan est\u00e1 com inscri\u00e7\u00f5es abertas para Programa de Est\u00e1gio para estudantes universit\u00e1rios e de cursos t\u00e9cnicos Inscri\u00e7\u00f5es podem ser feitas pela internet at\u00e9 o dia 3 de dezembro. Vagas s\u00e3o para diversas \u00e1reas como benef\u00edcios como bola-aux\u00edlio, aux\u00edlio-alimenta\u00e7\u00e3o, aux\u00edlio-transporte, seguro de vida e recesso remunerado. Por g1 &mdash; Nova Friburgo 17\/11\/2023 14h37 Atualizado 17\/11\/2023 A [&hellip;]<\/p>\n","protected":false},"author":1,"featured_media":0,"comment_status":"closed","ping_status":"closed","sticky":false,"template":"","format":"standard","meta":{"footnotes":""},"categories":[],"tags":[],"class_list":["post-55629","post","type-post","status-publish","format-standard","hentry"],"_links":{"self":[{"href":"https:\/\/blog.corretoraideal.com.br\/index.php\/wp-json\/wp\/v2\/posts\/55629","targetHints":{"allow":["GET"]}}],"collection":[{"href":"https:\/\/blog.corretoraideal.com.br\/index.php\/wp-json\/wp\/v2\/posts"}],"about":[{"href":"https:\/\/blog.corretoraideal.com.br\/index.php\/wp-json\/wp\/v2\/types\/post"}],"author":[{"embeddable":true,"href":"https:\/\/blog.corretoraideal.com.br\/index.php\/wp-json\/wp\/v2\/users\/1"}],"replies":[{"embeddable":true,"href":"https:\/\/blog.corretoraideal.com.br\/index.php\/wp-json\/wp\/v2\/comments?post=55629"}],"version-history":[{"count":1,"href":"https:\/\/blog.corretoraideal.com.br\/index.php\/wp-json\/wp\/v2\/posts\/55629\/revisions"}],"predecessor-version":[{"id":55631,"href":"https:\/\/blog.corretoraideal.com.br\/index.php\/wp-json\/wp\/v2\/posts\/55629\/revisions\/55631"}],"wp:attachment":[{"href":"https:\/\/blog.corretoraideal.com.br\/index.php\/wp-json\/wp\/v2\/media?parent=55629"}],"wp:term":[{"taxonomy":"category","embeddable":true,"href":"https:\/\/blog.corretoraideal.com.br\/index.php\/wp-json\/wp\/v2\/categories?post=55629"},{"taxonomy":"post_tag","embeddable":true,"href":"https:\/\/blog.corretoraideal.com.br\/index.php\/wp-json\/wp\/v2\/tags?post=55629"}],"curies":[{"name":"wp","href":"https:\/\/api.w.org\/{rel}","templated":true}]}}