{"id":55638,"date":"2023-12-25T14:29:39","date_gmt":"2023-12-25T14:29:39","guid":{"rendered":"https:\/\/blog.corretoraideal.com.br\/?p=55638"},"modified":"2023-12-25T14:29:39","modified_gmt":"2023-12-25T14:29:39","slug":"os-destinos-turisticos-mais-buscados-no-google-em-2023-turismo-e-viagem-g1","status":"publish","type":"post","link":"https:\/\/blog.corretoraideal.com.br\/index.php\/2023\/12\/25\/os-destinos-turisticos-mais-buscados-no-google-em-2023-turismo-e-viagem-g1\/","title":{"rendered":"Os destinos tur\u00edsticos mais buscados no Google em 2023 | Turismo e Viagem | G1"},"content":{"rendered":"<br \/>\n<h1>Os destinos tur\u00edsticos mais buscados no Google em 2023<\/h1>\n<h2>Levantamento feito a pedido do g1 mostra as cidades mais pesquisadas por brasileiros entre janeiro e o in\u00edcio de dezembro. Entre as 10 primeiras, est\u00e3o cinco do Nordeste.<\/h2>\n<p> Por g1 <\/p>\n<p>  25\/12\/2023 08h39    Atualizado  25\/12\/2023    <\/p>\n<p> <a class href=\"https:\/\/g1.globo.com\/rj\/rio-de-janeiro\/cidade\/rio-de-janeiro\/\">Rio de Janeiro<\/a>, <a class href=\"https:\/\/g1.globo.com\/sp\/sao-paulo\/cidade\/sao-paulo\/\">S\u00e3o Paulo<\/a> e <a class href=\"https:\/\/g1.globo.com\/ba\/bahia\/cidade\/porto-seguro\/\">Porto Seguro<\/a>: estes foram os destinos que estiveram em alta entre turistas na busca do Google em 2023. Entre as 10 cidades da lista, est\u00e3o cinco do Nordeste, duas do Sudeste e duas do Sul, al\u00e9m de uma dos Estados Unidos. <\/p>\n<p> O levantamento foi feito pelo Google a pedido do <a class href=\"https:\/\/g1.globo.com\/\">g1<\/a> e mostra os destinos tur\u00edsticos que foram mais buscados na plataforma pelos brasileiros entre janeiro e o in\u00edcio de dezembro deste ano. <\/p>\n<p> No in\u00edcio do m\u00eas, <a class href=\"https:\/\/g1.globo.com\/tecnologia\/noticia\/2023\/12\/11\/os-assuntos-que-ficaram-em-alta-no-google-em-2023.ghtml\">a empresa revelou as buscas que bombaram neste ano<\/a>. A retrospectiva mostrou que a Copa do Mundo feminina, o desaparecimento do submarino Titan e o conflito em Israel e Gaza foram os que tiveram o maior aumento de interesse no ano. <\/p>\n<ul>\n<li><a class href=\"https:\/\/g1.globo.com\/turismo-e-viagem\/noticia\/2023\/12\/14\/os-destinos-do-brasil-que-apareceram-entre-os-melhores-do-mundo-em-2023.ghtml\">Os destinos do Brasil entre os melhores do mundo em 2023<\/a><\/li>\n<li><a class href=\"https:\/\/g1.globo.com\/trabalho-e-carreira\/noticia\/2023\/12\/22\/aprovacao-do-feriado-nacional-da-consciencia-negra-mantem-numero-de-feriadoes-em-2024.ghtml\">2024 ter\u00e1 poucos &#x27;feriad\u00f5es&#x27; prolongados; veja as folgas previstas<\/a><\/li>\n<\/ul>\n<p> <strong>Confira os destinos tur\u00edsticos mais buscados pelos brasileiros no Google.<\/strong> <\/p>\n<p><h2>1) Rio de Janeiro (RJ)<\/h2>\n<\/p>\n<p>         1 de 10&#013;O bondinho de Santa Teresa sobre os Arcos da Lapa, no centro do Rio \u2014 Foto: Marcos Serra Lima\/g1    <\/p>\n<p> O bondinho de Santa Teresa sobre os Arcos da Lapa, no centro do Rio \u2014 Foto: Marcos Serra Lima\/g1 <\/p>\n<p><h2>2) S\u00e3o Paulo (SP)<\/h2>\n<\/p>\n<p>         2 de 10&#013;Theatro Municipal de S\u00e3o Paulo \u2014 Foto: Celso Tavares\/G1    <\/p>\n<p> Theatro Municipal de S\u00e3o Paulo \u2014 Foto: Celso Tavares\/G1 <\/p>\n<p><h2>3) Porto Seguro (BA)<\/h2>\n<\/p>\n<p>         3 de 10&#013;Porto Seguro (BA) \u2014 Foto: Divulga\u00e7\u00e3o\/Prefeitura de Porto Seguro    <\/p>\n<p> Porto Seguro (BA) \u2014 Foto: Divulga\u00e7\u00e3o\/Prefeitura de Porto Seguro <\/p>\n<p><h2>4) Orlando (EUA)<\/h2>\n<\/p>\n<p>         4 de 10&#013;Walt Disney World Resort, em Orlando, na Fl\u00f3rida. \u2014 Foto: Reuters    <\/p>\n<p> Walt Disney World Resort, em Orlando, na Fl\u00f3rida. \u2014 Foto: Reuters <\/p>\n<p><h2>5) <a class href=\"https:\/\/g1.globo.com\/rs\/rio-grande-do-sul\/cidade\/gramado\/\">Gramado (RS)<\/a><\/h2>\n<\/p>\n<p>         5 de 10&#013;Pal\u00e1cio dos Festivais, em Gramado (RS) \u2014 Foto: RBS TV    <\/p>\n<p> Pal\u00e1cio dos Festivais, em Gramado (RS) \u2014 Foto: RBS TV <\/p>\n<p><h2>6) <a class href=\"https:\/\/g1.globo.com\/ce\/ceara\/cidade\/fortaleza\/\">Fortaleza (CE)<\/a><\/h2>\n<\/p>\n<p>         6 de 10&#013;&#039;Praia dos Crush&#039;, em Fortaleza, \u00e9 conhecida por registrar pontos de aglomera\u00e7\u00e3o nos fins de semana. \u2014 Foto: Helene Santos    <\/p>\n<p> &#039;Praia dos Crush&#039;, em Fortaleza, \u00e9 conhecida por registrar pontos de aglomera\u00e7\u00e3o nos fins de semana. \u2014 Foto: Helene Santos <\/p>\n<p><h2>7) <a class href=\"https:\/\/g1.globo.com\/ba\/bahia\/cidade\/salvador\/\">Salvador (BA)<\/a><\/h2>\n<\/p>\n<p>         7 de 10&#013;O Elevador Lacerda liga a Cidade Baixa (na regi\u00e3o do Mercado Modelo) \u00e0 Cidade Alta. \u2014 Foto: Divulga\u00e7\u00e3o\/Semob    <\/p>\n<p> O Elevador Lacerda liga a Cidade Baixa (na regi\u00e3o do Mercado Modelo) \u00e0 Cidade Alta. \u2014 Foto: Divulga\u00e7\u00e3o\/Semob <\/p>\n<p><h2>8) <a class href=\"https:\/\/g1.globo.com\/pr\/parana\/cidade\/curitiba\/\">Curitiba (PR)<\/a><\/h2>\n<\/p>\n<p>         8 de 10&#013;Jardim Bot\u00e2nico de Curitiba \u2014 Foto: Daniel Castellano\/Divulga\u00e7\u00e3o\/Prefeitura de Curitiba    <\/p>\n<p> Jardim Bot\u00e2nico de Curitiba \u2014 Foto: Daniel Castellano\/Divulga\u00e7\u00e3o\/Prefeitura de Curitiba <\/p>\n<p><h2>9) <a class href=\"https:\/\/g1.globo.com\/pe\/pernambuco\/cidade\/ipojuca\/\">Ipojuca (PE)<\/a><\/h2>\n<\/p>\n<p>         9 de 10&#013;Piscinas naturais de Porto de Galinhas, Ipojuca (PE), em foto de mar\u00e7o de 2019 \u2014 Foto: Jobosco\/Wikimedia Commons    <\/p>\n<p> Piscinas naturais de Porto de Galinhas, Ipojuca (PE), em foto de mar\u00e7o de 2019 \u2014 Foto: Jobosco\/Wikimedia Commons <\/p>\n<p><h2>10) <a class href=\"https:\/\/g1.globo.com\/al\/alagoas\/cidade\/maceio\/\">Macei\u00f3 (AL)<\/a><\/h2>\n<\/p>\n<p>         10 de 10&#013;Orla de Macei\u00f3 \u2014 Foto: Jonathan Lins\/Secom Macei\u00f3    <\/p>\n<p> Orla de Macei\u00f3 \u2014 Foto: Jonathan Lins\/Secom Macei\u00f3 <\/p>\n<p>                   <img loading=\"lazy\" decoding=\"async\" class=\"aligncenter size-full wp-image-55640\" src=\"https:\/\/blog.corretoraideal.com.br\/wp-content\/uploads\/2023\/12\/veja-melhores-destinos-brasileiros-de-2023.jpeg\" alt=\"Veja melhores destinos brasileiros de 2023\" width=\"800\" height=\"400\" \/>       <\/p>\n<p> Veja melhores destinos brasileiros de 2023 <\/p>\n<p>                    <img loading=\"lazy\" decoding=\"async\" class=\"aligncenter size-full wp-image-55641\" src=\"https:\/\/blog.corretoraideal.com.br\/wp-content\/uploads\/2023\/12\/as-buscas-na-internet-que-bombaram-no-ano-de-2023-4.jpeg\" alt=\"As buscas na internet que bombaram no ano de 2023\" width=\"800\" height=\"400\" \/>       <\/p>\n<p> As buscas na internet que bombaram no ano de 2023 <\/p>\n<ul>\n<li> <a href=\"https:\/\/g1.globo.com\/pr\/parana\/cidade\/curitiba\/\" class=\"entities__list-itemLink\" data-track-click=\"Curitiba\"> Curitiba <\/a> <\/li>\n<li> <a href=\"https:\/\/g1.globo.com\/ce\/ceara\/cidade\/fortaleza\/\" class=\"entities__list-itemLink\" data-track-click=\"Fortaleza\"> Fortaleza <\/a> <\/li>\n<li> <a href=\"https:\/\/g1.globo.com\/rs\/rio-grande-do-sul\/cidade\/gramado\/\" class=\"entities__list-itemLink\" data-track-click=\"Gramado\"> Gramado <\/a> <\/li>\n<li> <a href=\"https:\/\/g1.globo.com\/pe\/pernambuco\/cidade\/ipojuca\/\" class=\"entities__list-itemLink\" data-track-click=\"Ipojuca\"> Ipojuca <\/a> <\/li>\n<li> <a href=\"https:\/\/g1.globo.com\/al\/alagoas\/cidade\/maceio\/\" class=\"entities__list-itemLink\" data-track-click=\"Macei\u00f3\"> Macei\u00f3 <\/a> <\/li>\n<li> <a href=\"https:\/\/g1.globo.com\/ba\/bahia\/cidade\/porto-seguro\/\" class=\"entities__list-itemLink\" data-track-click=\"Porto Seguro\"> Porto Seguro <\/a> <\/li>\n<li> <a href=\"https:\/\/g1.globo.com\/rj\/rio-de-janeiro\/cidade\/rio-de-janeiro\/\" class=\"entities__list-itemLink\" data-track-click=\"Rio de Janeiro\"> Rio de Janeiro <\/a> <\/li>\n<li> <a href=\"https:\/\/g1.globo.com\/ba\/bahia\/cidade\/salvador\/\" class=\"entities__list-itemLink\" data-track-click=\"Salvador\"> Salvador <\/a> <\/li>\n<li> <a href=\"https:\/\/g1.globo.com\/sp\/sao-paulo\/cidade\/sao-paulo\/\" class=\"entities__list-itemLink\" data-track-click=\"S\u00e3o Paulo\"> S\u00e3o Paulo <\/a> <\/li>\n<\/ul>\n<h3> <a id=\"js-next-article-desktop-link\" class=\"next-article-desktop-link\"><\/a> <\/h3>\n<h3> <a id=\"js-next-article-smart-link\" class=\"next-article-smart-link\"><\/a> <\/h3>\n<p>Veja tamb\u00e9m<\/p>\n<\/p>\n<\/p>\n<p>       Anterior   Pr\u00f3ximo     <\/p>\n","protected":false},"excerpt":{"rendered":"<p>Os destinos tur\u00edsticos mais buscados no Google em 2023 Levantamento feito a pedido do g1 mostra as cidades mais pesquisadas por brasileiros entre janeiro e o in\u00edcio de dezembro. Entre as 10 primeiras, est\u00e3o cinco do Nordeste. Por g1 25\/12\/2023 08h39 Atualizado 25\/12\/2023 Rio de Janeiro, S\u00e3o Paulo e Porto Seguro: estes foram os destinos [&hellip;]<\/p>\n","protected":false},"author":1,"featured_media":0,"comment_status":"closed","ping_status":"closed","sticky":false,"template":"","format":"standard","meta":{"footnotes":""},"categories":[],"tags":[],"class_list":["post-55638","post","type-post","status-publish","format-standard","hentry"],"_links":{"self":[{"href":"https:\/\/blog.corretoraideal.com.br\/index.php\/wp-json\/wp\/v2\/posts\/55638","targetHints":{"allow":["GET"]}}],"collection":[{"href":"https:\/\/blog.corretoraideal.com.br\/index.php\/wp-json\/wp\/v2\/posts"}],"about":[{"href":"https:\/\/blog.corretoraideal.com.br\/index.php\/wp-json\/wp\/v2\/types\/post"}],"author":[{"embeddable":true,"href":"https:\/\/blog.corretoraideal.com.br\/index.php\/wp-json\/wp\/v2\/users\/1"}],"replies":[{"embeddable":true,"href":"https:\/\/blog.corretoraideal.com.br\/index.php\/wp-json\/wp\/v2\/comments?post=55638"}],"version-history":[{"count":1,"href":"https:\/\/blog.corretoraideal.com.br\/index.php\/wp-json\/wp\/v2\/posts\/55638\/revisions"}],"predecessor-version":[{"id":55642,"href":"https:\/\/blog.corretoraideal.com.br\/index.php\/wp-json\/wp\/v2\/posts\/55638\/revisions\/55642"}],"wp:attachment":[{"href":"https:\/\/blog.corretoraideal.com.br\/index.php\/wp-json\/wp\/v2\/media?parent=55638"}],"wp:term":[{"taxonomy":"category","embeddable":true,"href":"https:\/\/blog.corretoraideal.com.br\/index.php\/wp-json\/wp\/v2\/categories?post=55638"},{"taxonomy":"post_tag","embeddable":true,"href":"https:\/\/blog.corretoraideal.com.br\/index.php\/wp-json\/wp\/v2\/tags?post=55638"}],"curies":[{"name":"wp","href":"https:\/\/api.w.org\/{rel}","templated":true}]}}