{"id":55650,"date":"2023-12-25T18:30:32","date_gmt":"2023-12-25T18:30:32","guid":{"rendered":"https:\/\/blog.corretoraideal.com.br\/?p=55650"},"modified":"2023-12-25T18:30:32","modified_gmt":"2023-12-25T18:30:32","slug":"cederj-prorroga-ate-domingo-inscricao-para-o-vestibular-2024-e-anuncia-curso-de-engenharia-meteorologica-norte-fluminense-g1","status":"publish","type":"post","link":"https:\/\/blog.corretoraideal.com.br\/index.php\/2023\/12\/25\/cederj-prorroga-ate-domingo-inscricao-para-o-vestibular-2024-e-anuncia-curso-de-engenharia-meteorologica-norte-fluminense-g1\/","title":{"rendered":"Cederj prorroga at\u00e9 domingo inscri\u00e7\u00e3o para o vestibular 2024 e anuncia curso de Engenharia Meteorol\u00f3gica | Norte Fluminense | G1"},"content":{"rendered":"<br \/>\n<h1>Cederj prorroga at\u00e9 domingo inscri\u00e7\u00e3o para o vestibular 2024 e anuncia curso de Engenharia Meteorol\u00f3gica<\/h1>\n<h2>S\u00e3o mais de sete mil vagas distribu\u00eddas por 17 cursos oferecidos em 42 polos em todo o estado do Rio.<\/h2>\n<p> Por g1 &mdash; Maca\u00e9 <\/p>\n<p>  17\/11\/2023 13h35    Atualizado  17\/11\/2023    <\/p>\n<p> O Cederj prorrogou para at\u00e9 o pr\u00f3ximo domingo (17), o prazo de inscri\u00e7\u00e3o para o vestibular, que, desta vez, conta com um novo curso: de Engenharia Meteorol\u00f3gica. <\/p>\n<p> A prova ser\u00e1 realizada no dia 17 de dezembro e s aulas v\u00e3o come\u00e7ar no primeiro semestre de 2024. Ser\u00e3o mais de sete mil vagas distribu\u00eddas por 17 cursos de gradua\u00e7\u00e3o. <\/p>\n<p> Os cursos s\u00e3o oferecidos na modalidade semipresencial pelas institui\u00e7\u00f5es de ensino que comp\u00f5em o Cons\u00f3rcio Cederj. S\u00e3o elas: Cefet\/RJ, UENF, UERJ, UFF, UFRJ, UFRRJ e UniRio. S\u00e3o 42 polos espalhados por todo o Estado do Rio. E a novidade deste concurso<a class href=\"https:\/\/g1.globo.com\/rj\/regiao-dos-lagos\/noticia\/2023\/10\/05\/buzios-ganha-polo-do-cederj-e-tem-prazo-para-solicitar-isencao-de-taxa-do-vestibular-2024-ate-segunda.ghtml\"> \u00e9 a abertura do novo Polo Cederj em Arma\u00e7\u00e3o dos B\u00fazios (Regi\u00e3o dos Lagos) com os cursos de Turismo pela UNIRIO e Pedagogia pela UENF<\/a>. <\/p>\n<p> J\u00e1 os Polos de <a class href=\"https:\/\/g1.globo.com\/rj\/regiao-dos-lagos\/cidade\/rio-bonito\/\">Rio Bonito<\/a>(Regi\u00e3o Metropolitana) e <a class href=\"https:\/\/g1.globo.com\/rj\/regiao-serrana\/cidade\/teresopolis\/\">Teres\u00f3polis<\/a>(Regi\u00e3o Serrana) v\u00e3o contar com o curso de Turismo da UNIRIO. <\/p>\n<p> A taxa de inscri\u00e7\u00e3o \u00e9 de R$ 89,90 e deve ser paga at\u00e9 o dia 20 deste m\u00eas. O link para inscri\u00e7\u00e3o \u00e9: <a class href=\"https:\/\/www.cecierj.edu.br\/consorcio-%20cederj\/vestibular\/2024-1\/\" target=\"_blank\" rel=\"noopener noreferrer\">https:\/\/www.cecierj.edu.br\/consorcio- cederj\/vestibular\/2024-1\/<\/a>. <\/p>\n<p><h2>Prova em <a class href=\"https:\/\/g1.globo.com\/rj\/regiao-dos-lagos\/cidade\/macae\/\">Maca\u00e9<\/a><\/h2>\n<\/p>\n<p> Na cidade de Maca\u00e9, no Norte Fluminense, o Polo do Cederj funciona na Cidade Universit\u00e1ria, que fica na Rua Alo\u00edsio da Silva Gomes, 50, Granja dos Cavaleiros. <\/p>\n<p> No dia da prova, em 17 de dezembro, a Prefeitura de Maca\u00e9 vai prestar apoio, por meio da Secretaria Municipal Adjunta de Ensino Superior e conveniados, com a Coordena\u00e7\u00e3o de Aperfei\u00e7oamento de Pessoal de N\u00edvel Superior (CAPES), funda\u00e7\u00e3o que faz parte do Minist\u00e9rio da Educa\u00e7\u00e3o (MEC). <\/p>\n<p> Junto ao CAPES, o Polo Maca\u00e9 do Cederj conquistou recentemente nota \u201cA\u201d no monitoramento, considerada a maior nota de avalia\u00e7\u00e3o de desempenho. <\/p>\n<p> Entre os cursos ofertados em Maca\u00e9, est\u00e3o: Administra\u00e7\u00e3o (UFRRJ), Administra\u00e7\u00e3o P\u00fablica (UFF), Ci\u00eancias Biol\u00f3gicas (UENF), Ci\u00eancias Cont\u00e1beis (UFF), F\u00edsica (UFRJ), Matem\u00e1tica (UFF), Pedagogia (UniRio), Turismo (UniRio), Engenharia de Produ\u00e7\u00e3o (UFF) e Engenharia Meteorol\u00f3gica (UENF). <\/p>\n<p><h2>Engenharia Meteorol\u00f3gica<\/h2>\n<\/p>\n<p> Sobre o curso que est\u00e1 sendo oferecido no \u00e2mbito do Cons\u00f3rcio Cederj, este \u00e9 voltado para os interessados pelo clima, fen\u00f4menos naturais e previs\u00f5es meteorol\u00f3gicas. <\/p>\n<p> \u00c9 o curso de Engenharia Meteorol\u00f3gica que, por sua vez, j\u00e1 conta com um aspecto que o diferencia dos demais cursos oferecidos pelo cons\u00f3rcio. De acordo com a coordenadora do curso, a professora Maria Gertrudes Justi, parte das disciplinas \u00e9 ministrada de forma online pelo sistema EAD, tornando o aprendizado mais flex\u00edvel. <\/p>\n<p> As disciplinas como c\u00e1lculo, f\u00edsica e engenharia b\u00e1sica podem ser estudadas em casa. J\u00e1 as mat\u00e9rias espec\u00edficas do conte\u00fado de meteorologia s\u00e3o ministradas presencialmente no Laborat\u00f3rio de Meteorologia, localizado no campus da UENF em Maca\u00e9. <\/p>\n<p> \u201cAs provas s\u00e3o realizadas apenas em Maca\u00e9 porque quem vive aqui ter\u00e1 essa facilidade e ter\u00e1 condi\u00e7\u00f5es de assistir \u00e0s aulas presenciais que ser\u00e3o dadas no Campus da UENF. Queremos que o egresso do curso de Engenharia Meteorol\u00f3gica da UENF elabore an\u00e1lises e previs\u00e3o do tempo e do clima, mas ele tamb\u00e9m desenvolva, adapte e utilize tecnologias buscando solu\u00e7\u00f5es para os in\u00fameros problemas ambientais na gest\u00e3o das \u00e1guas, na produ\u00e7\u00e3o de alimentos e na gest\u00e3o de energias\u201d, pontuou Maria Gertrudes. <\/p>\n<p> O mercado de trabalho na \u00e1rea \u00e9 amplo, com oportunidades em diversos setores, como energia renov\u00e1vel, agricultura de precis\u00e3o e muito mais. <\/p>\n<p> &quot;Um dos objetivos do curso \u00e9 formar engenheiros meteorologistas treinados para buscar solu\u00e7\u00f5es para a produ\u00e7\u00e3o de alimentos e a gera\u00e7\u00e3o de energia. Al\u00e9m disso, os profissionais desta \u00e1rea desempenham um papel crucial em setores como transporte a\u00e9reo, explora\u00e7\u00e3o de petr\u00f3leo e at\u00e9 mesmo na regula\u00e7\u00e3o de energias renov\u00e1veis intermitentes, garantindo que as opera\u00e7\u00f5es aconte\u00e7am com seguran\u00e7a e efici\u00eancia de acordo com as condi\u00e7\u00f5es atmosf\u00e9ricas&quot;, explicou a Prefeitura. <\/p>\n<p><h2>Sobre o Cederj<\/h2>\n<\/p>\n<p> O Cederj oferece a oportunidade do aluno estudar de forma flex\u00edvel, adequando o curso \u00e0 sua rotina. Os cursos disponibilizam materiais exclusivos e professores especializados. Quando ao novo curso de meteorologia, oferece uma rede de alunos apaixonados pela \u00e1rea, formando profissionais qualificados para trazer solu\u00e7\u00f5es aos desafios do dia a dia, impactando a vida e a sociedade de maneira significativa. <\/p>\n<ul>\n<li> <a href=\"https:\/\/g1.globo.com\/rj\/regiao-dos-lagos\/cidade\/armacao-de-buzios\/\" class=\"entities__list-itemLink\" data-track-click=\"Arma\u00e7\u00e3o dos B\u00fazios\"> Arma\u00e7\u00e3o dos B\u00fazios <\/a> <\/li>\n<li> <a href=\"https:\/\/g1.globo.com\/rj\/regiao-dos-lagos\/cidade\/macae\/\" class=\"entities__list-itemLink\" data-track-click=\"Maca\u00e9\"> Maca\u00e9 <\/a> <\/li>\n<li> <a href=\"https:\/\/g1.globo.com\/rj\/regiao-dos-lagos\/cidade\/rio-bonito\/\" class=\"entities__list-itemLink\" data-track-click=\"Rio Bonito\"> Rio Bonito <\/a> <\/li>\n<li> <a href=\"https:\/\/g1.globo.com\/rj\/regiao-serrana\/cidade\/teresopolis\/\" class=\"entities__list-itemLink\" data-track-click=\"Teres\u00f3polis\"> Teres\u00f3polis <\/a> <\/li>\n<\/ul>\n<h3> <a id=\"js-next-article-desktop-link\" class=\"next-article-desktop-link\"><\/a> <\/h3>\n<h3> <a id=\"js-next-article-smart-link\" class=\"next-article-smart-link\"><\/a> <\/h3>\n<p>Veja tamb\u00e9m<\/p>\n<\/p>\n<\/p>\n<p>       Anterior   Pr\u00f3ximo     <\/p>\n","protected":false},"excerpt":{"rendered":"<p>Cederj prorroga at\u00e9 domingo inscri\u00e7\u00e3o para o vestibular 2024 e anuncia curso de Engenharia Meteorol\u00f3gica S\u00e3o mais de sete mil vagas distribu\u00eddas por 17 cursos oferecidos em 42 polos em todo o estado do Rio. Por g1 &mdash; Maca\u00e9 17\/11\/2023 13h35 Atualizado 17\/11\/2023 O Cederj prorrogou para at\u00e9 o pr\u00f3ximo domingo (17), o prazo de [&hellip;]<\/p>\n","protected":false},"author":1,"featured_media":0,"comment_status":"closed","ping_status":"closed","sticky":false,"template":"","format":"standard","meta":{"footnotes":""},"categories":[],"tags":[],"class_list":["post-55650","post","type-post","status-publish","format-standard","hentry"],"_links":{"self":[{"href":"https:\/\/blog.corretoraideal.com.br\/index.php\/wp-json\/wp\/v2\/posts\/55650","targetHints":{"allow":["GET"]}}],"collection":[{"href":"https:\/\/blog.corretoraideal.com.br\/index.php\/wp-json\/wp\/v2\/posts"}],"about":[{"href":"https:\/\/blog.corretoraideal.com.br\/index.php\/wp-json\/wp\/v2\/types\/post"}],"author":[{"embeddable":true,"href":"https:\/\/blog.corretoraideal.com.br\/index.php\/wp-json\/wp\/v2\/users\/1"}],"replies":[{"embeddable":true,"href":"https:\/\/blog.corretoraideal.com.br\/index.php\/wp-json\/wp\/v2\/comments?post=55650"}],"version-history":[{"count":1,"href":"https:\/\/blog.corretoraideal.com.br\/index.php\/wp-json\/wp\/v2\/posts\/55650\/revisions"}],"predecessor-version":[{"id":55652,"href":"https:\/\/blog.corretoraideal.com.br\/index.php\/wp-json\/wp\/v2\/posts\/55650\/revisions\/55652"}],"wp:attachment":[{"href":"https:\/\/blog.corretoraideal.com.br\/index.php\/wp-json\/wp\/v2\/media?parent=55650"}],"wp:term":[{"taxonomy":"category","embeddable":true,"href":"https:\/\/blog.corretoraideal.com.br\/index.php\/wp-json\/wp\/v2\/categories?post=55650"},{"taxonomy":"post_tag","embeddable":true,"href":"https:\/\/blog.corretoraideal.com.br\/index.php\/wp-json\/wp\/v2\/tags?post=55650"}],"curies":[{"name":"wp","href":"https:\/\/api.w.org\/{rel}","templated":true}]}}