{"id":55656,"date":"2023-12-25T23:29:35","date_gmt":"2023-12-25T23:29:35","guid":{"rendered":"https:\/\/blog.corretoraideal.com.br\/?p=55656"},"modified":"2023-12-25T23:29:35","modified_gmt":"2023-12-25T23:29:35","slug":"tres-pessoas-morrem-em-acidente-na-br-101-em-macae-norte-fluminense-g1","status":"publish","type":"post","link":"https:\/\/blog.corretoraideal.com.br\/index.php\/2023\/12\/25\/tres-pessoas-morrem-em-acidente-na-br-101-em-macae-norte-fluminense-g1\/","title":{"rendered":"Tr\u00eas pessoas morrem em acidente na BR-101, em Maca\u00e9 | Norte Fluminense | G1"},"content":{"rendered":"<br \/>\n<h1>Tr\u00eas pessoas morrem em acidente na BR-101, em Maca\u00e9<\/h1>\n<h2>O acidente envolveu tr\u00eas carros; entre os feridos, uma crian\u00e7a de 11 anos e uma adolescente de 17 em estado grave levados para o Hospital P\u00fablico de Maca\u00e9.<\/h2>\n<p> Por g1 &mdash; Maca\u00e9 <\/p>\n<p>  25\/12\/2023 17h52    Atualizado  25\/12\/2023    <\/p>\n<p>                      1 de 1&#013;Acidente envolveu tr\u00eas carros na BR-101, em Maca\u00e9 \u2014 Foto: Germano Junior    <\/p>\n<p> Acidente envolveu tr\u00eas carros na BR-101, em Maca\u00e9 \u2014 Foto: Germano Junior <\/p>\n<p> Tr\u00eas pessoas morreram e outras sete ficam feridas em um grave acidente envolvendo tr\u00eas carros na BR-101, em <a class href=\"https:\/\/g1.globo.com\/rj\/regiao-dos-lagos\/cidade\/macae\/\">Maca\u00e9<\/a>, no Norte Fluminense, no \u00ednicio da tarde desta segunda-feira (25). Entre os feridos, uma crian\u00e7a de 11 anos e uma adolescente de 17 anos em estado grava para o Hospital P\u00fablico de Maca\u00e9 (HPM). <\/p>\n<p> Segundo o Corpo de Bombeiros, o acionamento foi feito por volta das 14h e as tr\u00eas v\u00edtimas em \u00f3bito foram levadas para o IML de Maca\u00e9. <\/p>\n<p> Das sete pessoas feridas, uma v\u00edtima em estado moderado, quatro com ferimentos leves e duas pessoas ilesas. <\/p>\n<p> De acordo com a concession\u00e1ria que administra a rodovia, o acidente n\u00e3o causou bloqueios na via <\/p>\n<ul>\n<li> <a href=\"https:\/\/g1.globo.com\/rj\/regiao-dos-lagos\/cidade\/macae\/\" class=\"entities__list-itemLink\" data-track-click=\"Maca\u00e9\"> Maca\u00e9 <\/a> <\/li>\n<\/ul>\n<h3> <a id=\"js-next-article-desktop-link\" class=\"next-article-desktop-link\"><\/a> <\/h3>\n<h3> <a id=\"js-next-article-smart-link\" class=\"next-article-smart-link\"><\/a> <\/h3>\n<p>Veja tamb\u00e9m<\/p>\n<\/p>\n<\/p>\n<p>       Anterior   Pr\u00f3ximo     <\/p>\n","protected":false},"excerpt":{"rendered":"<p>Tr\u00eas pessoas morrem em acidente na BR-101, em Maca\u00e9 O acidente envolveu tr\u00eas carros; entre os feridos, uma crian\u00e7a de 11 anos e uma adolescente de 17 em estado grave levados para o Hospital P\u00fablico de Maca\u00e9. Por g1 &mdash; Maca\u00e9 25\/12\/2023 17h52 Atualizado 25\/12\/2023 1 de 1&#013;Acidente envolveu tr\u00eas carros na BR-101, em Maca\u00e9 [&hellip;]<\/p>\n","protected":false},"author":1,"featured_media":0,"comment_status":"closed","ping_status":"closed","sticky":false,"template":"","format":"standard","meta":{"footnotes":""},"categories":[],"tags":[],"class_list":["post-55656","post","type-post","status-publish","format-standard","hentry"],"_links":{"self":[{"href":"https:\/\/blog.corretoraideal.com.br\/index.php\/wp-json\/wp\/v2\/posts\/55656","targetHints":{"allow":["GET"]}}],"collection":[{"href":"https:\/\/blog.corretoraideal.com.br\/index.php\/wp-json\/wp\/v2\/posts"}],"about":[{"href":"https:\/\/blog.corretoraideal.com.br\/index.php\/wp-json\/wp\/v2\/types\/post"}],"author":[{"embeddable":true,"href":"https:\/\/blog.corretoraideal.com.br\/index.php\/wp-json\/wp\/v2\/users\/1"}],"replies":[{"embeddable":true,"href":"https:\/\/blog.corretoraideal.com.br\/index.php\/wp-json\/wp\/v2\/comments?post=55656"}],"version-history":[{"count":1,"href":"https:\/\/blog.corretoraideal.com.br\/index.php\/wp-json\/wp\/v2\/posts\/55656\/revisions"}],"predecessor-version":[{"id":55658,"href":"https:\/\/blog.corretoraideal.com.br\/index.php\/wp-json\/wp\/v2\/posts\/55656\/revisions\/55658"}],"wp:attachment":[{"href":"https:\/\/blog.corretoraideal.com.br\/index.php\/wp-json\/wp\/v2\/media?parent=55656"}],"wp:term":[{"taxonomy":"category","embeddable":true,"href":"https:\/\/blog.corretoraideal.com.br\/index.php\/wp-json\/wp\/v2\/categories?post=55656"},{"taxonomy":"post_tag","embeddable":true,"href":"https:\/\/blog.corretoraideal.com.br\/index.php\/wp-json\/wp\/v2\/tags?post=55656"}],"curies":[{"name":"wp","href":"https:\/\/api.w.org\/{rel}","templated":true}]}}