{"id":55659,"date":"2023-12-26T01:30:23","date_gmt":"2023-12-26T01:30:23","guid":{"rendered":"https:\/\/blog.corretoraideal.com.br\/?p=55659"},"modified":"2023-12-26T01:30:23","modified_gmt":"2023-12-26T01:30:23","slug":"comprou-pinheiro-de-natal-e-tem-duvidas-de-como-cuidar-veja-dicas-para-nao-perder-a-planta-agronegocios-g1","status":"publish","type":"post","link":"https:\/\/blog.corretoraideal.com.br\/index.php\/2023\/12\/26\/comprou-pinheiro-de-natal-e-tem-duvidas-de-como-cuidar-veja-dicas-para-nao-perder-a-planta-agronegocios-g1\/","title":{"rendered":"Comprou pinheiro de Natal e tem d\u00favidas de como cuidar? Veja dicas para n\u00e3o perder a planta | Agroneg\u00f3cios | G1"},"content":{"rendered":"<br \/>\n<h1>Comprou pinheiro de Natal e tem d\u00favidas de como cuidar? Veja dicas para n\u00e3o perder a planta<\/h1>\n<h2>Podcast &#039;De onde vem o que eu como&#039; explica como surgiu a tradi\u00e7\u00e3o de enfeitar \u00e1rvores nesta \u00e9poca do ano. <\/h2>\n<p> Por g1 <\/p>\n<p>  24\/12\/2023 04h41    Atualizado  24\/12\/2023    <\/p>\n<ul>\n<li>\n<p> Escolha um local bem ventilado dentro de casa, com fonte de luz indireta. Evite locais em que a temperatura oscile muito. <\/p>\n<\/li>\n<li>\n<p> O indicado \u00e9 regar todos os dias ou a cada dois dias. A terra n\u00e3o deve ficar encharcada, mas sim \u00famida. <\/p>\n<\/li>\n<li>\n<p> Pulverize \u00e1gua nas folhas, assim elas permanecem frescas e vibrantes. <\/p>\n<\/li>\n<\/ul>\n<p> Escolha um local bem ventilado dentro de casa, com fonte de luz indireta. Evite locais em que a temperatura oscile muito. <\/p>\n<p> O indicado \u00e9 regar todos os dias ou a cada dois dias. A terra n\u00e3o deve ficar encharcada, mas sim \u00famida. <\/p>\n<p> Pulverize \u00e1gua nas folhas, assim elas permanecem frescas e vibrantes. <\/p>\n<p>         1 de 2&#013;\u00c1rvore de Natal: saiba como cuidar em casa. \u2014 Foto: Thamara D&#039;Angieri\/ Veiling Holambra    <\/p>\n<p> \u00c1rvore de Natal: saiba como cuidar em casa. \u2014 Foto: Thamara D&#039;Angieri\/ Veiling Holambra <\/p>\n<p> Os pinheiros, tamb\u00e9m conhecidos como &quot;tuias&quot;, s\u00e3o os preferidos da decora\u00e7\u00e3o natalina. E com os cuidados corretos, essas plantas podem durar mais tempo (leia mais abaixo).  <\/p>\n<p> O podcast <a class href=\"https:\/\/g1.globo.com\/podcast\/de-onde-vem-o-que-eu-como\/\">De onde vem o que eu como <\/a>contou qual \u00e9 a origem da tradi\u00e7\u00e3o de enfeitar \u00e1rvores para o Natal. ?<strong> OU\u00c7A<\/strong> e, na sequ\u00eancia, aprenda a cuidar dos pinheiros: <\/p>\n<p> Thamara D&#x27;Angieri, gerente de Marketing e Produto da cooperativa Veiling Holambra, orienta que <strong>a escolha do local \u00e9 importante<\/strong>. Veja as principais dicas: <\/p>\n<ul>\n<li>?<strong>Lugar certo: <\/strong>opte por um local bem ventilado dentro de casa, com <strong>fonte de luz indireta<\/strong>. Evite locais em que a temperatura oscile muito;<\/li>\n<li>?\u00c1gua: o indicado \u00e9 <strong>regar todos os dias ou a cada dois dias<\/strong>. A terra n\u00e3o deve ficar encharcada, mas sim \u00famida. <\/li>\n<li>?Dica: <strong>pulverize \u00e1gua nas folhas<\/strong>, assim elas permanecem frescas e vibrantes.<\/li>\n<\/ul>\n<p><h2>E depois do Natal?<\/h2>\n<\/p>\n<p> Plante a \u00e1rvore no jardim, se voc\u00ea tiver essa possibilidade. <\/p>\n<p> Neste caso, \u00e9 importante que o pinheiro seja colocado aos poucos em contato direto com a luz do sol, para se acostumar. <\/p>\n<p> LEIA TAMB\u00c9M: <\/p>\n<ul>\n<li><strong>Melancia provoca indigest\u00e3o? <\/strong><a class href=\"https:\/\/g1.globo.com\/economia\/agronegocios\/noticia\/2023\/12\/08\/melancia-conheca-mitos-e-verdades-sobre-a-fruta.ghtml\">Conhe\u00e7a mitos e verdades sobre a fruta<\/a><\/li>\n<li><strong>Pastel com caldo de cana:<\/strong> <a class href=\"https:\/\/g1.globo.com\/economia\/agronegocios\/noticia\/2023\/12\/15\/pastel-com-caldo-de-cana-saiba-onde-surgiu-a-combinacao.ghtml\">saiba onde surgiu a combina\u00e7\u00e3o<\/a><\/li>\n<\/ul>\n<p>         2 de 2&#013;Veja dicas de como cuidar da \u00e1rvore de Natal. \u2014 Foto: Thamara D&#039;Angieri &#8211; Veiling Holambra    <\/p>\n<p> Veja dicas de como cuidar da \u00e1rvore de Natal. \u2014 Foto: Thamara D&#039;Angieri &#8211; Veiling Holambra <\/p>\n<p> ?<strong>OU\u00c7A OUTROS EPIS\u00d3DIOS:<\/strong> <\/p>\n<p> ?<strong>ASSISTA:<\/strong> <\/p>\n<p>                   <img loading=\"lazy\" decoding=\"async\" class=\"aligncenter size-full wp-image-55661\" src=\"https:\/\/blog.corretoraideal.com.br\/wp-content\/uploads\/2023\/12\/de-onde-vem-a-rosa.jpeg\" alt=\"De onde vem a rosa\" width=\"800\" height=\"400\" \/>       <\/p>\n<p> De onde vem a rosa <\/p>\n<p>                    <img loading=\"lazy\" decoding=\"async\" class=\"aligncenter size-full wp-image-55662\" src=\"https:\/\/blog.corretoraideal.com.br\/wp-content\/uploads\/2023\/12\/de-onde-vem-o-que-eu-como-flores-comestiveis-1.jpeg\" alt=\"De onde vem o que eu como: flores comest\u00edveis\" width=\"800\" height=\"400\" \/>       <\/p>\n<p> De onde vem o que eu como: flores comest\u00edveis <\/p>\n<ul> <\/ul>\n<h3> <a id=\"js-next-article-desktop-link\" class=\"next-article-desktop-link\"><\/a> <\/h3>\n<h3> <a id=\"js-next-article-smart-link\" class=\"next-article-smart-link\"><\/a> <\/h3>\n<p>Veja tamb\u00e9m<\/p>\n<\/p>\n<\/p>\n<p>       Anterior   Pr\u00f3ximo     <\/p>\n","protected":false},"excerpt":{"rendered":"<p>Comprou pinheiro de Natal e tem d\u00favidas de como cuidar? Veja dicas para n\u00e3o perder a planta Podcast &#039;De onde vem o que eu como&#039; explica como surgiu a tradi\u00e7\u00e3o de enfeitar \u00e1rvores nesta \u00e9poca do ano. Por g1 24\/12\/2023 04h41 Atualizado 24\/12\/2023 Escolha um local bem ventilado dentro de casa, com fonte de luz [&hellip;]<\/p>\n","protected":false},"author":1,"featured_media":0,"comment_status":"closed","ping_status":"closed","sticky":false,"template":"","format":"standard","meta":{"footnotes":""},"categories":[],"tags":[],"class_list":["post-55659","post","type-post","status-publish","format-standard","hentry"],"_links":{"self":[{"href":"https:\/\/blog.corretoraideal.com.br\/index.php\/wp-json\/wp\/v2\/posts\/55659","targetHints":{"allow":["GET"]}}],"collection":[{"href":"https:\/\/blog.corretoraideal.com.br\/index.php\/wp-json\/wp\/v2\/posts"}],"about":[{"href":"https:\/\/blog.corretoraideal.com.br\/index.php\/wp-json\/wp\/v2\/types\/post"}],"author":[{"embeddable":true,"href":"https:\/\/blog.corretoraideal.com.br\/index.php\/wp-json\/wp\/v2\/users\/1"}],"replies":[{"embeddable":true,"href":"https:\/\/blog.corretoraideal.com.br\/index.php\/wp-json\/wp\/v2\/comments?post=55659"}],"version-history":[{"count":1,"href":"https:\/\/blog.corretoraideal.com.br\/index.php\/wp-json\/wp\/v2\/posts\/55659\/revisions"}],"predecessor-version":[{"id":55663,"href":"https:\/\/blog.corretoraideal.com.br\/index.php\/wp-json\/wp\/v2\/posts\/55659\/revisions\/55663"}],"wp:attachment":[{"href":"https:\/\/blog.corretoraideal.com.br\/index.php\/wp-json\/wp\/v2\/media?parent=55659"}],"wp:term":[{"taxonomy":"category","embeddable":true,"href":"https:\/\/blog.corretoraideal.com.br\/index.php\/wp-json\/wp\/v2\/categories?post=55659"},{"taxonomy":"post_tag","embeddable":true,"href":"https:\/\/blog.corretoraideal.com.br\/index.php\/wp-json\/wp\/v2\/tags?post=55659"}],"curies":[{"name":"wp","href":"https:\/\/api.w.org\/{rel}","templated":true}]}}