{"id":55669,"date":"2023-12-26T04:29:37","date_gmt":"2023-12-26T04:29:37","guid":{"rendered":"https:\/\/blog.corretoraideal.com.br\/?p=55669"},"modified":"2023-12-26T04:29:37","modified_gmt":"2023-12-26T04:29:37","slug":"mae-e-presa-apos-confessar-bater-e-matar-filha-de-1-ano-em-campos-norte-fluminense-g1","status":"publish","type":"post","link":"https:\/\/blog.corretoraideal.com.br\/index.php\/2023\/12\/26\/mae-e-presa-apos-confessar-bater-e-matar-filha-de-1-ano-em-campos-norte-fluminense-g1\/","title":{"rendered":"M\u00e3e \u00e9 presa ap\u00f3s confessar bater e matar filha de 1 ano em Campos | Norte Fluminense | G1"},"content":{"rendered":"<br \/>\n<h1>M\u00e3e \u00e9 presa ap\u00f3s confessar bater e matar filha de 1 ano em Campos<\/h1>\n<h2>A mulher chegou a levar a crian\u00e7a \u00e0 emerg\u00eancia m\u00e9dica, mas a menina j\u00e1 estava morta.<\/h2>\n<p> Por g1 &mdash; Campos dos Goytacazes <\/p>\n<p>  25\/12\/2023 17h29    Atualizado  25\/12\/2023    <\/p>\n<p> Uma mulher foi presa neste domingo (24) suspeita de agredir a pr\u00f3pria filha de 1 ano de idade em <a class href=\"https:\/\/g1.globo.com\/rj\/norte-fluminense\/cidade\/campos-dos-goytacazes\/\">Campos dos Goytacazes<\/a>, no Norte Fluminense. <\/p>\n<p> O caso aconteceu na tarde de s\u00e1bado (23) na localidade conhecida como invas\u00e3o das Casinhas do Novo Horizonte, no subdistrito de Guarus. Ela contou ter se estressado com o choro da crian\u00e7a no carrinho de beb\u00ea. <\/p>\n<p> A mulher ainda relatou ter arremessado a menina duas vezes no ch\u00e3o, depois ter batido com uma vara e em seguida medicado a v\u00edtima com dois rem\u00e9dios. <\/p>\n<p> Os policiais militares foram at\u00e9 o Hospital Ferreira Machado no domingo para verificar a ocorr\u00eancia de maus tratos a uma crian\u00e7a. Ainda de acordo com a PM, a assist\u00eancia social do hospital informou que uma mulher teria chegado com a crian\u00e7a j\u00e1 morta com marcas de agress\u00e3o. <\/p>\n<p> A mulher foi presa e levada para a 146\u00ba DP, onde o caso foi registrado e foi autuada por les\u00e3o corporal seguida de morte. <\/p>\n<p> Segundo o delegado Carlos Augusto, titular da Delegacia de Guarus, a mulher confirmou o caso e uma colega da suspeita contou que ela estaria passando por depress\u00e3o p\u00f3s-parto. <\/p>\n<p> A mulher foi transferida para o pres\u00eddio feminino de Campos. <\/p>\n<ul>\n<li> <a href=\"https:\/\/g1.globo.com\/rj\/norte-fluminense\/cidade\/campos-dos-goytacazes\/\" class=\"entities__list-itemLink\" data-track-click=\"Campos dos Goytacazes\"> Campos dos Goytacazes <\/a> <\/li>\n<\/ul>\n<h3> <a id=\"js-next-article-desktop-link\" class=\"next-article-desktop-link\"><\/a> <\/h3>\n<h3> <a id=\"js-next-article-smart-link\" class=\"next-article-smart-link\"><\/a> <\/h3>\n<p>Veja tamb\u00e9m<\/p>\n<\/p>\n<\/p>\n<p>       Anterior   Pr\u00f3ximo     <\/p>\n","protected":false},"excerpt":{"rendered":"<p>M\u00e3e \u00e9 presa ap\u00f3s confessar bater e matar filha de 1 ano em Campos A mulher chegou a levar a crian\u00e7a \u00e0 emerg\u00eancia m\u00e9dica, mas a menina j\u00e1 estava morta. Por g1 &mdash; Campos dos Goytacazes 25\/12\/2023 17h29 Atualizado 25\/12\/2023 Uma mulher foi presa neste domingo (24) suspeita de agredir a pr\u00f3pria filha de 1 [&hellip;]<\/p>\n","protected":false},"author":1,"featured_media":0,"comment_status":"closed","ping_status":"closed","sticky":false,"template":"","format":"standard","meta":{"footnotes":""},"categories":[],"tags":[],"class_list":["post-55669","post","type-post","status-publish","format-standard","hentry"],"_links":{"self":[{"href":"https:\/\/blog.corretoraideal.com.br\/index.php\/wp-json\/wp\/v2\/posts\/55669","targetHints":{"allow":["GET"]}}],"collection":[{"href":"https:\/\/blog.corretoraideal.com.br\/index.php\/wp-json\/wp\/v2\/posts"}],"about":[{"href":"https:\/\/blog.corretoraideal.com.br\/index.php\/wp-json\/wp\/v2\/types\/post"}],"author":[{"embeddable":true,"href":"https:\/\/blog.corretoraideal.com.br\/index.php\/wp-json\/wp\/v2\/users\/1"}],"replies":[{"embeddable":true,"href":"https:\/\/blog.corretoraideal.com.br\/index.php\/wp-json\/wp\/v2\/comments?post=55669"}],"version-history":[{"count":1,"href":"https:\/\/blog.corretoraideal.com.br\/index.php\/wp-json\/wp\/v2\/posts\/55669\/revisions"}],"predecessor-version":[{"id":55671,"href":"https:\/\/blog.corretoraideal.com.br\/index.php\/wp-json\/wp\/v2\/posts\/55669\/revisions\/55671"}],"wp:attachment":[{"href":"https:\/\/blog.corretoraideal.com.br\/index.php\/wp-json\/wp\/v2\/media?parent=55669"}],"wp:term":[{"taxonomy":"category","embeddable":true,"href":"https:\/\/blog.corretoraideal.com.br\/index.php\/wp-json\/wp\/v2\/categories?post=55669"},{"taxonomy":"post_tag","embeddable":true,"href":"https:\/\/blog.corretoraideal.com.br\/index.php\/wp-json\/wp\/v2\/tags?post=55669"}],"curies":[{"name":"wp","href":"https:\/\/api.w.org\/{rel}","templated":true}]}}