{"id":55672,"date":"2023-12-26T06:30:08","date_gmt":"2023-12-26T06:30:08","guid":{"rendered":"https:\/\/blog.corretoraideal.com.br\/?p=55672"},"modified":"2023-12-26T06:30:08","modified_gmt":"2023-12-26T06:30:08","slug":"video-produtor-que-colheu-abacaxi-desengocado-no-es-prova-a-fruta-espirito-santo-g1","status":"publish","type":"post","link":"https:\/\/blog.corretoraideal.com.br\/index.php\/2023\/12\/26\/video-produtor-que-colheu-abacaxi-desengocado-no-es-prova-a-fruta-espirito-santo-g1\/","title":{"rendered":"V\u00cdDEO: Produtor que colheu abacaxi &#039;desengo\u00e7ado&#039; no ES prova a fruta | Esp\u00edrito Santo | G1"},"content":{"rendered":"<br \/>\n<h1>V\u00cdDEO: Produtor que colheu abacaxi &#039;desengo\u00e7ado&#039; no ES prova a fruta<\/h1>\n<h2>O produtor rural Josias de Lima Menini colheu um abacaxi com formato desengon\u00e7ado na comunidade de C\u00f3rrego do Parado, em \u00c1guia Branca, no Noroeste do Esp\u00edrito Santo. <\/h2>\n<p> Por <a class=\"multi_signatures\" href=\"https:\/\/g1.globo.com\/autores\/viviann-barcelos\/\">Viviann Barcelos<\/a>, g1 ES <\/p>\n<p>  24\/12\/2023 03h40    Atualizado  24\/12\/2023    <\/p>\n<p>                             <img loading=\"lazy\" decoding=\"async\" class=\"aligncenter size-full wp-image-55674\" src=\"https:\/\/blog.corretoraideal.com.br\/wp-content\/uploads\/2023\/12\/produtor-prova-abacaxi-com-formato-desengoncado-que-foi-colhido-no-es.jpeg\" alt=\"Produtor prova abacaxi com formato desengon\u00e7ado que foi colhido no ES\" width=\"800\" height=\"400\" \/>       <\/p>\n<p> Produtor prova abacaxi com formato desengon\u00e7ado que foi colhido no ES <\/p>\n<p> O produtor rural Josias de Lima Menini, <a class href=\"https:\/\/g1.globo.com\/es\/espirito-santo\/noticia\/2023\/12\/23\/saiu-toda-desengoncada-diz-produtor-que-colheu-abacaxi-em-formato-diferente-no-es-veja-video.ghtml\">que colheu um abacaxi com formato desengon\u00e7ado<\/a> na comunidade de C\u00f3rrego do Parado, em \u00c1guia Branca, no Noroeste do Esp\u00edrito Santo, cortou e comeu um peda\u00e7o da fruta no final da tarde deste s\u00e1bado (23) e disse ao <a class href=\"https:\/\/g1.globo.com\/\">g1<\/a> como foi a experi\u00eancia. <\/p>\n<ul>\n<li><a class href=\"https:\/\/api.whatsapp.com\/send?text=https:\/\/g1.globo.com\/es\/espirito-santo\/noticia\/2023\/12\/24\/video-produtor-que-colheu-abacaxi-desengocado-no-es-prova-a-fruta.ghtml?utm_source%3Dwhatsapp%26utm_medium%3Dshare-engagement%26utm_campaign%3Dte-materias\" target=\"_blank\" rel=\"noopener noreferrer\"><strong>Compartilhe no WhatsApp<\/strong><\/a><\/li>\n<li><a class href=\"https:\/\/telegram.me\/share\/url?url=https:\/\/g1.globo.com\/es\/espirito-santo\/noticia\/2023\/12\/24\/video-produtor-que-colheu-abacaxi-desengocado-no-es-prova-a-fruta.ghtml?utm_source%3Dtelegram%26utm_medium%3Dshare-engagement%26utm_campaign%3Dte-materias\" target=\"_blank\" rel=\"noopener noreferrer\"><strong>Compartilhe no Telegram<\/strong><\/a><\/li>\n<\/ul>\n<p>&quot;Deus me livre, estava delicioso! Estava doce. Eu s\u00f3 tirei um peda\u00e7o porque todo mundo quer que corte, mas muita gente quer ver a fruta ainda. A\u00ed fiz esse v\u00eddeo, mas vou esperar algumas pessoas verem pra acreditar&quot;, disse o produtor rural. <\/p>\n<p>         1 de 4&#013;Produtor prova abacaxi diferent\u00e3o colhido no ES \u2014 Foto: Reprodu\u00e7\u00e3o    <\/p>\n<p> Produtor prova abacaxi diferent\u00e3o colhido no ES \u2014 Foto: Reprodu\u00e7\u00e3o <\/p>\n<p> De acordo com o produtor, outras pessoas tamb\u00e9m experimentaram a fruta, como o filho e os sobrinhos. <\/p>\n<p>&quot;Estava mais cristalizado, mais fibroso mesmo. Ainda, sim, estava doce. N\u00e3o t\u00e3o doce como as demais frutas que tamb\u00e9m foram colhidas, mas ainda estava bem saboroso&quot;, comentou. <\/p>\n<p> Josias colheu o abacaxi na manh\u00e3 de sexta-feira (22) na propriedade do cunhado, que \u00e9 vizinho de onde ele mora. A fruta tem cerca de 40 cent\u00edmetros, pesa 4.795 quilos e, segundo o produtor, algumas pessoas disseram que parecia um tapete devido ao formato desengon\u00e7ado. <\/p>\n<p>         2 de 4&#013;Produtor corta e prova abacaxi diferent\u00e3o colhido no ES \u2014 Foto: Arquivo pessoal    <\/p>\n<p> Produtor corta e prova abacaxi diferent\u00e3o colhido no ES \u2014 Foto: Arquivo pessoal <\/p>\n<p> Ap\u00f3s postar a foto da fruta nas redes sociais, o produtor disse que muita gente ficou curiosa e outras pessoas nem acreditaram. <\/p>\n<p>&quot;Tem gente que agora t\u00e1 pedindo a graminha de cima, que \u00e9 a coroa pra fazer uma muda. Mas agora eu vou congelar para outras pessoas verem&quot;, comentou. <\/p>\n<p> <a class href=\"https:\/\/bit.ly\/canalg1ES\" target=\"_blank\" rel=\"noopener noreferrer\"><strong>? Clique aqui para seguir o canal do g1 ES no WhatsApp <\/strong><\/a> <\/p>\n<p><h2>Muta\u00e7\u00e3o gen\u00e9tica <\/h2>\n<\/p>\n<p>         3 de 4&#013;Abacaxi em formato diferente colhido no ES pode ter sofrido uma muta\u00e7\u00e3o gen\u00e9tica \u2014 Foto: Arquivo pessoal    <\/p>\n<p> Abacaxi em formato diferente colhido no ES pode ter sofrido uma muta\u00e7\u00e3o gen\u00e9tica \u2014 Foto: Arquivo pessoal <\/p>\n<p> De acordo com o pesquisador do Instituto Capixaba de Pesquisa, Assist\u00eancia T\u00e9cnica e Extens\u00e3o Rural (Incaper) Jos\u00e9 Aires Ventura, o formato diferente do abacaxi trata-se de uma muta\u00e7\u00e3o gen\u00e9tica da fruta. <\/p>\n<p>&quot;Trata-se de uma fascia\u00e7\u00e3o do abacaxi. Essa muta\u00e7\u00e3o \u00e9 influenciada por v\u00e1rios fatores, principalmente a temperatura. Com a temperatura muito alta, causa da prolifera\u00e7\u00e3o de coroas da fruta, que v\u00e3o se abrindo em formato de leque&quot;, disse. <\/p>\n<p> O pesquisador, que \u00e9 fitopatologista especialista no desenvolvimento de abacaxis, disse que n\u00e3o \u00e9 poss\u00edvel identificar a variedade da fruta s\u00f3 pela imagens. <\/p>\n<p> Apesar disso, Aires explicou que variedade de abacaxi predominante no estado \u00e9 o p\u00e9rola, comum em Marata\u00edzes, no Sul do estado. <\/p>\n<p>         4 de 4&#013;Abacaxi em formato diferente chama aten\u00e7\u00e3o de moradores de \u00c1guia Branca, no Noroeste do ES \u2014 Foto: Arquivo pessoal    <\/p>\n<p> Abacaxi em formato diferente chama aten\u00e7\u00e3o de moradores de \u00c1guia Branca, no Noroeste do ES \u2014 Foto: Arquivo pessoal <\/p>\n<p>&quot;O p\u00e9rola \u00e9 mais resistente. Mas aqui no estado tamb\u00e9m temos o Smooth Cayenne, que \u00e9 aquele que era plantado antigamente. Esse \u00e9 mais sens\u00edvel&quot;, disse. <\/p>\n<p> Apesar do formato diferente, o pesquisador disse ainda que n\u00e3o h\u00e1 problema em comer a fruta. <\/p>\n<p>&quot;Ela s\u00f3 vai estar mais fibrosa. O abacaxi normal tem uma coroa s\u00f3. Ao inv\u00e9s de uma, esse tem dezenas e as coroas s\u00e3o todas abertas. Al\u00e9m disso, ela n\u00e3o tem a\u00e7\u00facar. Mas n\u00e3o tem problema comer&quot;, explicou o pesquisador. <\/p>\n<p> O especialista disse ainda que o formato da fruta \u00e9 utilizado para enfeitar mesas de Natal. <\/p>\n<p>&quot;Fica bonito para enfeitar as mesas natalinas. Ocorre com maior frequ\u00eancia nesta \u00e9poca do ano quando a temperatura \u00e9 mais elevada durante a forma\u00e7\u00e3o do fruto&quot;, finalizou. <\/p>\n<p><h2>V\u00eddeos: tudo sobre o Esp\u00edrito Santo<\/h2>\n<\/p>\n<p>   <a href=\"https:\/\/g1.globo.com\/es\/espirito-santo\/edicao\/2021\/01\/29\/videos-tudo-sobre-o-es.ghtml\">    50 v\u00eddeos      <\/a>       <\/p>\n<ul>\n<li><a class href=\"http:\/\/g1.globo.com\/espirito-santo\/ultimas-noticias.html\"><strong>Veja o plant\u00e3o de \u00faltimas not\u00edcias do g1 Esp\u00edrito Santo<\/strong><\/a><\/li>\n<\/ul>\n<ul>\n<li> <a href=\"https:\/\/g1.globo.com\/topico\/espirito-santo\" class=\"entities__list-itemLink\" data-track-click=\"Esp\u00edrito Santo\"> Esp\u00edrito Santo <\/a> <\/li>\n<\/ul>\n<h3> <a id=\"js-next-article-desktop-link\" class=\"next-article-desktop-link\"><\/a> <\/h3>\n<h3> <a id=\"js-next-article-smart-link\" class=\"next-article-smart-link\"><\/a> <\/h3>\n<p>Veja tamb\u00e9m<\/p>\n<\/p>\n<\/p>\n<p>       Anterior   Pr\u00f3ximo     <\/p>\n","protected":false},"excerpt":{"rendered":"<p>V\u00cdDEO: Produtor que colheu abacaxi &#039;desengo\u00e7ado&#039; no ES prova a fruta O produtor rural Josias de Lima Menini colheu um abacaxi com formato desengon\u00e7ado na comunidade de C\u00f3rrego do Parado, em \u00c1guia Branca, no Noroeste do Esp\u00edrito Santo. Por Viviann Barcelos, g1 ES 24\/12\/2023 03h40 Atualizado 24\/12\/2023 Produtor prova abacaxi com formato desengon\u00e7ado que foi [&hellip;]<\/p>\n","protected":false},"author":1,"featured_media":0,"comment_status":"closed","ping_status":"closed","sticky":false,"template":"","format":"standard","meta":{"footnotes":""},"categories":[],"tags":[],"class_list":["post-55672","post","type-post","status-publish","format-standard","hentry"],"_links":{"self":[{"href":"https:\/\/blog.corretoraideal.com.br\/index.php\/wp-json\/wp\/v2\/posts\/55672","targetHints":{"allow":["GET"]}}],"collection":[{"href":"https:\/\/blog.corretoraideal.com.br\/index.php\/wp-json\/wp\/v2\/posts"}],"about":[{"href":"https:\/\/blog.corretoraideal.com.br\/index.php\/wp-json\/wp\/v2\/types\/post"}],"author":[{"embeddable":true,"href":"https:\/\/blog.corretoraideal.com.br\/index.php\/wp-json\/wp\/v2\/users\/1"}],"replies":[{"embeddable":true,"href":"https:\/\/blog.corretoraideal.com.br\/index.php\/wp-json\/wp\/v2\/comments?post=55672"}],"version-history":[{"count":1,"href":"https:\/\/blog.corretoraideal.com.br\/index.php\/wp-json\/wp\/v2\/posts\/55672\/revisions"}],"predecessor-version":[{"id":55675,"href":"https:\/\/blog.corretoraideal.com.br\/index.php\/wp-json\/wp\/v2\/posts\/55672\/revisions\/55675"}],"wp:attachment":[{"href":"https:\/\/blog.corretoraideal.com.br\/index.php\/wp-json\/wp\/v2\/media?parent=55672"}],"wp:term":[{"taxonomy":"category","embeddable":true,"href":"https:\/\/blog.corretoraideal.com.br\/index.php\/wp-json\/wp\/v2\/categories?post=55672"},{"taxonomy":"post_tag","embeddable":true,"href":"https:\/\/blog.corretoraideal.com.br\/index.php\/wp-json\/wp\/v2\/tags?post=55672"}],"curies":[{"name":"wp","href":"https:\/\/api.w.org\/{rel}","templated":true}]}}