{"id":55694,"date":"2023-12-26T14:29:41","date_gmt":"2023-12-26T14:29:41","guid":{"rendered":"https:\/\/blog.corretoraideal.com.br\/?p=55694"},"modified":"2023-12-26T14:29:41","modified_gmt":"2023-12-26T14:29:41","slug":"iff-prorroga-inscricoes-para-cursos-tecnicos-integrados-ao-ensino-medio-na-modalidade-da-educacao-de-jovens-e-adultos-norte-fluminense-g1","status":"publish","type":"post","link":"https:\/\/blog.corretoraideal.com.br\/index.php\/2023\/12\/26\/iff-prorroga-inscricoes-para-cursos-tecnicos-integrados-ao-ensino-medio-na-modalidade-da-educacao-de-jovens-e-adultos-norte-fluminense-g1\/","title":{"rendered":"IFF prorroga inscri\u00e7\u00f5es para Cursos T\u00e9cnicos Integrados ao Ensino M\u00e9dio na modalidade da Educa\u00e7\u00e3o de Jovens e Adultos | Norte Fluminense | G1"},"content":{"rendered":"<br \/>\n<h1>IFF prorroga inscri\u00e7\u00f5es para Cursos T\u00e9cnicos Integrados ao Ensino M\u00e9dio na modalidade da Educa\u00e7\u00e3o de Jovens e Adultos <\/h1>\n<h2>Inscri\u00e7\u00f5es seguem at\u00e9 24 de novembro e podem ser feitas pela internet ou presencialmente.<\/h2>\n<p> Por g1 &mdash; Norte Fluminense <\/p>\n<p>  16\/11\/2023 17h23    Atualizado  16\/11\/2023    <\/p>\n<p> Instituto Federal Fluminense (<a class href=\"https:\/\/g1.globo.com\/educacao\/universidade\/iff\/\">IFF<\/a>) prorrogou as inscri\u00e7\u00f5es gratuitas para Cursos T\u00e9cnicos Integrados ao Ensino M\u00e9dio na modalidade da Educa\u00e7\u00e3o de Jovens e Adultos (Proeja) at\u00e9 o dia 24 de novembro. <\/p>\n<p> As inscri\u00e7\u00f5es podem ser feitas pela internet ou presencialmente. A inscri\u00e7\u00e3o on-line deve ser feita pelo <a class href=\"https:\/\/inscricoes.iff.edu.br\/\" target=\"_blank\" rel=\"noopener noreferrer\">Portal de Inscri\u00e7\u00f5es<\/a>, onde o usu\u00e1rio deve utilizar a conta do Portal gov.br. <\/p>\n<p> J\u00e1 as inscri\u00e7\u00f5es presenciais devem ser realizadas nos campi ofertantes das vagas, conforme endere\u00e7os, dias e hor\u00e1rios de atendimento relacionados no edital. <\/p>\n<p> O prazo para a entrega da documenta\u00e7\u00e3o tamb\u00e9m foi estendido at\u00e9 o dia 28 de novembro. O edital com a retifica\u00e7\u00e3o foi publicado no dia 16 de novembro, sob o n\u00b0, 269. <\/p>\n<p> As inscri\u00e7\u00f5es, gratuitas, foram prorrogadas e podem ser feitas at\u00e9 o dia 24 de novembro de 2023, no Portal de Inscri\u00e7\u00f5es, ou presencialmente nos campi ofertantes das vagas, conforme endere\u00e7os, dias e hor\u00e1rios de atendimento relacionados no edital. A entrega de documentos tamb\u00e9m foi estendida, podendo ser feita at\u00e9 o dia 28 de novembro. <\/p>\n<p> Estas e outras informa\u00e7\u00f5es podem ser ace <\/p>\n<p> Outras informa\u00e7\u00f5es e o link do edital est\u00e3o dispon\u00edveis <a class href=\"https:\/\/selecoes.iff.edu.br\/ingresso-de-estudantes\/processo-seletivo-de-cursos-tecnicos\/2024\/processo_seletivo-2\" target=\"_blank\" rel=\"noopener noreferrer\">no Portal de Sele\u00e7\u00f5es<\/a>. <\/p>\n<ul>\n<li> <a href=\"https:\/\/g1.globo.com\/educacao\/universidade\/iff\/\" class=\"entities__list-itemLink\" data-track-click=\"IFF\"> IFF <\/a> <\/li>\n<\/ul>\n<h3> <a id=\"js-next-article-desktop-link\" class=\"next-article-desktop-link\"><\/a> <\/h3>\n<h3> <a id=\"js-next-article-smart-link\" class=\"next-article-smart-link\"><\/a> <\/h3>\n<p>Veja tamb\u00e9m<\/p>\n<\/p>\n<\/p>\n<p>       Anterior   Pr\u00f3ximo     <\/p>\n","protected":false},"excerpt":{"rendered":"<p>IFF prorroga inscri\u00e7\u00f5es para Cursos T\u00e9cnicos Integrados ao Ensino M\u00e9dio na modalidade da Educa\u00e7\u00e3o de Jovens e Adultos Inscri\u00e7\u00f5es seguem at\u00e9 24 de novembro e podem ser feitas pela internet ou presencialmente. Por g1 &mdash; Norte Fluminense 16\/11\/2023 17h23 Atualizado 16\/11\/2023 Instituto Federal Fluminense (IFF) prorrogou as inscri\u00e7\u00f5es gratuitas para Cursos T\u00e9cnicos Integrados ao Ensino [&hellip;]<\/p>\n","protected":false},"author":1,"featured_media":0,"comment_status":"closed","ping_status":"closed","sticky":false,"template":"","format":"standard","meta":{"footnotes":""},"categories":[],"tags":[],"class_list":["post-55694","post","type-post","status-publish","format-standard","hentry"],"_links":{"self":[{"href":"https:\/\/blog.corretoraideal.com.br\/index.php\/wp-json\/wp\/v2\/posts\/55694","targetHints":{"allow":["GET"]}}],"collection":[{"href":"https:\/\/blog.corretoraideal.com.br\/index.php\/wp-json\/wp\/v2\/posts"}],"about":[{"href":"https:\/\/blog.corretoraideal.com.br\/index.php\/wp-json\/wp\/v2\/types\/post"}],"author":[{"embeddable":true,"href":"https:\/\/blog.corretoraideal.com.br\/index.php\/wp-json\/wp\/v2\/users\/1"}],"replies":[{"embeddable":true,"href":"https:\/\/blog.corretoraideal.com.br\/index.php\/wp-json\/wp\/v2\/comments?post=55694"}],"version-history":[{"count":1,"href":"https:\/\/blog.corretoraideal.com.br\/index.php\/wp-json\/wp\/v2\/posts\/55694\/revisions"}],"predecessor-version":[{"id":55696,"href":"https:\/\/blog.corretoraideal.com.br\/index.php\/wp-json\/wp\/v2\/posts\/55694\/revisions\/55696"}],"wp:attachment":[{"href":"https:\/\/blog.corretoraideal.com.br\/index.php\/wp-json\/wp\/v2\/media?parent=55694"}],"wp:term":[{"taxonomy":"category","embeddable":true,"href":"https:\/\/blog.corretoraideal.com.br\/index.php\/wp-json\/wp\/v2\/categories?post=55694"},{"taxonomy":"post_tag","embeddable":true,"href":"https:\/\/blog.corretoraideal.com.br\/index.php\/wp-json\/wp\/v2\/tags?post=55694"}],"curies":[{"name":"wp","href":"https:\/\/api.w.org\/{rel}","templated":true}]}}