{"id":55714,"date":"2023-12-26T21:30:05","date_gmt":"2023-12-26T21:30:05","guid":{"rendered":"https:\/\/blog.corretoraideal.com.br\/?p=55714"},"modified":"2023-12-26T21:30:05","modified_gmt":"2023-12-26T21:30:05","slug":"haddad-se-reune-com-alckmin-e-discute-medidas-para-a-industria-e-preco-do-diesel-economia-g1","status":"publish","type":"post","link":"https:\/\/blog.corretoraideal.com.br\/index.php\/2023\/12\/26\/haddad-se-reune-com-alckmin-e-discute-medidas-para-a-industria-e-preco-do-diesel-economia-g1\/","title":{"rendered":"Haddad se re\u00fane com Alckmin e discute medidas para a ind\u00fastria e pre\u00e7o do diesel | Economia | G1"},"content":{"rendered":"<br \/>\n<h1>Haddad se re\u00fane com Alckmin e discute medidas para a ind\u00fastria e pre\u00e7o do diesel<\/h1>\n<h2>Encontro ocorre em meio \u00e0 expectativa de que o ministro da Fazenda anuncie, nos pr\u00f3ximos dias, medidas para a economia. <\/h2>\n<p> Por <a class=\"multi_signatures\" href=\"https:\/\/g1.globo.com\/autores\/reynaldo-turollo-jr\/\">Reynaldo Turollo Jr<\/a>, g1 &mdash; Bras\u00edlia <\/p>\n<p>  26\/12\/2023 16h47    Atualizado  26\/12\/2023    <\/p>\n<p> O ministro da Fazenda, <a class href=\"https:\/\/g1.globo.com\/politica\/politico\/fernando-haddad\/\">Fernando Haddad<\/a>, se reuniu nesta ter\u00e7a-feira (26) com o vice-presidente e ministro da Ind\u00fastria e Com\u00e9rcio, Geraldo Alckmin. Foram discutidos, segundo Haddad, o pre\u00e7o do diesel e medidas para a ind\u00fastria. <\/p>\n<p> O encontro ocorreu em meio \u00e0 expectativa de que Haddad anuncie, nos pr\u00f3ximos dias, medidas para a economia. Questionado por jornalistas sobre quais ser\u00e3o, o ministro n\u00e3o quis adiantar. Mas disse que as propostas v\u00e3o passar pela Casa Civil, pela an\u00e1lise do presidente, Luiz In\u00e1cio Lula da Silva, e devem ser apresentadas \u00e0 popula\u00e7\u00e3o ainda este ano. <\/p>\n<p> A equipe econ\u00f4mica do governo busca formas de aumentar a arrecada\u00e7\u00e3o e, assim, conseguir zerar o d\u00e9ficit fiscal em 2024, como est\u00e1 previsto no Or\u00e7amento. <\/p>\n<p>                   <img loading=\"lazy\" decoding=\"async\" class=\"aligncenter size-full wp-image-55716\" src=\"https:\/\/blog.corretoraideal.com.br\/wp-content\/uploads\/2023\/12\/imagem26-12-2023-21-12-01.jpeg\" alt=\"imagem26-12-2023-21-12-01\" width=\"800\" height=\"400\" \/>       <\/p>\n<p> &#8216;Reforma Tribut\u00e1ria vai sinalizar um ciclo virtuoso na economia brasileira&#8217;, diz Gerson Camarotti <\/p>\n<p> Veja abaixo o que Haddad debateu com Alckmin: <\/p>\n<p><h2>Maquin\u00e1rio da ind\u00fastria<\/h2>\n<\/p>\n<p> O governo pretende lan\u00e7ar ainda nesta semana, segundo Haddad, um programa para a ind\u00fastria poder abater no Imposto de Renda a deprecia\u00e7\u00e3o de equipamentos de forma mais acelerada do que a lei permite hoje. Isso, segundo o ministro, vai facilitar a aquisi\u00e7\u00e3o de maquin\u00e1rio novo. <\/p>\n<p> &quot;Os empres\u00e1rios v\u00e3o ter um est\u00edmulo a mais a adquirir m\u00e1quinas mais modernas para aumentar a produtividade da economia brasileira. Ent\u00e3o, essa foi a primeira coisa&quot;, afirmou o ministro. <\/p>\n<p><h2>Pre\u00e7o do diesel<\/h2>\n<\/p>\n<p> A partir do dia 1\u00ba de janeiro, vai haver a reonera\u00e7\u00e3o do diesel. O impacto ser\u00e1 de pouco mais de R$ 0,30. <\/p>\n<p> <a class href=\"https:\/\/g1.globo.com\/economia\/noticia\/2023\/12\/26\/petrobras-preco-diesel.ghtml\">Mas a Petrobras j\u00e1 anunciou redu\u00e7\u00e3o no pre\u00e7o do combust\u00edvel<\/a>, que vai compensar com sobras a reonera\u00e7\u00e3o. Na compara\u00e7\u00e3o dos pre\u00e7os em 1\u00ba de dezembro com 1\u00ba de janeiro, o pre\u00e7o de 2024 ficar\u00e1 mais baixo, segundo Haddad. <\/p>\n<p> &quot;A partir do dia 1\u00ba de janeiro, se voc\u00ea comparar o pre\u00e7o do diesel com o dia 1\u00ba de dezembro de 2023, voc\u00ea tem uma queda do pre\u00e7o, mesmo com a reonera\u00e7\u00e3o. Para todo mundo ficar atento, para que algu\u00e9m desavisado n\u00e3o aumente o pre\u00e7o dizendo que tem raz\u00f5es para aumentar. N\u00e3o tem raz\u00f5es para aumentar, tem raz\u00f5es para diminuir&quot;, explicou o ministro. <\/p>\n<p><h2>Balan\u00e7o do ano<\/h2>\n<\/p>\n<p> O ministro da Fazenda tamb\u00e9m comemorou alguns resultados da economia no primeiro ano do governo e disse que ainda h\u00e1 &quot;um caminho pela frente&quot;. <\/p>\n<p> &quot;N\u00f3s vamos terminando o ano com bons indicadores em todas as partes. Emprego, infla\u00e7\u00e3o, c\u00e2mbio, juro, tudo convergindo para o patamar que n\u00f3s desejamos. Isso \u00e9 fruto de um trabalho, tem que ter continuidade. Como \u00e9 que se d\u00e1 continuidade ao trabalho? Com transpar\u00eancia, capacidade de di\u00e1logo, capacidade de articula\u00e7\u00e3o&quot;, afirmou Haddad. <\/p>\n<ul>\n<li> <a href=\"https:\/\/g1.globo.com\/politica\/politico\/fernando-haddad\/\" class=\"entities__list-itemLink\" data-track-click=\"Fernando Haddad\"> Fernando Haddad <\/a> <\/li>\n<\/ul>\n<h3> <a id=\"js-next-article-desktop-link\" class=\"next-article-desktop-link\"><\/a> <\/h3>\n<h3> <a id=\"js-next-article-smart-link\" class=\"next-article-smart-link\"><\/a> <\/h3>\n<p>Veja tamb\u00e9m<\/p>\n<\/p>\n<\/p>\n<p>       Anterior   Pr\u00f3ximo     <\/p>\n","protected":false},"excerpt":{"rendered":"<p>Haddad se re\u00fane com Alckmin e discute medidas para a ind\u00fastria e pre\u00e7o do diesel Encontro ocorre em meio \u00e0 expectativa de que o ministro da Fazenda anuncie, nos pr\u00f3ximos dias, medidas para a economia. Por Reynaldo Turollo Jr, g1 &mdash; Bras\u00edlia 26\/12\/2023 16h47 Atualizado 26\/12\/2023 O ministro da Fazenda, Fernando Haddad, se reuniu nesta [&hellip;]<\/p>\n","protected":false},"author":1,"featured_media":0,"comment_status":"closed","ping_status":"closed","sticky":false,"template":"","format":"standard","meta":{"footnotes":""},"categories":[],"tags":[],"class_list":["post-55714","post","type-post","status-publish","format-standard","hentry"],"_links":{"self":[{"href":"https:\/\/blog.corretoraideal.com.br\/index.php\/wp-json\/wp\/v2\/posts\/55714","targetHints":{"allow":["GET"]}}],"collection":[{"href":"https:\/\/blog.corretoraideal.com.br\/index.php\/wp-json\/wp\/v2\/posts"}],"about":[{"href":"https:\/\/blog.corretoraideal.com.br\/index.php\/wp-json\/wp\/v2\/types\/post"}],"author":[{"embeddable":true,"href":"https:\/\/blog.corretoraideal.com.br\/index.php\/wp-json\/wp\/v2\/users\/1"}],"replies":[{"embeddable":true,"href":"https:\/\/blog.corretoraideal.com.br\/index.php\/wp-json\/wp\/v2\/comments?post=55714"}],"version-history":[{"count":1,"href":"https:\/\/blog.corretoraideal.com.br\/index.php\/wp-json\/wp\/v2\/posts\/55714\/revisions"}],"predecessor-version":[{"id":55717,"href":"https:\/\/blog.corretoraideal.com.br\/index.php\/wp-json\/wp\/v2\/posts\/55714\/revisions\/55717"}],"wp:attachment":[{"href":"https:\/\/blog.corretoraideal.com.br\/index.php\/wp-json\/wp\/v2\/media?parent=55714"}],"wp:term":[{"taxonomy":"category","embeddable":true,"href":"https:\/\/blog.corretoraideal.com.br\/index.php\/wp-json\/wp\/v2\/categories?post=55714"},{"taxonomy":"post_tag","embeddable":true,"href":"https:\/\/blog.corretoraideal.com.br\/index.php\/wp-json\/wp\/v2\/tags?post=55714"}],"curies":[{"name":"wp","href":"https:\/\/api.w.org\/{rel}","templated":true}]}}