{"id":55718,"date":"2023-12-27T00:29:53","date_gmt":"2023-12-27T00:29:53","guid":{"rendered":"https:\/\/blog.corretoraideal.com.br\/?p=55718"},"modified":"2023-12-27T00:29:53","modified_gmt":"2023-12-27T00:29:53","slug":"temporal-causa-estragos-em-diversos-pontos-de-itaperuna-na-tarde-desta-terca-norte-fluminense-g1","status":"publish","type":"post","link":"https:\/\/blog.corretoraideal.com.br\/index.php\/2023\/12\/27\/temporal-causa-estragos-em-diversos-pontos-de-itaperuna-na-tarde-desta-terca-norte-fluminense-g1\/","title":{"rendered":"Temporal causa estragos em diversos pontos de Itaperuna na tarde desta ter\u00e7a | Norte Fluminense | G1"},"content":{"rendered":"<br \/>\n<h1>Temporal causa estragos em diversos pontos de Itaperuna na tarde desta ter\u00e7a<\/h1>\n<h2>Em uma hora de chuva e ventania, houve alagamento de ruas, quedas de \u00e1rvores e destelhamento de im\u00f3veis na tarde desta ter\u00e7a-feira (26).<\/h2>\n<p> Por Ana Beatriz Rangel, Ariane Marques, g1 &mdash; Itaperuna <\/p>\n<p>  26\/12\/2023 18h14    Atualizado  26\/12\/2023    <\/p>\n<p>                             <img loading=\"lazy\" decoding=\"async\" class=\"aligncenter size-full wp-image-55720\" src=\"https:\/\/blog.corretoraideal.com.br\/wp-content\/uploads\/2023\/12\/video-flaga-temporal-e-momento-exato-de-queda-de-estrutura-em-itaperuna.jpeg\" alt=\"V\u00eddeo flaga temporal e momento exato de queda de estrutura em Itaperuna\" width=\"800\" height=\"400\" \/>       <\/p>\n<p> V\u00eddeo flaga temporal e momento exato de queda de estrutura em Itaperuna <\/p>\n<p> O temporal que atingiu <a class href=\"https:\/\/g1.globo.com\/rj\/norte-fluminense\/cidade\/itaperuna\/\">Itaperuna<\/a>, no Noroeste Fluminense, por volta das 15h tarde desta ter\u00e7a-feira (26), causou estragos em diversos pontos da cidade. <\/p>\n<p>         1 de 4&#013;Estrutura de posto de combust\u00edveis desabou durante temporal em Itaperuna \u2014 Foto: Reprodu\u00e7\u00e3o redes sociais    <\/p>\n<p> Estrutura de posto de combust\u00edveis desabou durante temporal em Itaperuna \u2014 Foto: Reprodu\u00e7\u00e3o redes sociais <\/p>\n<p>         2 de 4&#013;Temporal em Itaperuna causou alagamentos e derrubou estruturas e \u00e1rvores \u2014 Foto: Prefeitura de Itaperuna\/Divulga\u00e7\u00e3o    <\/p>\n<p> Temporal em Itaperuna causou alagamentos e derrubou estruturas e \u00e1rvores \u2014 Foto: Prefeitura de Itaperuna\/Divulga\u00e7\u00e3o <\/p>\n<p> Em apenas uma hora, choveu 42 mil\u00edmetros, segundo a Prefeitura. H\u00e1 registro de ruas alagadas, al\u00e9m de quedas de \u00e1rvores e destelhamento de im\u00f3veis. Moradores relatam falta de luz. <\/p>\n<p> Na Avenida Presidente Dultra, no bairro Cidade Nova, moradores registraram a queda da estrutura de um posto de combust\u00edveis. <\/p>\n<p>         3 de 4&#013;Trecho de rua alagada em Itaperuna ap\u00f3s temporal na tarde desta ter\u00e7a-feira \u2014 Foto: Reprodu\u00e7\u00e3o redes sociais    <\/p>\n<p> Trecho de rua alagada em Itaperuna ap\u00f3s temporal na tarde desta ter\u00e7a-feira \u2014 Foto: Reprodu\u00e7\u00e3o redes sociais <\/p>\n<p> Segundo a assessoria da Prefeitura, a chuva forte passou e equipes de limpeza trabalham fazendo a desobstru\u00e7\u00e3o das vias. <\/p>\n<p>         4 de 4&#013;Vento forte causou destelhamento de v\u00e1rios im\u00f3veis em Itaperuna \u2014 Foto: Reprodu\u00e7\u00e3o redes sociais    <\/p>\n<p> Vento forte causou destelhamento de v\u00e1rios im\u00f3veis em Itaperuna \u2014 Foto: Reprodu\u00e7\u00e3o redes sociais <\/p>\n<p> O<a class href=\"https:\/\/g1.globo.com\/\"><strong> g1<\/strong><\/a> aguarda da Defesa Civil mais informa\u00e7\u00f5es sobre as ocorr\u00eancias. At\u00e9 a \u00faltima atualiza\u00e7\u00e3o desta reportagem, ainda n\u00e3o havia informa\u00e7\u00f5es sobre v\u00edtimas, desalojados ou desabrigados na cidade. <\/p>\n<ul>\n<li> <a href=\"https:\/\/g1.globo.com\/rj\/norte-fluminense\/cidade\/itaperuna\/\" class=\"entities__list-itemLink\" data-track-click=\"Itaperuna\"> Itaperuna <\/a> <\/li>\n<\/ul>\n<h3> <a id=\"js-next-article-desktop-link\" class=\"next-article-desktop-link\"><\/a> <\/h3>\n<h3> <a id=\"js-next-article-smart-link\" class=\"next-article-smart-link\"><\/a> <\/h3>\n<p>Veja tamb\u00e9m<\/p>\n<\/p>\n<\/p>\n<p>       Anterior   Pr\u00f3ximo     <\/p>\n","protected":false},"excerpt":{"rendered":"<p>Temporal causa estragos em diversos pontos de Itaperuna na tarde desta ter\u00e7a Em uma hora de chuva e ventania, houve alagamento de ruas, quedas de \u00e1rvores e destelhamento de im\u00f3veis na tarde desta ter\u00e7a-feira (26). Por Ana Beatriz Rangel, Ariane Marques, g1 &mdash; Itaperuna 26\/12\/2023 18h14 Atualizado 26\/12\/2023 V\u00eddeo flaga temporal e momento exato de [&hellip;]<\/p>\n","protected":false},"author":1,"featured_media":0,"comment_status":"closed","ping_status":"closed","sticky":false,"template":"","format":"standard","meta":{"footnotes":""},"categories":[],"tags":[],"class_list":["post-55718","post","type-post","status-publish","format-standard","hentry"],"_links":{"self":[{"href":"https:\/\/blog.corretoraideal.com.br\/index.php\/wp-json\/wp\/v2\/posts\/55718","targetHints":{"allow":["GET"]}}],"collection":[{"href":"https:\/\/blog.corretoraideal.com.br\/index.php\/wp-json\/wp\/v2\/posts"}],"about":[{"href":"https:\/\/blog.corretoraideal.com.br\/index.php\/wp-json\/wp\/v2\/types\/post"}],"author":[{"embeddable":true,"href":"https:\/\/blog.corretoraideal.com.br\/index.php\/wp-json\/wp\/v2\/users\/1"}],"replies":[{"embeddable":true,"href":"https:\/\/blog.corretoraideal.com.br\/index.php\/wp-json\/wp\/v2\/comments?post=55718"}],"version-history":[{"count":1,"href":"https:\/\/blog.corretoraideal.com.br\/index.php\/wp-json\/wp\/v2\/posts\/55718\/revisions"}],"predecessor-version":[{"id":55721,"href":"https:\/\/blog.corretoraideal.com.br\/index.php\/wp-json\/wp\/v2\/posts\/55718\/revisions\/55721"}],"wp:attachment":[{"href":"https:\/\/blog.corretoraideal.com.br\/index.php\/wp-json\/wp\/v2\/media?parent=55718"}],"wp:term":[{"taxonomy":"category","embeddable":true,"href":"https:\/\/blog.corretoraideal.com.br\/index.php\/wp-json\/wp\/v2\/categories?post=55718"},{"taxonomy":"post_tag","embeddable":true,"href":"https:\/\/blog.corretoraideal.com.br\/index.php\/wp-json\/wp\/v2\/tags?post=55718"}],"curies":[{"name":"wp","href":"https:\/\/api.w.org\/{rel}","templated":true}]}}