{"id":55726,"date":"2023-12-27T05:29:52","date_gmt":"2023-12-27T05:29:52","guid":{"rendered":"https:\/\/blog.corretoraideal.com.br\/?p=55726"},"modified":"2023-12-27T05:29:52","modified_gmt":"2023-12-27T05:29:52","slug":"itaperuna-abre-inscricoes-para-a-colonia-de-ferias-2024-norte-fluminense-g1","status":"publish","type":"post","link":"https:\/\/blog.corretoraideal.com.br\/index.php\/2023\/12\/27\/itaperuna-abre-inscricoes-para-a-colonia-de-ferias-2024-norte-fluminense-g1\/","title":{"rendered":"Itaperuna abre inscri\u00e7\u00f5es para a Col\u00f4nia de F\u00e9rias 2024 | Norte Fluminense | G1"},"content":{"rendered":"<br \/>\n<h1>Itaperuna abre inscri\u00e7\u00f5es para a Col\u00f4nia de F\u00e9rias 2024<\/h1>\n<h2>Crian\u00e7as de 7 a 12 anos podem participar. A inscri\u00e7\u00e3o pode ser feita de segunda a sexta no Centro Poliesportivo da cidade. <\/h2>\n<p> Por g1 &mdash; Itaperuna <\/p>\n<p>  26\/12\/2023 17h05    Atualizado  26\/12\/2023    <\/p>\n<p>                      1 de 1&#013;Itaperuna promove col\u00f4nia de f\u00e9rias no Centro Poliesportivo \u2014 Foto: Prefeitura    <\/p>\n<p> Itaperuna promove col\u00f4nia de f\u00e9rias no Centro Poliesportivo \u2014 Foto: Prefeitura <\/p>\n<p> A Prefeitura de <a class href=\"https:\/\/g1.globo.com\/rj\/norte-fluminense\/cidade\/itaperuna\/\">Itaperuna<\/a>, no Noroeste Fluminense, abriu inscri\u00e7\u00f5es gratuitas para a Col\u00f4nia de F\u00e9rias 2024. <\/p>\n<p> Podem participar das atividades crian\u00e7as de 7 a 12 anos. <\/p>\n<p> As inscri\u00e7\u00f5es podem ser feita de segunda a sexta-feira no Centro Poliesportivo, que fica na Rua Luiz Carlos Ferreira Tirado, 148, na Cidade Nova. <\/p>\n<p> A Col\u00f4nia de F\u00e9rias 2024 vai ocorrer do dia 15 a 19 de janeiro, das 8h \u00e0s 12h, no Centro Poliesportivo. <\/p>\n<p> A Col\u00f4nia de F\u00e9rias \u00e9 uma iniciava da Secretaria de Esporte e Lazer de Itaperuna, em parceria com as Secretarias de Educa\u00e7\u00e3o e de Assist\u00eancia Social, Trabalho e Habita\u00e7\u00e3o. <\/p>\n<ul>\n<li> <a href=\"https:\/\/g1.globo.com\/rj\/norte-fluminense\/cidade\/itaperuna\/\" class=\"entities__list-itemLink\" data-track-click=\"Itaperuna\"> Itaperuna <\/a> <\/li>\n<\/ul>\n<h3> <a id=\"js-next-article-desktop-link\" class=\"next-article-desktop-link\"><\/a> <\/h3>\n<h3> <a id=\"js-next-article-smart-link\" class=\"next-article-smart-link\"><\/a> <\/h3>\n<p>Veja tamb\u00e9m<\/p>\n<\/p>\n<\/p>\n<p>       Anterior   Pr\u00f3ximo     <\/p>\n","protected":false},"excerpt":{"rendered":"<p>Itaperuna abre inscri\u00e7\u00f5es para a Col\u00f4nia de F\u00e9rias 2024 Crian\u00e7as de 7 a 12 anos podem participar. A inscri\u00e7\u00e3o pode ser feita de segunda a sexta no Centro Poliesportivo da cidade. Por g1 &mdash; Itaperuna 26\/12\/2023 17h05 Atualizado 26\/12\/2023 1 de 1&#013;Itaperuna promove col\u00f4nia de f\u00e9rias no Centro Poliesportivo \u2014 Foto: Prefeitura Itaperuna promove col\u00f4nia [&hellip;]<\/p>\n","protected":false},"author":1,"featured_media":0,"comment_status":"closed","ping_status":"closed","sticky":false,"template":"","format":"standard","meta":{"footnotes":""},"categories":[],"tags":[],"class_list":["post-55726","post","type-post","status-publish","format-standard","hentry"],"_links":{"self":[{"href":"https:\/\/blog.corretoraideal.com.br\/index.php\/wp-json\/wp\/v2\/posts\/55726","targetHints":{"allow":["GET"]}}],"collection":[{"href":"https:\/\/blog.corretoraideal.com.br\/index.php\/wp-json\/wp\/v2\/posts"}],"about":[{"href":"https:\/\/blog.corretoraideal.com.br\/index.php\/wp-json\/wp\/v2\/types\/post"}],"author":[{"embeddable":true,"href":"https:\/\/blog.corretoraideal.com.br\/index.php\/wp-json\/wp\/v2\/users\/1"}],"replies":[{"embeddable":true,"href":"https:\/\/blog.corretoraideal.com.br\/index.php\/wp-json\/wp\/v2\/comments?post=55726"}],"version-history":[{"count":1,"href":"https:\/\/blog.corretoraideal.com.br\/index.php\/wp-json\/wp\/v2\/posts\/55726\/revisions"}],"predecessor-version":[{"id":55728,"href":"https:\/\/blog.corretoraideal.com.br\/index.php\/wp-json\/wp\/v2\/posts\/55726\/revisions\/55728"}],"wp:attachment":[{"href":"https:\/\/blog.corretoraideal.com.br\/index.php\/wp-json\/wp\/v2\/media?parent=55726"}],"wp:term":[{"taxonomy":"category","embeddable":true,"href":"https:\/\/blog.corretoraideal.com.br\/index.php\/wp-json\/wp\/v2\/categories?post=55726"},{"taxonomy":"post_tag","embeddable":true,"href":"https:\/\/blog.corretoraideal.com.br\/index.php\/wp-json\/wp\/v2\/tags?post=55726"}],"curies":[{"name":"wp","href":"https:\/\/api.w.org\/{rel}","templated":true}]}}