{"id":55729,"date":"2023-12-27T07:29:37","date_gmt":"2023-12-27T07:29:37","guid":{"rendered":"https:\/\/blog.corretoraideal.com.br\/?p=55729"},"modified":"2023-12-27T07:29:37","modified_gmt":"2023-12-27T07:29:37","slug":"milei-ameaca-fazer-consulta-popular-se-congresso-nao-aprovar-decretaco-mundo-g1","status":"publish","type":"post","link":"https:\/\/blog.corretoraideal.com.br\/index.php\/2023\/12\/27\/milei-ameaca-fazer-consulta-popular-se-congresso-nao-aprovar-decretaco-mundo-g1\/","title":{"rendered":"Milei amea\u00e7a fazer consulta popular se Congresso n\u00e3o aprovar &#039;decreta\u00e7o&#039; | Mundo | G1"},"content":{"rendered":"<br \/>\n<h1>Milei amea\u00e7a fazer consulta popular se Congresso n\u00e3o aprovar &#039;decreta\u00e7o&#039;<\/h1>\n<h2>O presidente subiu o tom durante entrevista \u00e0 televis\u00e3o nesta ter\u00e7a-feira (26) em mais uma tentativa de pressionar o Legislativo argentino. Parlamentares decidir\u00e3o sobre Decreto de Necessidade e Urg\u00eancia e pacote de leis proposto pelo Executivo em sess\u00f5es extraordin\u00e1rias nos pr\u00f3ximos dias.<\/h2>\n<p> Por Artur Alvarez, g1 <\/p>\n<p>  27\/12\/2023 00h00    Atualizado  27\/12\/2023    <\/p>\n<p>                   1 de 1&#013;Presidente argentino Javier Milei afirmou nesta ter\u00e7a-feira (26) em entrevista \u00e0 televis\u00e3o argentina que alguns membros do Congresso argentino querem propina para aprovar seu &#034;decreta\u00e7o&#034;. \u2014 Foto: Reprodu\u00e7\u00e3o\/Redes sociais    <\/p>\n<p> Presidente argentino Javier Milei afirmou nesta ter\u00e7a-feira (26) em entrevista \u00e0 televis\u00e3o argentina que alguns membros do Congresso argentino querem propina para aprovar seu &#034;decreta\u00e7o&#034;. \u2014 Foto: Reprodu\u00e7\u00e3o\/Redes sociais <\/p>\n<p> Em nova tentativa de pressionar deputados e senadores, o presidente da <a class href=\"https:\/\/g1.globo.com\/tudo-sobre\/argentina\/\">Argentina<\/a>, <a class href=\"https:\/\/g1.globo.com\/tudo-sobre\/javier-milei\/\">Javier Milei<\/a>, disse na noite desta ter\u00e7a-feira (26) que far\u00e1 uma consulta popular se o Congresso n\u00e3o aprovar o <a class href=\"https:\/\/g1.globo.com\/mundo\/noticia\/2023\/12\/20\/milei-anuncia-decreto-que-estabelece-bases-para-novo-plano-economico.ghtml\">Decreto de Necessidade e Urg\u00eancia (DNU), editado por ele em 20 de dezembro<\/a>. <\/p>\n<p> Sem apresentar provas, Milei tamb\u00e9m associou a lentid\u00e3o na tramita\u00e7\u00e3o de projetos no Congresso ao fato de &quot;alguns&quot; legisladores buscarem &quot;propina&quot;. As declara\u00e7\u00f5es do presidente foram dadas em entrevista \u00e0 televis\u00e3o argentina LN+. <\/p>\n<p>&quot;Parte da lentid\u00e3o dos legisladores se deve ao fato de tamb\u00e9m buscarem propinas. Alguns, eu digo. Mas o fato de gostarem de discutir \u00e9 porque est\u00e3o em busca de propina. Isso aponta justamente contra os corruptos. E uma das coisas que procuram \u00e9 entrar nessa din\u00e2mica para vender seus votos. Tem muitos criminosos por a\u00ed&quot;, afirmou Milei.<\/p>\n<p> O presidente Milei tamb\u00e9m afirmou que far\u00e1 uma consulta popular caso o Congresso rejeite deu &quot;decreta\u00e7o&quot;: \u201cse eles rejeitarem, eu convocaria um plebiscito e pediria que me explicassem por que est\u00e3o contra o povo\u201d. <\/p>\n<p> A Constitui\u00e7\u00e3o Argentina estabelece que caso um plebiscito convocado pelo Poder Executivo sobre o DNU seja aceito, o pacote n\u00e3o entra em vigor automaticamente, mas traria mais capital pol\u00edtico para o presidente. <\/p>\n<p> Em sess\u00f5es extraordin\u00e1rias previstas para os pr\u00f3ximos dias, os parlamentares discutir\u00e3o o<a class href=\"https:\/\/g1.globo.com\/mundo\/noticia\/2023\/12\/20\/milei-anuncia-decreto-que-estabelece-bases-para-novo-plano-economico.ghtml\"> <\/a>DNU de Milei, que modifica ou revoga mais de 350 normas no<a class href=\"https:\/\/g1.globo.com\/mundo\/noticia\/2023\/12\/20\/milei-anuncia-decreto-que-estabelece-bases-para-novo-plano-economico.ghtml\"> <\/a>pa\u00eds e tem o objetivo de desregular a economia argentina, al\u00e9m de um pacote de leis promovido pelo Executivo. <\/p>\n<p> O governo Milei <a class href=\"https:\/\/g1.globo.com\/mundo\/noticia\/2023\/12\/26\/governo-milei-faz-apelo-a-congresso-para-tentar-aprovar-decretaco-devem-escolher-entre-apoiar-o-que-o-povo-votou-ou-continuar-obstruindo.ghtml\">pressionou o Congresso nesta ter\u00e7a (26) para tentar aprovar logo o &quot;decreta\u00e7o&quot;<\/a>, proposto na semana passada. O partido de Milei, o Liberdade Avan\u00e7a, \u00e9 minoria no Legislativo: <a class href=\"https:\/\/g1.globo.com\/mundo\/noticia\/2023\/11\/21\/javier-milei-como-e-o-congresso-com-o-qual-o-novo-presidente-da-argentina-tera-que-lidar.ghtml\">tem 39 dos 257 deputados e 7 dos 72 senadores.<\/a> <\/p>\n<p>\u201cOs deputados e senadores ter\u00e3o que escolher entre apoiar o que o povo votou, a mudan\u00e7a, esta Argentina que queremos para o povo de bem e sem o peso do Estado, ou continuar a obstruir esta mudan\u00e7a e [impedir o que] a maioria do povo quer\u201d, disse Manuel Adorni, porta-voz do governo, em comunicado divulgado nas redes sociais.<\/p>\n<p><h2>LEIA TAMB\u00c9M:<\/h2>\n<\/p>\n<ul>\n<li><a class href=\"https:\/\/g1.globo.com\/mundo\/noticia\/2023\/12\/26\/governo-milei-faz-apelo-a-congresso-para-tentar-aprovar-decretaco-devem-escolher-entre-apoiar-o-que-o-povo-votou-ou-continuar-obstruindo.ghtml\">Governo Milei pressiona Congresso a aprovar &#x27;decreta\u00e7o&#x27;: &#x27;Devem escolher entre apoiar o que o povo votou ou continuar obstruindo&#x27;<\/a><\/li>\n<li><a class href=\"https:\/\/g1.globo.com\/mundo\/noticia\/2023\/12\/26\/governo-milei-nao-renovara-contrato-de-cerca-de-7-mil-funcionarios-publicos-diz-imprensa-local.ghtml\">Governo Milei n\u00e3o renovar\u00e1 contrato de cerca de 5 mil funcion\u00e1rios p\u00fablicos<\/a><\/li>\n<li><a class href=\"https:\/\/g1.globo.com\/mundo\/noticia\/2023\/12\/23\/justica-da-argentina-aceita-acao-que-contesta-decretaco-de-milei-apos-presidente-convocar-congresso-para-sessoes-extraordinarias.ghtml\">Justi\u00e7a da Argentina aceita a\u00e7\u00e3o que contesta &#x27;decreta\u00e7o&#x27; de Milei ap\u00f3s presidente convocar Congresso para sess\u00f5es extraordin\u00e1rias<\/a><\/li>\n<\/ul>\n<p> Na \u00faltima quarta-feira (20), <a class href=\"https:\/\/g1.globo.com\/mundo\/noticia\/2023\/12\/20\/milei-anuncia-decreto-que-estabelece-bases-para-novo-plano-economico.ghtml\">Milei anunciou o Decreto de Necessidade e Urg\u00eancia (DNU)<\/a>, que viabiliza a desregula\u00e7\u00e3o econ\u00f4mica do pa\u00eds. O texto modifica ou revoga mais de 350 normas e, embora j\u00e1 tenha entrado em vigor, ainda pode ser barrado pelo Congresso. <\/p>\n<p> Entre outros pontos, o decreto desregulamenta o servi\u00e7o de internet via sat\u00e9lite e a medicina privada, flexibiliza o mercado de trabalho e revoga uma s\u00e9rie de leis nacionais. As medidas incluem tamb\u00e9m a convers\u00e3o de diversas empresas estatais em sociedades an\u00f4nimas, facilitando o processo de privatiza\u00e7\u00e3o dessas institui\u00e7\u00f5es. <\/p>\n<p> Ap\u00f3s uma semana com diversos protestos contra as reformas, o presidente convocou o parlamento para sess\u00f5es extraordin\u00e1rias entre os dias 26 de dezembro e 31 de janeiro. O Congresso poder\u00e1 provar ou rejeitar o texto integralmente, sem a possibilidade de debater os detalhes de seu conte\u00fado. <\/p>\n<p> Na pauta das sess\u00f5es extraordin\u00e1rias, Milei incluiu ainda propostas para a restitui\u00e7\u00e3o de impostos sobre os sal\u00e1rios, modifica\u00e7\u00f5es na lei eleitoral e reformas do Estado. <\/p>\n<p>\u201cApelamos \u00e0 boa vontade e que estejam \u00e0 altura da situa\u00e7\u00e3o no contexto de urg\u00eancia em que todos os argentinos est\u00e3o imersos&quot;, disse Adorni.<\/p>\n<p><h2>A\u00e7\u00e3o coletiva<\/h2>\n<\/p>\n<p> No s\u00e1bado (23), <a class href=\"https:\/\/g1.globo.com\/mundo\/noticia\/2023\/12\/23\/justica-da-argentina-aceita-acao-que-contesta-decretaco-de-milei-apos-presidente-convocar-congresso-para-sessoes-extraordinarias.ghtml\">a Justi\u00e7a federal admitiu uma a\u00e7\u00e3o coletiva de organiza\u00e7\u00f5es civis<\/a> para declarar o texto inconstitucional. <\/p>\n<p> As organiza\u00e7\u00f5es e as centrais sindicais convocaram uma manifesta\u00e7\u00e3o na pr\u00f3xima quarta-feira (27) diante dos tribunais. O intuito \u00e9 entregar \u00e0 Justi\u00e7a o pedido de contesta\u00e7\u00e3o do decreto, e uma a\u00e7\u00e3o para suspender todos os seus efeitos. <\/p>\n<p> O Minist\u00e9rio P\u00fablico Federal ter\u00e1 que responder \u00e0s contesta\u00e7\u00f5es em um processo que pode chegar at\u00e9 a Suprema Corte da Argentina. <\/p>\n<p><h2>Crise<\/h2>\n<\/p>\n<p> A Argentina vive uma das piores crises econ\u00f4micas de sua hist\u00f3ria recente, com 40% da popula\u00e7\u00e3o vivendo na pobreza e a infla\u00e7\u00e3o ultrapassado os 140% anuais. Milei tem dito que o corte dos gastos p\u00fablicos ser\u00e1 equivalente a 5% do Produto Interno Bruto (PIB) do pa\u00eds. <\/p>\n<ul>\n<li> <a href=\"https:\/\/g1.globo.com\/tudo-sobre\/argentina\/\" class=\"entities__list-itemLink\" data-track-click=\"Argentina\"> Argentina <\/a> <\/li>\n<li> <a href=\"https:\/\/g1.globo.com\/tudo-sobre\/javier-milei\/\" class=\"entities__list-itemLink\" data-track-click=\"Javier Milei\"> Javier Milei <\/a> <\/li>\n<\/ul>\n<h3> <a id=\"js-next-article-desktop-link\" class=\"next-article-desktop-link\"><\/a> <\/h3>\n<h3> <a id=\"js-next-article-smart-link\" class=\"next-article-smart-link\"><\/a> <\/h3>\n<p>Veja tamb\u00e9m<\/p>\n<\/p>\n<\/p>\n<p>       Anterior   Pr\u00f3ximo     <\/p>\n","protected":false},"excerpt":{"rendered":"<p>Milei amea\u00e7a fazer consulta popular se Congresso n\u00e3o aprovar &#039;decreta\u00e7o&#039; O presidente subiu o tom durante entrevista \u00e0 televis\u00e3o nesta ter\u00e7a-feira (26) em mais uma tentativa de pressionar o Legislativo argentino. Parlamentares decidir\u00e3o sobre Decreto de Necessidade e Urg\u00eancia e pacote de leis proposto pelo Executivo em sess\u00f5es extraordin\u00e1rias nos pr\u00f3ximos dias. Por Artur Alvarez, [&hellip;]<\/p>\n","protected":false},"author":1,"featured_media":0,"comment_status":"closed","ping_status":"closed","sticky":false,"template":"","format":"standard","meta":{"footnotes":""},"categories":[],"tags":[],"class_list":["post-55729","post","type-post","status-publish","format-standard","hentry"],"_links":{"self":[{"href":"https:\/\/blog.corretoraideal.com.br\/index.php\/wp-json\/wp\/v2\/posts\/55729","targetHints":{"allow":["GET"]}}],"collection":[{"href":"https:\/\/blog.corretoraideal.com.br\/index.php\/wp-json\/wp\/v2\/posts"}],"about":[{"href":"https:\/\/blog.corretoraideal.com.br\/index.php\/wp-json\/wp\/v2\/types\/post"}],"author":[{"embeddable":true,"href":"https:\/\/blog.corretoraideal.com.br\/index.php\/wp-json\/wp\/v2\/users\/1"}],"replies":[{"embeddable":true,"href":"https:\/\/blog.corretoraideal.com.br\/index.php\/wp-json\/wp\/v2\/comments?post=55729"}],"version-history":[{"count":1,"href":"https:\/\/blog.corretoraideal.com.br\/index.php\/wp-json\/wp\/v2\/posts\/55729\/revisions"}],"predecessor-version":[{"id":55731,"href":"https:\/\/blog.corretoraideal.com.br\/index.php\/wp-json\/wp\/v2\/posts\/55729\/revisions\/55731"}],"wp:attachment":[{"href":"https:\/\/blog.corretoraideal.com.br\/index.php\/wp-json\/wp\/v2\/media?parent=55729"}],"wp:term":[{"taxonomy":"category","embeddable":true,"href":"https:\/\/blog.corretoraideal.com.br\/index.php\/wp-json\/wp\/v2\/categories?post=55729"},{"taxonomy":"post_tag","embeddable":true,"href":"https:\/\/blog.corretoraideal.com.br\/index.php\/wp-json\/wp\/v2\/tags?post=55729"}],"curies":[{"name":"wp","href":"https:\/\/api.w.org\/{rel}","templated":true}]}}