{"id":55732,"date":"2023-12-27T10:29:41","date_gmt":"2023-12-27T10:29:41","guid":{"rendered":"https:\/\/blog.corretoraideal.com.br\/?p=55732"},"modified":"2023-12-27T10:29:41","modified_gmt":"2023-12-27T10:29:41","slug":"beneficiarios-da-moeda-social-macaiba-em-macae-recebem-a-1a-parcela-do-pagamento-nesta-terca-norte-fluminense-g1","status":"publish","type":"post","link":"https:\/\/blog.corretoraideal.com.br\/index.php\/2023\/12\/27\/beneficiarios-da-moeda-social-macaiba-em-macae-recebem-a-1a-parcela-do-pagamento-nesta-terca-norte-fluminense-g1\/","title":{"rendered":"Benefici\u00e1rios da Moeda Social Maca\u00edba, em Maca\u00e9, recebem a 1\u00aa parcela do pagamento nesta ter\u00e7a | Norte Fluminense | G1"},"content":{"rendered":"<br \/>\n<h1>Benefici\u00e1rios da Moeda Social Maca\u00edba, em Maca\u00e9, recebem a 1\u00aa parcela do pagamento nesta ter\u00e7a<\/h1>\n<h2>A Prefeitura explica que, para usar a moeda social no com\u00e9rcio credenciado, basta utilizar o n\u00famero do CPF e a senha recebida no Col\u00e9gio Estadual Matias Neto, quando houve a confirma\u00e7\u00e3o dos dados dos contemplados.<\/h2>\n<p> Por g1 &mdash; Maca\u00e9 <\/p>\n<p>  26\/12\/2023 15h30    Atualizado  26\/12\/2023    <\/p>\n<p>                      1 de 1&#013;Moeda Social Maca\u00edba, em Maca\u00e9, atende a 50 mil pessoas \u2014 Foto: Reprodu\u00e7\u00e3o Prefeitura de Maca\u00e9    <\/p>\n<p> Moeda Social Maca\u00edba, em Maca\u00e9, atende a 50 mil pessoas \u2014 Foto: Reprodu\u00e7\u00e3o Prefeitura de Maca\u00e9 <\/p>\n<p> Benefici\u00e1rios da Moeda Social Maca\u00edba, em <a class href=\"https:\/\/g1.globo.com\/rj\/regiao-dos-lagos\/cidade\/macae\/\">Maca\u00e9<\/a>, no Norte Fluminense, recebem, nesta ter\u00e7a-feira (26), a primeira parcela do pagamento, que varia entre 75 e 150 maca\u00edbas. No m\u00eas, cada fam\u00edlia pode ganhar at\u00e9 525 maca\u00edbas. Ao todo, s\u00e3o 50 mil pessoas contempladas. <\/p>\n<p> O saldo pode ser utilizado no com\u00e9rcio local que aderiu ao programa e que esteja no setor administrativa onde o benefici\u00e1rio mora (Veja ao final do texto as regi\u00f5es que compreendem os sete setores administrativos). <\/p>\n<p> A Prefeitura explica que, para usar a moeda social basta utilizar o n\u00famero do CPF e a senha recebida no Col\u00e9gio Estadual Matias Neto, onde houve a confirma\u00e7\u00e3o dos dados dos benefici\u00e1rios. <\/p>\n<p> Quem quiser esclarecer d\u00favidas, verificar saldo e trocar a senha pode fazer contato com o suporte da empresa que administra a Maca\u00edba pelo <strong>WhatsApp: (85) 3269-9617.<\/strong> <\/p>\n<p> A moeda \u00e9 acumulativa e o valor pode ser utilizado a qualquer momento, de acordo com a necessidade da fam\u00edlia. <\/p>\n<p> O destaca a import\u00e2ncia da Maca\u00edba para a compra de produtos e servi\u00e7os no com\u00e9rcio de Maca\u00e9. <\/p>\n<p> \u201cMais de 500 estabelecimentos comerciais j\u00e1 est\u00e3o prontos para receber a Maca\u00edba. Os benefici\u00e1rios poder\u00e3o comprar alimentos, roupas, acess\u00f3rios, sapatos, e at\u00e9 sal\u00e3o de beleza. Por m\u00eas, a Maca\u00edba vai representar cerca de 7 milh\u00f5es garantidos para as fam\u00edlias em situa\u00e7\u00e3o de pobreza, benef\u00edcio que ajuda tamb\u00e9m a fortalecer o com\u00e9rcio, gerando emprego e renda para um n\u00famero cada vez maior de pessoas&quot;, explica o prefeito Welberth Rezende. <\/p>\n<p><h2>Nova chamada<\/h2>\n<\/p>\n<p> A Prefeitura de Maca\u00e9 anunciou que vai inaugurar o banco comunit\u00e1rio central em janeiro de 2024, momento em que haver\u00e1 outra chamada para a Moeda Social. Mas o primeiro passo, conforme lembra a Prefeitura, \u00e9 conferir se o nome est\u00e1 na listagem dessa primeira etapa <a class href=\"https:\/\/moedasocial.macae.rj.gov.br\/moedasocial\/\" target=\"_blank\" rel=\"noopener noreferrer\">no site da moeda social<\/a>. <\/p>\n<p><h2>Setores administrativos<\/h2>\n<\/p>\n<p> A maca\u00edba s\u00f3 poder\u00e1 ser utilizada no com\u00e9rcio local de cada setor administrativo. Maca\u00e9 conta com sete setores administrativos, que s\u00e3o formados por grupos de bairros pr\u00f3ximos e identificados por cores. As lojas e servi\u00e7os credenciados <a class href=\"https:\/\/www.macae.rj.gov.br\/midia\/uploads\/20231223_MACAE_VERIFICADOS%20-%20Result%201(1).pdf\" target=\"_blank\" rel=\"noopener noreferrer\">podem ser conferidos neste link disponibilizado pela Prefeitura<\/a>. <\/p>\n<p> <strong>Agora confira as regi\u00f5es que compreendem cada setor administrativo:<\/strong> <\/p>\n<ul>\n<li>Setor Administrativo 01 &#8211; <a class href=\"https:\/\/www.macae.rj.gov.br\/midia\/uploads\/OS%201271%20-%20SETORES%20ADMINISTRATIVOS%20MOEDA%20SOCIAL%20-%2001%20AZUL%20A4.pdf\" target=\"_blank\" rel=\"noopener noreferrer\">azul<\/a><\/li>\n<li>Setor Administrativo 02 &#8211; <a class href=\"https:\/\/www.macae.rj.gov.br\/midia\/uploads\/OS%201271%20-%20SETORES%20ADMINISTRATIVOS%20MOEDA%20SOCIAL%20-%2002%20AMARELO_A4.pdf\" target=\"_blank\" rel=\"noopener noreferrer\">amarelo<\/a><\/li>\n<li>Setor Administrativo 03 &#8211; <a class href=\"https:\/\/www.macae.rj.gov.br\/midia\/uploads\/OS%201271%20-%20SETORES%20ADMINISTRATIVOS%20MOEDA%20SOCIAL%20-%2003%20VERDE_A4.pdf\" target=\"_blank\" rel=\"noopener noreferrer\">verde<\/a><\/li>\n<li>Setor Administrativo 04 &#8211; <a class href=\"https:\/\/www.macae.rj.gov.br\/midia\/uploads\/OS%201271%20-%20SETORES%20ADMINISTRATIVOS%20MOEDA%20SOCIAL%20-%2004%20VERMELHO_A4.pdf\" target=\"_blank\" rel=\"noopener noreferrer\">vermelho<\/a><\/li>\n<li>Setor Administrativo 05 &#8211; <a class href=\"https:\/\/www.macae.rj.gov.br\/midia\/uploads\/OS%201271%20-%20SETORES%20ADMINISTRATIVOS%20MOEDA%20SOCIAL%20-%2005%20VINHO%20A4.pdf\" target=\"_blank\" rel=\"noopener noreferrer\">vinho<\/a><\/li>\n<li>Setor Administrativo 06 &#8211; <a class href=\"https:\/\/www.macae.rj.gov.br\/midia\/uploads\/OS%201271%20-%20SETORES%20ADMINISTRATIVOS%20MOEDA%20SOCIAL%20-%2006%20MARROM_A4.pdf\" target=\"_blank\" rel=\"noopener noreferrer\">marrom<\/a><\/li>\n<li>Setor Administrativo 07 &#8211; <a class href=\"https:\/\/www.macae.rj.gov.br\/midia\/uploads\/OS%201271%20-%20SETORES%20ADMINISTRATIVOS%20MOEDA%20SOCIAL%20-%20REGI%C3%83O%20SERRANA%20A4.pdf\" target=\"_blank\" rel=\"noopener noreferrer\">laranja<\/a><\/li>\n<\/ul>\n<ul>\n<li> <a href=\"https:\/\/g1.globo.com\/rj\/regiao-dos-lagos\/cidade\/macae\/\" class=\"entities__list-itemLink\" data-track-click=\"Maca\u00e9\"> Maca\u00e9 <\/a> <\/li>\n<\/ul>\n<h3> <a id=\"js-next-article-desktop-link\" class=\"next-article-desktop-link\"><\/a> <\/h3>\n<h3> <a id=\"js-next-article-smart-link\" class=\"next-article-smart-link\"><\/a> <\/h3>\n<p>Veja tamb\u00e9m<\/p>\n<\/p>\n<\/p>\n<p>       Anterior   Pr\u00f3ximo     <\/p>\n","protected":false},"excerpt":{"rendered":"<p>Benefici\u00e1rios da Moeda Social Maca\u00edba, em Maca\u00e9, recebem a 1\u00aa parcela do pagamento nesta ter\u00e7a A Prefeitura explica que, para usar a moeda social no com\u00e9rcio credenciado, basta utilizar o n\u00famero do CPF e a senha recebida no Col\u00e9gio Estadual Matias Neto, quando houve a confirma\u00e7\u00e3o dos dados dos contemplados. Por g1 &mdash; Maca\u00e9 26\/12\/2023 [&hellip;]<\/p>\n","protected":false},"author":1,"featured_media":0,"comment_status":"closed","ping_status":"closed","sticky":false,"template":"","format":"standard","meta":{"footnotes":""},"categories":[],"tags":[],"class_list":["post-55732","post","type-post","status-publish","format-standard","hentry"],"_links":{"self":[{"href":"https:\/\/blog.corretoraideal.com.br\/index.php\/wp-json\/wp\/v2\/posts\/55732","targetHints":{"allow":["GET"]}}],"collection":[{"href":"https:\/\/blog.corretoraideal.com.br\/index.php\/wp-json\/wp\/v2\/posts"}],"about":[{"href":"https:\/\/blog.corretoraideal.com.br\/index.php\/wp-json\/wp\/v2\/types\/post"}],"author":[{"embeddable":true,"href":"https:\/\/blog.corretoraideal.com.br\/index.php\/wp-json\/wp\/v2\/users\/1"}],"replies":[{"embeddable":true,"href":"https:\/\/blog.corretoraideal.com.br\/index.php\/wp-json\/wp\/v2\/comments?post=55732"}],"version-history":[{"count":1,"href":"https:\/\/blog.corretoraideal.com.br\/index.php\/wp-json\/wp\/v2\/posts\/55732\/revisions"}],"predecessor-version":[{"id":55734,"href":"https:\/\/blog.corretoraideal.com.br\/index.php\/wp-json\/wp\/v2\/posts\/55732\/revisions\/55734"}],"wp:attachment":[{"href":"https:\/\/blog.corretoraideal.com.br\/index.php\/wp-json\/wp\/v2\/media?parent=55732"}],"wp:term":[{"taxonomy":"category","embeddable":true,"href":"https:\/\/blog.corretoraideal.com.br\/index.php\/wp-json\/wp\/v2\/categories?post=55732"},{"taxonomy":"post_tag","embeddable":true,"href":"https:\/\/blog.corretoraideal.com.br\/index.php\/wp-json\/wp\/v2\/tags?post=55732"}],"curies":[{"name":"wp","href":"https:\/\/api.w.org\/{rel}","templated":true}]}}