{"id":55735,"date":"2023-12-27T12:29:38","date_gmt":"2023-12-27T12:29:38","guid":{"rendered":"https:\/\/blog.corretoraideal.com.br\/?p=55735"},"modified":"2023-12-27T12:29:38","modified_gmt":"2023-12-27T12:29:38","slug":"ate-onde-milei-pode-ir-com-a-ameaca-de-aprovar-seu-megadecreto-por-plebiscito-blog-da-sandra-cohen-g1","status":"publish","type":"post","link":"https:\/\/blog.corretoraideal.com.br\/index.php\/2023\/12\/27\/ate-onde-milei-pode-ir-com-a-ameaca-de-aprovar-seu-megadecreto-por-plebiscito-blog-da-sandra-cohen-g1\/","title":{"rendered":"At\u00e9 onde Milei pode ir com a amea\u00e7a de aprovar seu megadecreto por plebiscito? | Blog da Sandra Cohen | G1"},"content":{"rendered":"<br \/>\n<h1>At\u00e9 onde Milei pode ir com a amea\u00e7a de aprovar seu megadecreto por plebiscito?<\/h1>\n<h2>Presidente argentino testa a resist\u00eancia do Congresso, mas constitucionalistas advertem sobre limites do poder Executivo. <\/h2>\n<p> Por Sandra Cohen <\/p>\n<p>  27\/12\/2023 09h16    Atualizado  27\/12\/2023    <\/p>\n<p> Como presidente, <a class href=\"https:\/\/g1.globo.com\/tudo-sobre\/javier-milei\/\">Javier Milei<\/a> renovou nesta ter\u00e7a-feira as amea\u00e7as proferidas na <strong>fase mais radical de sua campanha eleitoral<\/strong>, antes do primeiro turno: <strong>governar por decretos e convocar plebiscitos<\/strong> para p\u00f4r em pr\u00e1tica suas ideias libert\u00e1rias, caso n\u00e3o obtivesse o apoio do Congresso argentino. <\/p>\n<p> O teste de resist\u00eancia entre o presidente e os legisladores j\u00e1 est\u00e1 em curso e se desenrola como uma queda de bra\u00e7o. Com fraca base partid\u00e1ria, Milei responsabiliza o Congresso pela lentid\u00e3o e acusa deputados e senadores de buscarem subornos para aprovar o seu <a class href=\"https:\/\/g1.globo.com\/mundo\/noticia\/2023\/12\/20\/milei-anuncia-decreto-que-estabelece-bases-para-novo-plano-economico.ghtml\">Decreto de Necessidade e Urg\u00eancia (DNU), que ele anunciou aos argentinos na semana passada<\/a>. <\/p>\n<ul>\n<li><a class href=\"https:\/\/g1.globo.com\/mundo\/noticia\/2023\/10\/23\/hamas-diz-que-libertou-mais-2-refens.ghtml\"><strong>\u2705 Clique aqui para seguir o canal de not\u00edcias internacionais do g1 no WhatsApp<\/strong><\/a><\/li>\n<\/ul>\n<p> Na verdade, trata-se de um megadecreto de choque, que estabelece a <strong>desregulamenta\u00e7\u00e3o massiva da economia<\/strong>, permite a<strong> privatiza\u00e7\u00e3o de empresas p\u00fablicas<\/strong> e<strong> revoga leis e reformas aprovadas pelo Legislativo<\/strong>. Em entrevista ao canal de TV \u201cLN+\u201d, o presidente argentino respondeu com apenas uma palavra \u2014 \u201cobviamente\u201d \u2014 <a class href=\"https:\/\/g1.globo.com\/mundo\/noticia\/2023\/12\/27\/milei-diz-que-alguns-legisladores-impoem-lentidao-porque-querem-propina-e-ameaca-fazer-consulta-popular-se-congresso-nao-aprovar-decretaco.ghtml\">se poderia convocar uma consulta popular, caso o DNU fosse rejeitado<\/a>. <\/p>\n<p>N\u00e3o \u00e9 t\u00e3o simples assim, alertam constitucionalistas que nos \u00faltimos dias expressaram opini\u00f5es sobre o tema. Os poderes de Milei s\u00e3o limitados, e os resultados de um plebiscito n\u00e3o s\u00e3o vinculativos, se este for convocado pelo presidente da rep\u00fablica. Apenas o Congresso tem a prerrogativa de convocar uma consulta popular vinculativa.<\/p>\n<p> Al\u00e9m disso, h\u00e1 os que consideram inconstitucional o pr\u00f3prio DNU, que revoga mais de 300 leis aprovadas pelo Congresso. Contra ele, <strong>a\u00e7\u00f5es judiciais foram impetradas<\/strong> pela Associa\u00e7\u00e3o Civil Observat\u00f3rio do Direito \u00e0 Cidade e pelo partido Uni\u00e3o Popular. <\/p>\n<p> Doutor em Direito pela Universidade de Buenos Aires, o advogado constitucionalista Andr\u00e9s Gil Dom\u00ednguez <strong>entrou na Justi\u00e7a com uma medida cautelar pedindo a anula\u00e7\u00e3o do DNU<\/strong> por violar a divis\u00e3o de poderes. <\/p>\n<p> \u201cA divis\u00e3o de poderes baseia-se numa f\u00f3rmula muito simples: o Poder Legislativo aprova as leis, o Poder Executivo administra e o Poder Judici\u00e1rio resolve os casos. Tudo sob o dom\u00ednio da for\u00e7a normativa da Constitui\u00e7\u00e3o e dos tratados de direitos humanos\u201d, argumenta Dom\u00ednguez. <\/p>\n<p>Milei reage com indiferen\u00e7a aos cr\u00edticos e insiste que n\u00e3o recuar\u00e1 se seu programa for barrado pelo Congresso ou pelo Judici\u00e1rio. O presidente trata a economia <a class href=\"https:\/\/g1.globo.com\/tudo-sobre\/argentina\/\">argentina<\/a> como um doente terminal e tira da cartola o \u00edndice de 75% de aprova\u00e7\u00e3o popular ao seu megadecreto. \u201cPor que o Congresso se op\u00f5e a uma mudan\u00e7a que \u00e9 boa para o povo?\u201d, questionou.<\/p>\n<p> O fato \u00e9 que o <strong>novo governo enfrenta nesta quarta-feira (27) mais protestos<\/strong>, convocados pela Confedera\u00e7\u00e3o Geral do Trabalho, com o mesmo protocolo de repress\u00e3o aplicado na semana passada pela ministra da Seguran\u00e7a, Patricia Bullrich: os manifestantes s\u00f3 podem usar as cal\u00e7adas; quem bloquear as ruas, n\u00e3o receber\u00e1 subs\u00eddios sociais. <\/p>\n<p> Nesta disputa, <strong>prevalecer\u00e1 o mais intransigente<\/strong>. <\/p>\n<p> <strong>LEIA MAIS:<\/strong> <\/p>\n<ul>\n<li><a class href=\"https:\/\/g1.globo.com\/economia\/noticia\/2023\/12\/27\/argentina-emitira-notas-de-20-mil-e-50-mil-pesos-diz-milei.ghtml\">Argentina emitir\u00e1 notas de 20 mil e 50 mil pesos, diz Milei<\/a><\/li>\n<li><a class href=\"https:\/\/g1.globo.com\/mundo\/noticia\/2023\/12\/21\/decreto-de-milei-e-feito-de-extrema-gravidade-institucional-jamais-visto-diz-ex-presidente-alberto-fernandez.ghtml\">Decreto de Milei \u00e9 &#x27;feito de extrema gravidade institucional&#x27;, diz ex-presidente da Argentina<\/a><\/li>\n<\/ul>\n<p>                   <img loading=\"lazy\" decoding=\"async\" class=\"aligncenter size-full wp-image-55737\" src=\"https:\/\/blog.corretoraideal.com.br\/wp-content\/uploads\/2023\/12\/na-argentina-governo-vai-dispensar-5-mil-funcionarios-publicos.jpeg\" alt=\"Na Argentina, governo vai dispensar 5 mil funcion\u00e1rios p\u00fablicos\" width=\"800\" height=\"400\" \/>       <\/p>\n<p> Na Argentina, governo vai dispensar 5 mil funcion\u00e1rios p\u00fablicos <\/p>\n<ul>\n<li> <a href=\"https:\/\/g1.globo.com\/tudo-sobre\/argentina\/\" class=\"entities__list-itemLink\" data-track-click=\"Argentina\"> Argentina <\/a> <\/li>\n<li> <a href=\"https:\/\/g1.globo.com\/tudo-sobre\/javier-milei\/\" class=\"entities__list-itemLink\" data-track-click=\"Javier Milei\"> Javier Milei <\/a> <\/li>\n<\/ul>\n<h3> <a id=\"js-next-article-desktop-link\" class=\"next-article-desktop-link\"><\/a> <\/h3>\n<h3> <a id=\"js-next-article-smart-link\" class=\"next-article-smart-link\"><\/a> <\/h3>\n<p>Veja tamb\u00e9m<\/p>\n<\/p>\n<\/p>\n<p>       Anterior   Pr\u00f3ximo     <\/p>\n","protected":false},"excerpt":{"rendered":"<p>At\u00e9 onde Milei pode ir com a amea\u00e7a de aprovar seu megadecreto por plebiscito? Presidente argentino testa a resist\u00eancia do Congresso, mas constitucionalistas advertem sobre limites do poder Executivo. Por Sandra Cohen 27\/12\/2023 09h16 Atualizado 27\/12\/2023 Como presidente, Javier Milei renovou nesta ter\u00e7a-feira as amea\u00e7as proferidas na fase mais radical de sua campanha eleitoral, antes [&hellip;]<\/p>\n","protected":false},"author":1,"featured_media":0,"comment_status":"closed","ping_status":"closed","sticky":false,"template":"","format":"standard","meta":{"footnotes":""},"categories":[],"tags":[],"class_list":["post-55735","post","type-post","status-publish","format-standard","hentry"],"_links":{"self":[{"href":"https:\/\/blog.corretoraideal.com.br\/index.php\/wp-json\/wp\/v2\/posts\/55735","targetHints":{"allow":["GET"]}}],"collection":[{"href":"https:\/\/blog.corretoraideal.com.br\/index.php\/wp-json\/wp\/v2\/posts"}],"about":[{"href":"https:\/\/blog.corretoraideal.com.br\/index.php\/wp-json\/wp\/v2\/types\/post"}],"author":[{"embeddable":true,"href":"https:\/\/blog.corretoraideal.com.br\/index.php\/wp-json\/wp\/v2\/users\/1"}],"replies":[{"embeddable":true,"href":"https:\/\/blog.corretoraideal.com.br\/index.php\/wp-json\/wp\/v2\/comments?post=55735"}],"version-history":[{"count":1,"href":"https:\/\/blog.corretoraideal.com.br\/index.php\/wp-json\/wp\/v2\/posts\/55735\/revisions"}],"predecessor-version":[{"id":55738,"href":"https:\/\/blog.corretoraideal.com.br\/index.php\/wp-json\/wp\/v2\/posts\/55735\/revisions\/55738"}],"wp:attachment":[{"href":"https:\/\/blog.corretoraideal.com.br\/index.php\/wp-json\/wp\/v2\/media?parent=55735"}],"wp:term":[{"taxonomy":"category","embeddable":true,"href":"https:\/\/blog.corretoraideal.com.br\/index.php\/wp-json\/wp\/v2\/categories?post=55735"},{"taxonomy":"post_tag","embeddable":true,"href":"https:\/\/blog.corretoraideal.com.br\/index.php\/wp-json\/wp\/v2\/tags?post=55735"}],"curies":[{"name":"wp","href":"https:\/\/api.w.org\/{rel}","templated":true}]}}