{"id":55753,"date":"2023-12-27T20:29:41","date_gmt":"2023-12-27T20:29:41","guid":{"rendered":"https:\/\/blog.corretoraideal.com.br\/?p=55753"},"modified":"2023-12-27T20:29:41","modified_gmt":"2023-12-27T20:29:41","slug":"itaocara-tem-sessoes-de-cinema-gratuitas-de-sexta-a-domingo-confira-a-programacao-norte-fluminense-g1","status":"publish","type":"post","link":"https:\/\/blog.corretoraideal.com.br\/index.php\/2023\/12\/27\/itaocara-tem-sessoes-de-cinema-gratuitas-de-sexta-a-domingo-confira-a-programacao-norte-fluminense-g1\/","title":{"rendered":"Itaocara tem sess\u00f5es de cinema gratuitas de sexta a domingo; confira a programa\u00e7\u00e3o | Norte Fluminense | G1"},"content":{"rendered":"<br \/>\n<h1>Itaocara tem sess\u00f5es de cinema gratuitas de sexta a domingo; confira a programa\u00e7\u00e3o<\/h1>\n<h2>Os ingressos ser\u00e3o distribu\u00eddos por ordem de chegada, uma hora antes do in\u00edcio do filme.<\/h2>\n<p> Por g1 &mdash; Norte Fluminense <\/p>\n<p>  16\/11\/2023 16h50    Atualizado  16\/11\/2023    <\/p>\n<p> <a class href=\"https:\/\/g1.globo.com\/rj\/regiao-serrana\/cidade\/itaocara\/\">Itaocara<\/a>, no Noroeste Fluminense, vai oferecer sess\u00f5es de cinema gratuitas de sexta-feira (17) at\u00e9 domingo (19). A programa\u00e7\u00e3o da Rede Cine+ ocorre em parceria com o Cinema na Pra\u00e7a. As exibi\u00e7\u00f5es v\u00e3o ocorrer no bairro Caxias ao lado da quadra municipal. <\/p>\n<p> O evento segue com a &#x27;Baixada Animada &#8211; 16\u00aa Mostra Ibero-Americana de Cinema de Anima\u00e7\u00e3o&#x27; e com o &#x27;Festival de Cinema Italiano&#x27;. <\/p>\n<p> Entre as exibi\u00e7\u00f5es est\u00e1 o curta \u201cAretha no Everest\u201d, que conta a hist\u00f3ria da primeira mulher negra latino-americana a chegar ao topo do Everest. <\/p>\n<p> Aretha Duarte estar\u00e1 presente no equipamento com a palestra \u201cIluminando Sonhos\u201d. Os ingressos s\u00e3o distribu\u00eddos por ordem de chegada, um hora antes do in\u00edcio do filme. <\/p>\n<p> A Prefeitura lembra ainda que menores de 16 anos s\u00f3 podem acessar e\/ou permanecer no local com a presen\u00e7a dos pais ou de um adulto respons\u00e1vel. <\/p>\n<p><h2>Programa\u00e7\u00e3o<\/h2>\n<\/p>\n<p> <strong>Sexta (17\/11)<\/strong> <\/p>\n<ul>\n<li>Baixada Animada &#8211; 16\u00aa Mostra Ibero-Americana de Cinema de Anima\u00e7\u00e3o (LIVRE) &#8211; 20h<\/li>\n<\/ul>\n<p> <strong>S\u00e1bado (18\/11)<\/strong> <\/p>\n<ul>\n<li>Billy | 18\u00aa edi\u00e7\u00e3o do Festival de Cinema Italiano (14 anos) &#8211; 20h<\/li>\n<\/ul>\n<p> <strong>Domingo (19\/11)<\/strong> <\/p>\n<ul>\n<li>Baixada Animada | 16\u00aa Mostra Ibero-Americana de Cinema de Anima\u00e7\u00e3o (LIVRE) &#8211; 10h<\/li>\n<\/ul>\n<ul>\n<li> <a href=\"https:\/\/g1.globo.com\/rj\/regiao-serrana\/cidade\/itaocara\/\" class=\"entities__list-itemLink\" data-track-click=\"Itaocara\"> Itaocara <\/a> <\/li>\n<\/ul>\n<h3> <a id=\"js-next-article-desktop-link\" class=\"next-article-desktop-link\"><\/a> <\/h3>\n<h3> <a id=\"js-next-article-smart-link\" class=\"next-article-smart-link\"><\/a> <\/h3>\n<p>Veja tamb\u00e9m<\/p>\n<\/p>\n<\/p>\n<p>       Anterior   Pr\u00f3ximo     <\/p>\n","protected":false},"excerpt":{"rendered":"<p>Itaocara tem sess\u00f5es de cinema gratuitas de sexta a domingo; confira a programa\u00e7\u00e3o Os ingressos ser\u00e3o distribu\u00eddos por ordem de chegada, uma hora antes do in\u00edcio do filme. Por g1 &mdash; Norte Fluminense 16\/11\/2023 16h50 Atualizado 16\/11\/2023 Itaocara, no Noroeste Fluminense, vai oferecer sess\u00f5es de cinema gratuitas de sexta-feira (17) at\u00e9 domingo (19). A programa\u00e7\u00e3o [&hellip;]<\/p>\n","protected":false},"author":1,"featured_media":0,"comment_status":"closed","ping_status":"closed","sticky":false,"template":"","format":"standard","meta":{"footnotes":""},"categories":[],"tags":[],"class_list":["post-55753","post","type-post","status-publish","format-standard","hentry"],"_links":{"self":[{"href":"https:\/\/blog.corretoraideal.com.br\/index.php\/wp-json\/wp\/v2\/posts\/55753","targetHints":{"allow":["GET"]}}],"collection":[{"href":"https:\/\/blog.corretoraideal.com.br\/index.php\/wp-json\/wp\/v2\/posts"}],"about":[{"href":"https:\/\/blog.corretoraideal.com.br\/index.php\/wp-json\/wp\/v2\/types\/post"}],"author":[{"embeddable":true,"href":"https:\/\/blog.corretoraideal.com.br\/index.php\/wp-json\/wp\/v2\/users\/1"}],"replies":[{"embeddable":true,"href":"https:\/\/blog.corretoraideal.com.br\/index.php\/wp-json\/wp\/v2\/comments?post=55753"}],"version-history":[{"count":1,"href":"https:\/\/blog.corretoraideal.com.br\/index.php\/wp-json\/wp\/v2\/posts\/55753\/revisions"}],"predecessor-version":[{"id":55755,"href":"https:\/\/blog.corretoraideal.com.br\/index.php\/wp-json\/wp\/v2\/posts\/55753\/revisions\/55755"}],"wp:attachment":[{"href":"https:\/\/blog.corretoraideal.com.br\/index.php\/wp-json\/wp\/v2\/media?parent=55753"}],"wp:term":[{"taxonomy":"category","embeddable":true,"href":"https:\/\/blog.corretoraideal.com.br\/index.php\/wp-json\/wp\/v2\/categories?post=55753"},{"taxonomy":"post_tag","embeddable":true,"href":"https:\/\/blog.corretoraideal.com.br\/index.php\/wp-json\/wp\/v2\/tags?post=55753"}],"curies":[{"name":"wp","href":"https:\/\/api.w.org\/{rel}","templated":true}]}}