{"id":55786,"date":"2023-12-28T11:29:41","date_gmt":"2023-12-28T11:29:41","guid":{"rendered":"https:\/\/blog.corretoraideal.com.br\/?p=55786"},"modified":"2023-12-28T11:29:41","modified_gmt":"2023-12-28T11:29:41","slug":"itaperuna-rj-divulga-programacao-completa-do-natal-para-todos-ate-dezembro-abertura-na-sexta-norte-fluminense-g1","status":"publish","type":"post","link":"https:\/\/blog.corretoraideal.com.br\/index.php\/2023\/12\/28\/itaperuna-rj-divulga-programacao-completa-do-natal-para-todos-ate-dezembro-abertura-na-sexta-norte-fluminense-g1\/","title":{"rendered":"Itaperuna, RJ, divulga programa\u00e7\u00e3o completa do &#039;Natal para todos&#039; at\u00e9 dezembro; Abertura na sexta | Norte Fluminense | G1"},"content":{"rendered":"<br \/>\n<h1>Itaperuna, RJ, divulga programa\u00e7\u00e3o completa do &#039;Natal para todos&#039; at\u00e9 dezembro; Abertura na sexta<\/h1>\n<h2>Abertura contar\u00e1 com a inaugura\u00e7\u00e3o das luzes da \u00e1rvore de Natal, ilumina\u00e7\u00e3o especial da cidade, al\u00e9m de concerto com Orquestra Sinf\u00f4nica Jovem do Rio. Programa\u00e7\u00e3o ser\u00e1 retomada em 30 de novembro.<\/h2>\n<p> Por g1 &mdash; Itaperuna <\/p>\n<p>  15\/11\/2023 17h50    Atualizado  15\/11\/2023    <\/p>\n<p>                      1 de 1&#013;Natal de 2022 em Itaperuna. Cidade tamb\u00e9m ter\u00e1 \u00e1rvore com ilumina\u00e7\u00e3o especial este ano \u2014 Foto: Prefeitura de Itaperuna\/Divulga\u00e7\u00e3o    <\/p>\n<p> Natal de 2022 em Itaperuna. Cidade tamb\u00e9m ter\u00e1 \u00e1rvore com ilumina\u00e7\u00e3o especial este ano \u2014 Foto: Prefeitura de Itaperuna\/Divulga\u00e7\u00e3o <\/p>\n<p> <a class href=\"https:\/\/g1.globo.com\/rj\/norte-fluminense\/cidade\/itaperuna\/\">Itaperuna<\/a>, no Noroeste Fluminense, divulgou a programa\u00e7\u00e3o completa do &quot;Natal para Todos&quot;. A abertura do evento ser\u00e1 na pr\u00f3xima sexta-feira (17) com inaugura\u00e7\u00e3o das luzes da \u00e1rvore de Natal, de toda a ilumina\u00e7\u00e3o natalina da cidade, al\u00e9m de apresenta\u00e7\u00e3o da Orquestra Sinf\u00f4nica Jovem do Rio de Janeiro. <\/p>\n<p> Depois, os festejos ser\u00e3o retomados no dia 30 de novembro e seguem at\u00e9 23 de dezembro <strong>(veja programa\u00e7\u00e3o completa no final da reportagem).<\/strong> <\/p>\n<p> Durante a abertura, nesta sexta, ao som da orquestra, que vai se apresentar \u00e0s 20h, as luzes ser\u00e3o acesas. O p\u00fablico poder\u00e1 contemplar a \u00e1rvore de Natal de 15 metros de altura. O evento ser\u00e1 na Avenida Cardoso Moreira, no Centro. <\/p>\n<p> A Prefeitura disse que toda a decora\u00e7\u00e3o e programa\u00e7\u00e3o n\u00e3o ter\u00e3o custos para os cofres p\u00fablicos do munic\u00edpio. <\/p>\n<p> O &quot;Natal para Todos&quot; \u00e9 um projeto realizado por meio de parceria entre a Prefeitura de Itaperuna, o Sesc a Fecom\u00e9rcio e o Sincom\u00e9rcio. <\/p>\n<p> <strong>Veja a programa\u00e7\u00e3o completa do Natal para Todos:<\/strong> <\/p>\n<ul>\n<li><strong>17 de Novembro ( Sexta ): <\/strong>Abertura 19h e Acendimento da \u00c1rvore de Natal da Prefeitura e da Pra\u00e7a Santos Dumont | Show: Orquestra Jovens do Rio &#8211; Palco SESC na Pra\u00e7a Get\u00falio Vargas &#8211; Centro<\/li>\n<li><strong>30 de Novembro (Quinta): <\/strong>Apresenta\u00e7\u00e3o da Matriz- TEATRO DE NATAL- hora: 20h<\/li>\n<li><strong>01 de Dezembro (Sexta): <\/strong>Show Sesc Padre Omar 20h &#8211; Palco SESC Pra\u00e7a Get\u00falio Vargas-Centro<\/li>\n<li><strong>02 de Dezembro (S\u00e1bado):<\/strong> Igreja Adventista -Concha Ac\u00fastica<\/li>\n<li><strong>08 de Dezembro( sexta ): <\/strong>Roda de Samba 20h &#8211; Concha Ac\u00fastica<\/li>\n<li><strong>09 de Dezembro (S\u00e1bado): <\/strong>2\u00b0 Festival de Folia 20h &#8211; Concha Ac\u00fastica<\/li>\n<li><strong>15 de Dezembro (Sexta): <\/strong>Orquestra Retocando- Concha Ac\u00fastica 20h<\/li>\n<li><strong>16 de Dezembro ( S\u00e1bado): <\/strong>Orquestra Sinf\u00f4nica Jazz Concha Ac\u00fastica 20h<\/li>\n<li><strong>17 de Dezembro (Domingo): <\/strong>Show de Rock &#8211; Concha Ac\u00fastica 20h<\/li>\n<li><strong>21 de Dezembro (Quinta ):<\/strong> Apresenta\u00e7\u00e3o do Grupo Esp\u00edrita Paz e Harmonia- Concha Ac\u00fastica 20h<\/li>\n<li><strong>22 de Dezembro (Sexta ): <\/strong>Show de Rock 20h- Concha Ac\u00fastica 20h<\/li>\n<li><strong>23 de Dezembro ( S\u00e1bado):<\/strong> Primeira Igreja Batista- Coral Concha Ac\u00fastica 20h<\/li>\n<\/ul>\n<ul>\n<li> <a href=\"https:\/\/g1.globo.com\/rj\/norte-fluminense\/cidade\/itaperuna\/\" class=\"entities__list-itemLink\" data-track-click=\"Itaperuna\"> Itaperuna <\/a> <\/li>\n<\/ul>\n<h3> <a id=\"js-next-article-desktop-link\" class=\"next-article-desktop-link\"><\/a> <\/h3>\n<h3> <a id=\"js-next-article-smart-link\" class=\"next-article-smart-link\"><\/a> <\/h3>\n<p>Veja tamb\u00e9m<\/p>\n<\/p>\n<\/p>\n<p>       Anterior   Pr\u00f3ximo     <\/p>\n","protected":false},"excerpt":{"rendered":"<p>Itaperuna, RJ, divulga programa\u00e7\u00e3o completa do &#039;Natal para todos&#039; at\u00e9 dezembro; Abertura na sexta Abertura contar\u00e1 com a inaugura\u00e7\u00e3o das luzes da \u00e1rvore de Natal, ilumina\u00e7\u00e3o especial da cidade, al\u00e9m de concerto com Orquestra Sinf\u00f4nica Jovem do Rio. Programa\u00e7\u00e3o ser\u00e1 retomada em 30 de novembro. Por g1 &mdash; Itaperuna 15\/11\/2023 17h50 Atualizado 15\/11\/2023 1 de [&hellip;]<\/p>\n","protected":false},"author":1,"featured_media":0,"comment_status":"closed","ping_status":"closed","sticky":false,"template":"","format":"standard","meta":{"footnotes":""},"categories":[],"tags":[],"class_list":["post-55786","post","type-post","status-publish","format-standard","hentry"],"_links":{"self":[{"href":"https:\/\/blog.corretoraideal.com.br\/index.php\/wp-json\/wp\/v2\/posts\/55786","targetHints":{"allow":["GET"]}}],"collection":[{"href":"https:\/\/blog.corretoraideal.com.br\/index.php\/wp-json\/wp\/v2\/posts"}],"about":[{"href":"https:\/\/blog.corretoraideal.com.br\/index.php\/wp-json\/wp\/v2\/types\/post"}],"author":[{"embeddable":true,"href":"https:\/\/blog.corretoraideal.com.br\/index.php\/wp-json\/wp\/v2\/users\/1"}],"replies":[{"embeddable":true,"href":"https:\/\/blog.corretoraideal.com.br\/index.php\/wp-json\/wp\/v2\/comments?post=55786"}],"version-history":[{"count":1,"href":"https:\/\/blog.corretoraideal.com.br\/index.php\/wp-json\/wp\/v2\/posts\/55786\/revisions"}],"predecessor-version":[{"id":55788,"href":"https:\/\/blog.corretoraideal.com.br\/index.php\/wp-json\/wp\/v2\/posts\/55786\/revisions\/55788"}],"wp:attachment":[{"href":"https:\/\/blog.corretoraideal.com.br\/index.php\/wp-json\/wp\/v2\/media?parent=55786"}],"wp:term":[{"taxonomy":"category","embeddable":true,"href":"https:\/\/blog.corretoraideal.com.br\/index.php\/wp-json\/wp\/v2\/categories?post=55786"},{"taxonomy":"post_tag","embeddable":true,"href":"https:\/\/blog.corretoraideal.com.br\/index.php\/wp-json\/wp\/v2\/tags?post=55786"}],"curies":[{"name":"wp","href":"https:\/\/api.w.org\/{rel}","templated":true}]}}