{"id":5582,"date":"2018-07-11T19:22:54","date_gmt":"2018-07-11T19:22:54","guid":{"rendered":"http:\/\/corretoraideal.com.br\/blog\/index.php\/2018\/07\/11\/cca_title\/"},"modified":"2018-07-11T19:23:16","modified_gmt":"2018-07-11T19:23:16","slug":"petrobras-eleva-refino-de-volta-em-junho-a-exportacao-de-oleo-de-gotas-exame","status":"publish","type":"post","link":"https:\/\/blog.corretoraideal.com.br\/index.php\/2018\/07\/11\/petrobras-eleva-refino-de-volta-em-junho-a-exportacao-de-oleo-de-gotas-exame\/","title":{"rendered":"Petrobras eleva refino de volta em junho, a exporta\u00e7\u00e3o de \u00f3leo de gotas | exame"},"content":{"rendered":"<p><\/img><\/p>\n<p>Petrobras: o estado vem destacando que ela n&atilde;o tem a autoridade de forma&ccedil;&atilde;o dos pre&ccedil;os dos combust&iacute;veis, que flutuam sobre os caprichos das condi&ccedil;&otilde;es de mercado (Germano L&uuml;ders\/EXAME\/EXAME)<\/p>\n<p>Rio de Janeiro &ndash; <strong><a href=\"https:\/\/exame.abril.com.br\/noticias-sobre\/petrobras\/\">a Petrobras<\/a><\/strong> , bem como a atualiza&ccedil;&atilde;o para tirar proveito do Banco, em junho, causando uma redu&ccedil;&atilde;o significativa nas exporta&ccedil;&otilde;es de petr&oacute;leo do Estado Brasileiro de Petr&oacute;leo Reuters em um e-mail de resposta para retomar a participa&ccedil;&atilde;o no mercado interno, com o fornecimento de combust&iacute;vel.<\/p>\n<p>Sobre <strong><a href=\"https:\/\/exame.abril.com.br\/noticias-sobre\/exportacoes\/\">as exporta&ccedil;&otilde;es de<\/a><\/strong> petr&oacute;leo do pa&iacute;s chegaram a 2,86 milh&otilde;es de toneladas em junho, uma queda de 24,3% em maio de recuo de 53,8 por cento em compara&ccedil;&atilde;o com um ano antes &uacute;ltimos dados oficiais do governo federal.<\/p>\n<p>Movimento ocorrer, mesmo no meio de uma redu&ccedil;&atilde;o das importa&ccedil;&otilde;es de diesel combust&iacute;vel mais consumido no Brasil.<\/p>\n<p>Compras externas de combust&iacute;veis f&oacute;sseis no sexto m&ecirc;s do ano, o 688.903 de metros c&uacute;bicos, uma redu&ccedil;&atilde;o de 45 por cento at&eacute; junho de 2017, uma queda de 8,8% em rela&ccedil;&atilde;o a Maio, de acordo com dados do Minist&eacute;rio da Ind&uacute;stria e com&eacute;rcio exterior e servi&ccedil;os.<\/p>\n<p>Analistas de mercado e importadores de que a Petrobras &eacute; a pr&aacute;tica de <strong><a href=\"https:\/\/exame.abril.com.br\/noticias-sobre\/precos\/\">pre&ccedil;os<\/a><\/strong> abaixo do la&ccedil;o de importa&ccedil;&otilde;es, desestimular as Importa&ccedil;&otilde;es por empresas concorrentes.<\/p>\n<p>&#8220;Olhando para a tend&ecirc;ncia ao longo do &uacute;ltimo m&ecirc;s, mais de dois meses, n&oacute;s vemos que toda a gasolina e diesel, combust&iacute;veis, principalmente gasolina, eles come&ccedil;aram a impor um pre&ccedil;o menor que o de paridade&#8230; estes aspectos devem ser desencorajadas as importa&ccedil;&otilde;es&#8221;, disse um analista de petr&oacute;leo tend&ecirc;ncias, Walter de Vitto.<\/p>\n<p>O &oacute;leo n&atilde;o dar detalhes sobre o fator de utiliza&ccedil;&atilde;o da usina, que tem capacidade para processar 2,176 milh&otilde;es de barris por dia (BPD) no pa&iacute;s.<\/p>\n<p>A Reuters publicou, em junho, com uma fonte da Petrobras com conhecimento do assunto, que o uso do fator de refinaria, a empresa aumentou para 85 por cento no per&iacute;odo entre abril e maio em compara&ccedil;&atilde;o com 67 por cento no final de 2017.<\/p>\n<p>Um cen&aacute;rio de aumento de refino de acontecer, mesmo no meio de uma recess&atilde;o nos primeiros nove meses do ano, at&eacute; Maio, de 0,6 por cento nas vendas de gasolina, por distribuidores diminui&ccedil;&atilde;o de 11,1% na gasolina, de acordo com os dados mais recentes da Ag&ecirc;ncia Nacional do petr&oacute;leo, g&aacute;s natural e biocombust&iacute;veis (<strong><a href=\"https:\/\/exame.abril.com.br\/noticias-sobre\/anp\/\">ANP<\/a><\/strong>).<\/p>\n<p>No mesmo per&iacute;odo, as vendas de todos os tipos de combust&iacute;vel, aumento de 1,1 por cento.<\/p>\n<p>Alexandre Szklo, professor de planejamento energ&eacute;tico da coppe\/UFRJ, disse &agrave; Reuters que a demanda por combust&iacute;vel continua a sofrer os efeitos sobre a economia do pa&iacute;s, o que vem a pior recess&atilde;o em d&eacute;cadas.<\/p>\n<p>Tamb&eacute;m contribuiu para a queda nas vendas de pend&ecirc;ncias greve da hist&oacute;ria do meu caminh&atilde;o em Maio contra os altos valores de diesel, que ap&oacute;s o lan&ccedil;amento da nova pol&iacute;tica de pre&ccedil;os da Petrobras, em 2016, deve permanecer acima da paridade de importa&ccedil;&atilde;o os seguintes indicadores Internacionais.<\/p>\n<p>A Petrobras tem sido destacando que ela n&atilde;o tem a autoridade de forma&ccedil;&atilde;o dos pre&ccedil;os dos combust&iacute;veis, que flutuam sobre os caprichos das condi&ccedil;&otilde;es de mercado. Ele disse em e-mail &agrave; Reuters na semana passada que o aumento no uso de servi&ccedil;os banc&aacute;rios devido ao crescimento na demanda por seus produtos.<\/p>\n<p>&#8220;O recente aumento na demanda por produtos refinados no mercado Brasileiro causou aumento refinaria de petr&oacute;leo nacional no m&ecirc;s de junho de 2018 em rela&ccedil;&atilde;o ao m&ecirc;s de Maio de 2018. Desta forma, houve um conseq&uuml;ente decl&iacute;nio nas exporta&ccedil;&otilde;es (petr&oacute;leo), neste per&iacute;odo, &#8221; a Petrobras.<\/p>\n<h3>As importa&ccedil;&otilde;es caem<\/h3>\n<p>Independente importadores de combust&iacute;vel afirmam que eles acham dif&iacute;cil permanecer no Brasil, acusou a Petrobras para cobrar pre&ccedil;os abaixo da paridade de importa&ccedil;&atilde;o.<\/p>\n<p>O Presidente da Associa&ccedil;&atilde;o Brasileira dos importadores de combust&iacute;vel (Abicom), o que representa nove empresas independentes, s&eacute;rgio ara&uacute;jo, disse &agrave; Reuters que a empresa de investimento recentemente na infra-estrutura, mas ele n&atilde;o encontrar uma maneira de obter lucro por causa do pre&ccedil;o.<\/p>\n<p>O Abicom diz que o programa de subs&iacute;dio do diesel, lan&ccedil;ado pelo governo no m&ecirc;s passado como um meio para atender as demandas dos motoristas de caminh&atilde;o, &eacute; tamb&eacute;m impedir que as importa&ccedil;&otilde;es de combust&iacute;vel.<\/p>\n<p>Atrav&eacute;s do programa, o governo reduziu o pre&ccedil;o do combust&iacute;vel est&aacute; ressarcindo banc&aacute;rio e importadores at&eacute; 30 centavos de d&oacute;lar por gal&atilde;o, dependendo das condi&ccedil;&otilde;es de mercado.<\/p>\n<p>&#8220;Os importadores independentes, em geral, de interromper as atividades de importar, porque &eacute; in&uacute;til, porque os pre&ccedil;os s&atilde;o definidos pelo governo &eacute; menor do que a paridade de importa&ccedil;&atilde;o&#8221;, disse ara&uacute;jo, que &eacute; o Presidente da Assembleia, que foi estabelecida no ano passado, em meio de quebrar o recorde de importa&ccedil;&atilde;o.<\/p>\n<p>&nbsp;<\/p>\n","protected":false},"excerpt":{"rendered":"<p>Petrobras: o estado vem destacando que ela n&atilde;o tem a autoridade de forma&ccedil;&atilde;o dos pre&ccedil;os dos combust&iacute;veis, que flutuam sobre os caprichos das condi&ccedil;&otilde;es de mercado (Germano L&uuml;ders\/EXAME\/EXAME) Rio de Janeiro &ndash; a Petrobras , bem como a atualiza&ccedil;&atilde;o para tirar proveito do Banco, em junho, causando uma redu&ccedil;&atilde;o significativa nas exporta&ccedil;&otilde;es de petr&oacute;leo do [&hellip;]<\/p>\n","protected":false},"author":0,"featured_media":0,"comment_status":"open","ping_status":"open","sticky":false,"template":"","format":"standard","meta":{"footnotes":""},"categories":[],"tags":[],"class_list":["post-5582","post","type-post","status-publish","format-standard","hentry"],"_links":{"self":[{"href":"https:\/\/blog.corretoraideal.com.br\/index.php\/wp-json\/wp\/v2\/posts\/5582","targetHints":{"allow":["GET"]}}],"collection":[{"href":"https:\/\/blog.corretoraideal.com.br\/index.php\/wp-json\/wp\/v2\/posts"}],"about":[{"href":"https:\/\/blog.corretoraideal.com.br\/index.php\/wp-json\/wp\/v2\/types\/post"}],"replies":[{"embeddable":true,"href":"https:\/\/blog.corretoraideal.com.br\/index.php\/wp-json\/wp\/v2\/comments?post=5582"}],"version-history":[{"count":1,"href":"https:\/\/blog.corretoraideal.com.br\/index.php\/wp-json\/wp\/v2\/posts\/5582\/revisions"}],"predecessor-version":[{"id":5584,"href":"https:\/\/blog.corretoraideal.com.br\/index.php\/wp-json\/wp\/v2\/posts\/5582\/revisions\/5584"}],"wp:attachment":[{"href":"https:\/\/blog.corretoraideal.com.br\/index.php\/wp-json\/wp\/v2\/media?parent=5582"}],"wp:term":[{"taxonomy":"category","embeddable":true,"href":"https:\/\/blog.corretoraideal.com.br\/index.php\/wp-json\/wp\/v2\/categories?post=5582"},{"taxonomy":"post_tag","embeddable":true,"href":"https:\/\/blog.corretoraideal.com.br\/index.php\/wp-json\/wp\/v2\/tags?post=5582"}],"curies":[{"name":"wp","href":"https:\/\/api.w.org\/{rel}","templated":true}]}}