{"id":55845,"date":"2023-12-29T14:29:45","date_gmt":"2023-12-29T14:29:45","guid":{"rendered":"https:\/\/blog.corretoraideal.com.br\/?p=55845"},"modified":"2023-12-29T14:29:45","modified_gmt":"2023-12-29T14:29:45","slug":"mp-anunciada-por-haddad-ficou-pior-que-o-previsto-e-congresso-fara-mudancas-diz-autor-do-projeto-da-desoneracao-blog-do-valdo-cruz-g1","status":"publish","type":"post","link":"https:\/\/blog.corretoraideal.com.br\/index.php\/2023\/12\/29\/mp-anunciada-por-haddad-ficou-pior-que-o-previsto-e-congresso-fara-mudancas-diz-autor-do-projeto-da-desoneracao-blog-do-valdo-cruz-g1\/","title":{"rendered":"MP anunciada por Haddad ficou &#039;pior que o previsto&#039; e Congresso far\u00e1 mudan\u00e7as, diz autor do projeto da desonera\u00e7\u00e3o | Blog do Valdo Cruz | G1"},"content":{"rendered":"\n<p> Por Valdo Cruz <\/p>\n<p> Comentarista de pol\u00edtica e economia da GloboNews. <\/p>\n<h1>MP anunciada por Haddad ficou &#039;pior que o previsto&#039; e Congresso far\u00e1 mudan\u00e7as, diz autor do projeto da desonera\u00e7\u00e3o<\/h1>\n<\/p>\n<p>  29\/12\/2023 11h04    Atualizado  29\/12\/2023    <\/p>\n<p> O l\u00edder do Uni\u00e3o Brasil no <a class href=\"https:\/\/g1.globo.com\/tudo-sobre\/senado-federal\/\">Senado<\/a>, Efraim Filho (PB), afirmou nesta sexta-feira (29) ao <strong>blog<\/strong> que a medida provis\u00f3ria assinada por Lula e pelo ministro da Fazenda, Fernando Haddad, saiu &quot;pior do que se esperava&quot; em rela\u00e7\u00e3o ao an\u00fancio de quinta (28). <\/p>\n<p> Efraim Filho \u00e9 autor do projeto que prorrogou a desonera\u00e7\u00e3o da folha de pagamento das empresas de 17 setores intensivos em m\u00e3o de obra at\u00e9 2027. O projeto foi aprovado pelo Congresso, vetado por Lula, promulgado ap\u00f3s a derrubada do veto \u2013 e agora, anulado novamente pela MP. <\/p>\n<p> &quot;[O texto] Saiu pior do que se esperava, com a exclus\u00e3o de setores, mostrando que a sanha arrecadat\u00f3ria do governo chega ao fim do ano em grau m\u00e1ximo&quot;, declarou o senador. <\/p>\n<p> O parlamentar avaliou que o texto da medida provis\u00f3ria \u00e9 &quot;muito ruim&quot; e n\u00e3o deve ser chancelado pelo Congresso porque aumenta o \u201crisco de demiss\u00f5es diante da inseguran\u00e7a jur\u00eddica\u201d. <\/p>\n<p>                   <img loading=\"lazy\" decoding=\"async\" class=\"aligncenter size-full wp-image-55847\" src=\"https:\/\/blog.corretoraideal.com.br\/wp-content\/uploads\/2023\/12\/haddad-anuncia-pacote-para-aumentar-a-arrecadacao-e-zerar-deficit-no-ano-que-vem.jpeg\" alt=\"Haddad anuncia pacote para aumentar a arrecada\u00e7\u00e3o e zerar d\u00e9ficit no ano que vem\" width=\"800\" height=\"400\" \/>       <\/p>\n<p> Haddad anuncia pacote para aumentar a arrecada\u00e7\u00e3o e zerar d\u00e9ficit no ano que vem <\/p>\n<p> Como as mudan\u00e7as s\u00f3 v\u00e3o entrar em vigor a partir de abril, o senador avalia h\u00e1 tempo para que o Congresso, na retomada dos trabalhos em fevereiro, rejeite a MP ou fa\u00e7a altera\u00e7\u00f5es na medida. \u201cDo jeito que est\u00e1, n\u00e3o passa\u201d, diz o senador. <\/p>\n<p> Efraim Filho n\u00e3o defende o caminho da judicializa\u00e7\u00e3o, e diz preferir o da pol\u00edtica. Segundo o senador, a decis\u00e3o sobre o caso deve se dar no Legislativo. <\/p>\n<p> O l\u00edder do Uni\u00e3o Brasil no Senado diz que n\u00e3o h\u00e1 clima no Congresso para a aprova\u00e7\u00e3o da MP \u2013 e que um caminho poderia ser at\u00e9 a devolu\u00e7\u00e3o da medida pelo presidente do Senado, Rodrigo Pacheco (PSD-MG). <\/p>\n<p> Efraim Filho avalia, por\u00e9m, que o melhor caminho \u00e9 decidir a quest\u00e3o dentro do Congresso, rejeitando a parte da reonera\u00e7\u00e3o e aprovando as outras medidas contidas na MP para aumentar a arrecada\u00e7\u00e3o do governo. <\/p>\n<p> No Pal\u00e1cio do Planalto, a avalia\u00e7\u00e3o \u00e9 que, depois das cr\u00edticas \u00e0 proposta, haver\u00e1 um espa\u00e7o para negocia\u00e7\u00e3o em 2024 com a volta dos trabalhos do Congresso. <\/p>\n<p> Um assessor de Lula diz, inclusive, que com certeza a equipe de Fernando Haddad elaborou a proposta com uma \u201cgordura\u201d para negociar. <\/p>\n<p>                   <img loading=\"lazy\" decoding=\"async\" class=\"aligncenter size-full wp-image-55848\" src=\"https:\/\/blog.corretoraideal.com.br\/wp-content\/uploads\/2023\/12\/haddad-anuncia-medidas-para-aumentar-a-arrecadacao.jpeg\" alt=\"Haddad anuncia medidas para aumentar a arrecada\u00e7\u00e3o\" width=\"800\" height=\"400\" \/>       <\/p>\n<p> Haddad anuncia medidas para aumentar a arrecada\u00e7\u00e3o <\/p>\n<ul>\n<li> <a href=\"https:\/\/g1.globo.com\/tudo-sobre\/congresso-nacional\/\" class=\"entities__list-itemLink\" data-track-click=\"Congresso Nacional\"> Congresso Nacional <\/a> <\/li>\n<li> <a href=\"https:\/\/g1.globo.com\/tudo-sobre\/senado-federal\/\" class=\"entities__list-itemLink\" data-track-click=\"Senado\"> Senado <\/a> <\/li>\n<\/ul>\n<h3> <a id=\"js-next-article-desktop-link\" class=\"next-article-desktop-link\"><\/a> <\/h3>\n<h3> <a id=\"js-next-article-smart-link\" class=\"next-article-smart-link\"><\/a> <\/h3>\n<p>Veja tamb\u00e9m<\/p>\n<\/p>\n<\/p>\n<p>       Anterior   Pr\u00f3ximo     <\/p>\n","protected":false},"excerpt":{"rendered":"<p>Por Valdo Cruz Comentarista de pol\u00edtica e economia da GloboNews. MP anunciada por Haddad ficou &#039;pior que o previsto&#039; e Congresso far\u00e1 mudan\u00e7as, diz autor do projeto da desonera\u00e7\u00e3o 29\/12\/2023 11h04 Atualizado 29\/12\/2023 O l\u00edder do Uni\u00e3o Brasil no Senado, Efraim Filho (PB), afirmou nesta sexta-feira (29) ao blog que a medida provis\u00f3ria assinada por [&hellip;]<\/p>\n","protected":false},"author":1,"featured_media":0,"comment_status":"closed","ping_status":"closed","sticky":false,"template":"","format":"standard","meta":{"footnotes":""},"categories":[],"tags":[],"class_list":["post-55845","post","type-post","status-publish","format-standard","hentry"],"_links":{"self":[{"href":"https:\/\/blog.corretoraideal.com.br\/index.php\/wp-json\/wp\/v2\/posts\/55845","targetHints":{"allow":["GET"]}}],"collection":[{"href":"https:\/\/blog.corretoraideal.com.br\/index.php\/wp-json\/wp\/v2\/posts"}],"about":[{"href":"https:\/\/blog.corretoraideal.com.br\/index.php\/wp-json\/wp\/v2\/types\/post"}],"author":[{"embeddable":true,"href":"https:\/\/blog.corretoraideal.com.br\/index.php\/wp-json\/wp\/v2\/users\/1"}],"replies":[{"embeddable":true,"href":"https:\/\/blog.corretoraideal.com.br\/index.php\/wp-json\/wp\/v2\/comments?post=55845"}],"version-history":[{"count":1,"href":"https:\/\/blog.corretoraideal.com.br\/index.php\/wp-json\/wp\/v2\/posts\/55845\/revisions"}],"predecessor-version":[{"id":55849,"href":"https:\/\/blog.corretoraideal.com.br\/index.php\/wp-json\/wp\/v2\/posts\/55845\/revisions\/55849"}],"wp:attachment":[{"href":"https:\/\/blog.corretoraideal.com.br\/index.php\/wp-json\/wp\/v2\/media?parent=55845"}],"wp:term":[{"taxonomy":"category","embeddable":true,"href":"https:\/\/blog.corretoraideal.com.br\/index.php\/wp-json\/wp\/v2\/categories?post=55845"},{"taxonomy":"post_tag","embeddable":true,"href":"https:\/\/blog.corretoraideal.com.br\/index.php\/wp-json\/wp\/v2\/tags?post=55845"}],"curies":[{"name":"wp","href":"https:\/\/api.w.org\/{rel}","templated":true}]}}