{"id":55854,"date":"2023-12-29T19:29:44","date_gmt":"2023-12-29T19:29:44","guid":{"rendered":"https:\/\/blog.corretoraideal.com.br\/?p=55854"},"modified":"2023-12-29T19:29:44","modified_gmt":"2023-12-29T19:29:44","slug":"frente-parlamentar-pede-a-pacheco-que-devolva-ao-governo-mp-que-revisa-desoneracao-politica-g1","status":"publish","type":"post","link":"https:\/\/blog.corretoraideal.com.br\/index.php\/2023\/12\/29\/frente-parlamentar-pede-a-pacheco-que-devolva-ao-governo-mp-que-revisa-desoneracao-politica-g1\/","title":{"rendered":"Frente parlamentar pede a Pacheco que devolva ao governo MP que revisa desonera\u00e7\u00e3o | Pol\u00edtica | G1"},"content":{"rendered":"<br \/>\n<h1>Frente parlamentar pede a Pacheco que devolva ao governo MP que revisa desonera\u00e7\u00e3o<\/h1>\n<h2>Criticada por parlamentares e setores, MP foi editada nesta sexta e reonera, de forma gradual, a folha de pagamento de 17 segmentos. Eventual devolu\u00e7\u00e3o invalidaria efeitos da medida.<\/h2>\n<p> Por g1 &mdash; Bras\u00edlia <\/p>\n<p>  29\/12\/2023 14h57    Atualizado  29\/12\/2023    <\/p>\n<ul>\n<li>\n<p> A Frente Parlamentar do Empreendedorismo pediu ao presidente do Senado, Rodrigo Pacheco (PSD-MG), que devolva ao governo a MP que reonera, de forma gradual, a folha de pagamentos <\/p>\n<\/li>\n<li>\n<p> Para o grupo de parlamentares, o tema j\u00e1 foi decidido pelo Legislativo e a edi\u00e7\u00e3o da medida \u00e9 uma &#x27;afronta&#x27; ao Legislativo <\/p>\n<\/li>\n<li>\n<p> Setores afetados pela reonera\u00e7\u00e3o tamb\u00e9m criticaram a MP, afirmando que a a\u00e7\u00e3o tomada pelo governo &#x27;n\u00e3o \u00e9 razo\u00e1vel&#x27; <\/p>\n<\/li>\n<li>\n<p> Se a MP for devolvida, os efeitos previstos no texto perderiam a validade <\/p>\n<\/li>\n<li>\n<p> Os segmentos contr\u00e1rios \u00e0 revis\u00e3o da desonera\u00e7\u00e3o empregam mais de 9 milh\u00f5es de trabalhadores <\/p>\n<\/li>\n<\/ul>\n<p> A Frente Parlamentar do Empreendedorismo pediu ao presidente do Senado, Rodrigo Pacheco (PSD-MG), que devolva ao governo a MP que reonera, de forma gradual, a folha de pagamentos <\/p>\n<p> Para o grupo de parlamentares, o tema j\u00e1 foi decidido pelo Legislativo e a edi\u00e7\u00e3o da medida \u00e9 uma &#x27;afronta&#x27; ao Legislativo <\/p>\n<p> Setores afetados pela reonera\u00e7\u00e3o tamb\u00e9m criticaram a MP, afirmando que a a\u00e7\u00e3o tomada pelo governo &#x27;n\u00e3o \u00e9 razo\u00e1vel&#x27; <\/p>\n<p> Se a MP for devolvida, os efeitos previstos no texto perderiam a validade <\/p>\n<p> Os segmentos contr\u00e1rios \u00e0 revis\u00e3o da desonera\u00e7\u00e3o empregam mais de 9 milh\u00f5es de trabalhadores <\/p>\n<p>         1 de 1&#013;O presidente do Senado, Rodrigo Pacheco (PSD-MG), foi instado por parlamentares a devolver a MP que reonera, de forma gradual, a folha de pagamentos \u2014 Foto: Jefferson Rudy\/Ag\u00eancia Senado    <\/p>\n<p> O presidente do Senado, Rodrigo Pacheco (PSD-MG), foi instado por parlamentares a devolver a MP que reonera, de forma gradual, a folha de pagamentos \u2014 Foto: Jefferson Rudy\/Ag\u00eancia Senado <\/p>\n<p> A Frente Parlamentar do Empreendedorismo (FPE) pediu nesta sexta-feira (29) ao presidente do Congresso e do <a class href=\"https:\/\/g1.globo.com\/tudo-sobre\/senado-federal\/\">Senado<\/a>, <a class href=\"https:\/\/g1.globo.com\/politica\/politico\/rodrigo-otavio-soares-pacheco\/\">Rodrigo Pacheco<\/a> (<a class href=\"https:\/\/g1.globo.com\/politica\/partido\/psd\/\">PSD<\/a>-MG), que devolva ao governo <a class href=\"https:\/\/g1.globo.com\/politica\/noticia\/2023\/12\/29\/governo-publica-medida-provisoria-para-tentar-zerar-o-deficit-das-contas-publicas-em-2024.ghtml\">a medida provis\u00f3ria editada para reonerar, de forma gradual, a folha de pagamento<\/a> de 17 setores da economia. <\/p>\n<p> O grupo, que re\u00fane 205 deputados e 46 senadores, oficializou o pleito em of\u00edcio encaminhado a Pacheco, horas ap\u00f3s a <a class href=\"https:\/\/g1.globo.com\/politica\/noticia\/2023\/12\/29\/governo-publica-medida-provisoria-para-tentar-zerar-o-deficit-das-contas-publicas-em-2024.ghtml\">publica\u00e7\u00e3o da MP no &quot;Di\u00e1rio Oficial da Uni\u00e3o&quot; desta sexta<\/a>. <\/p>\n<p> Segundo t\u00e9cnicos do Senado Federal, se oficializada, a devolu\u00e7\u00e3o da medida provis\u00f3ria torna o texto sem validade. <\/p>\n<p> A MP re\u00fane um pacote do ministro da Fazenda, <a class href=\"https:\/\/g1.globo.com\/politica\/politico\/fernando-haddad\/\">Fernando Haddad<\/a>, para tentar zerar o d\u00e9ficit das contas p\u00fablicas federais nos pr\u00f3ximos anos. <\/p>\n<p> Entre as medidas, est\u00e1 o retorno gradual da cobran\u00e7a de impostos sobre a folha de pagamentos de 17 setores intensivos em m\u00e3o de obra, que empregam mais de 9 milh\u00f5es de pessoas. <\/p>\n<p> A iniciativa prevista na MP vai contra decis\u00e3o tomada pelo Congresso neste m\u00eas, que <a class href=\"https:\/\/g1.globo.com\/politica\/noticia\/2023\/12\/14\/senado-vota-pela-derrubada-do-veto-a-desoneracao-da-folha-de-pagamentos-camara-ainda-vai-analisar.ghtml\">rejeitou veto do presidente Luiz In\u00e1cio Lula da Silva (PT) e renovou a desonera\u00e7\u00e3o por mais quatro anos<\/a> \u2014 at\u00e9 31 de dezembro de 2027. <\/p>\n<p> Pela proposta promulgada pelo Congresso, <a class href=\"https:\/\/g1.globo.com\/economia\/noticia\/2023\/10\/25\/senado-aprova-desoneracao-da-folha-para-17-setores-ate-o-fim-de-2027-texto-vai-a-sancao.ghtml\">empresas desses setores podem substituir a contribui\u00e7\u00e3o previdenci\u00e1ria<\/a> \u2014 de 20% sobre os sal\u00e1rios dos empregados \u2014 por uma al\u00edquota sobre a receita bruta do empreendimento, que varia de 1% a 4,5%, de acordo com o setor e servi\u00e7o prestado. <\/p>\n<p>                   <img loading=\"lazy\" decoding=\"async\" class=\"aligncenter size-full wp-image-55856\" src=\"https:\/\/blog.corretoraideal.com.br\/wp-content\/uploads\/2023\/12\/haddad-anuncia-pacote-para-aumentar-a-arrecadacao-e-zerar-deficit-no-ano-que-vem-1.jpeg\" alt=\"Haddad anuncia pacote para aumentar a arrecada\u00e7\u00e3o e zerar d\u00e9ficit no ano que vem\" width=\"800\" height=\"400\" \/>       <\/p>\n<p> Haddad anuncia pacote para aumentar a arrecada\u00e7\u00e3o e zerar d\u00e9ficit no ano que vem <\/p>\n<p><h2>&#x27;Afronta&#x27; ao Congresso<\/h2>\n<\/p>\n<p> No documento, o presidente da FPE, deputado Joaquim Passarinho (<a class href=\"https:\/\/g1.globo.com\/politica\/partido\/pl\/\">PL<\/a>-PA), diz que a MP editada pelo governo &quot;\u00e9 uma afronta ao Poder Legislativo&quot;. <\/p>\n<p>\u201cEssa medida provis\u00f3ria da desonera\u00e7\u00e3o da folha editada pelo governo, \u00e9 uma afronta ao poder Legislativo. Essa mat\u00e9ria foi votada este ano por duas vezes na Casa. Houve o veto. O veto foi derrubado nas duas Casas por ampla maioria, mostrando a vontade legislativa que representa a popula\u00e7\u00e3o desse pa\u00eds\u201d, declarou.<\/p>\n<p> A frente parlamentar tamb\u00e9m diz que a devolu\u00e7\u00e3o de uma medida provis\u00f3ria sobre o tema j\u00e1 ocorreu em 2015. Na ocasi\u00e3o, o ent\u00e3o presidente do Senado, <a class href=\"https:\/\/g1.globo.com\/politica\/politico\/renan-calheiros\/\">Renan Calheiros<\/a> (PMDB-AL), remeteu de volta ao Planalto uma MP, editada pela presidente <a class href=\"https:\/\/g1.globo.com\/politica\/politico\/dilma\/\">Dilma Rousseff<\/a> (<a class href=\"https:\/\/g1.globo.com\/politica\/partido\/pt\/\">PT<\/a>), para reduzir a desonera\u00e7\u00e3o da folha de pagamentos. <\/p>\n<p> Al\u00e9m de congressistas,<a class href=\"https:\/\/g1.globo.com\/economia\/noticia\/2023\/12\/28\/setores-da-economia-criticam-mp-anunciada-por-haddad-para-revisar-desoneracao-da-folha-nao-e-razoavel.ghtml#1\"> setores afetados pela MP editada pelo governo tamb\u00e9m criticaram a tentativa de reonera\u00e7\u00e3o da folha de pagamentos<\/a>. <\/p>\n<p> Desde que assumiu a Presid\u00eancia do Senado, Rodrigo Pacheco <a class href=\"https:\/\/g1.globo.com\/politica\/noticia\/2021\/09\/14\/pacheco-devolve-mp-de-bolsonaro-que-limita-remocao-de-conteudo-nas-redes-sociais.ghtml\">devolveu uma MP, que havia sido editada por Jair Bolsonaro (PL) em 2021, para limitar a remo\u00e7\u00e3o de conte\u00fados<\/a> publicados nas redes sociais. <\/p>\n<ul>\n<li> <a href=\"https:\/\/g1.globo.com\/tudo-sobre\/congresso-nacional\/\" class=\"entities__list-itemLink\" data-track-click=\"Congresso Nacional\"> Congresso Nacional <\/a> <\/li>\n<li> <a href=\"https:\/\/g1.globo.com\/politica\/politico\/dilma\/\" class=\"entities__list-itemLink\" data-track-click=\"Dilma Rousseff\"> Dilma Rousseff <\/a> <\/li>\n<li> <a href=\"https:\/\/g1.globo.com\/politica\/politico\/fernando-haddad\/\" class=\"entities__list-itemLink\" data-track-click=\"Fernando Haddad\"> Fernando Haddad <\/a> <\/li>\n<li> <a href=\"https:\/\/g1.globo.com\/politica\/politico\/jair-bolsonaro\/\" class=\"entities__list-itemLink\" data-track-click=\"Jair Bolsonaro\"> Jair Bolsonaro <\/a> <\/li>\n<li> <a href=\"https:\/\/g1.globo.com\/politica\/politico\/lula\/\" class=\"entities__list-itemLink\" data-track-click=\"Lula\"> Lula <\/a> <\/li>\n<li> <a href=\"https:\/\/g1.globo.com\/politica\/partido\/pl\/\" class=\"entities__list-itemLink\" data-track-click=\"PL\"> PL <\/a> <\/li>\n<li> <a href=\"https:\/\/g1.globo.com\/politica\/partido\/psd\/\" class=\"entities__list-itemLink\" data-track-click=\"PSD\"> PSD <\/a> <\/li>\n<li> <a href=\"https:\/\/g1.globo.com\/politica\/partido\/pt\/\" class=\"entities__list-itemLink\" data-track-click=\"PT\"> PT <\/a> <\/li>\n<li> <a href=\"https:\/\/g1.globo.com\/politica\/politico\/renan-calheiros\/\" class=\"entities__list-itemLink\" data-track-click=\"Renan Calheiros\"> Renan Calheiros <\/a> <\/li>\n<li> <a href=\"https:\/\/g1.globo.com\/politica\/politico\/rodrigo-otavio-soares-pacheco\/\" class=\"entities__list-itemLink\" data-track-click=\"Rodrigo Pacheco\"> Rodrigo Pacheco <\/a> <\/li>\n<li> <a href=\"https:\/\/g1.globo.com\/tudo-sobre\/senado-federal\/\" class=\"entities__list-itemLink\" data-track-click=\"Senado\"> Senado <\/a> <\/li>\n<\/ul>\n<h3> <a id=\"js-next-article-desktop-link\" class=\"next-article-desktop-link\"><\/a> <\/h3>\n<h3> <a id=\"js-next-article-smart-link\" class=\"next-article-smart-link\"><\/a> <\/h3>\n<p>Veja tamb\u00e9m<\/p>\n<\/p>\n<\/p>\n<p>       Anterior   Pr\u00f3ximo     <\/p>\n","protected":false},"excerpt":{"rendered":"<p>Frente parlamentar pede a Pacheco que devolva ao governo MP que revisa desonera\u00e7\u00e3o Criticada por parlamentares e setores, MP foi editada nesta sexta e reonera, de forma gradual, a folha de pagamento de 17 segmentos. Eventual devolu\u00e7\u00e3o invalidaria efeitos da medida. Por g1 &mdash; Bras\u00edlia 29\/12\/2023 14h57 Atualizado 29\/12\/2023 A Frente Parlamentar do Empreendedorismo pediu [&hellip;]<\/p>\n","protected":false},"author":1,"featured_media":0,"comment_status":"closed","ping_status":"closed","sticky":false,"template":"","format":"standard","meta":{"footnotes":""},"categories":[],"tags":[],"class_list":["post-55854","post","type-post","status-publish","format-standard","hentry"],"_links":{"self":[{"href":"https:\/\/blog.corretoraideal.com.br\/index.php\/wp-json\/wp\/v2\/posts\/55854","targetHints":{"allow":["GET"]}}],"collection":[{"href":"https:\/\/blog.corretoraideal.com.br\/index.php\/wp-json\/wp\/v2\/posts"}],"about":[{"href":"https:\/\/blog.corretoraideal.com.br\/index.php\/wp-json\/wp\/v2\/types\/post"}],"author":[{"embeddable":true,"href":"https:\/\/blog.corretoraideal.com.br\/index.php\/wp-json\/wp\/v2\/users\/1"}],"replies":[{"embeddable":true,"href":"https:\/\/blog.corretoraideal.com.br\/index.php\/wp-json\/wp\/v2\/comments?post=55854"}],"version-history":[{"count":1,"href":"https:\/\/blog.corretoraideal.com.br\/index.php\/wp-json\/wp\/v2\/posts\/55854\/revisions"}],"predecessor-version":[{"id":55857,"href":"https:\/\/blog.corretoraideal.com.br\/index.php\/wp-json\/wp\/v2\/posts\/55854\/revisions\/55857"}],"wp:attachment":[{"href":"https:\/\/blog.corretoraideal.com.br\/index.php\/wp-json\/wp\/v2\/media?parent=55854"}],"wp:term":[{"taxonomy":"category","embeddable":true,"href":"https:\/\/blog.corretoraideal.com.br\/index.php\/wp-json\/wp\/v2\/categories?post=55854"},{"taxonomy":"post_tag","embeddable":true,"href":"https:\/\/blog.corretoraideal.com.br\/index.php\/wp-json\/wp\/v2\/tags?post=55854"}],"curies":[{"name":"wp","href":"https:\/\/api.w.org\/{rel}","templated":true}]}}