{"id":55858,"date":"2023-12-30T01:30:03","date_gmt":"2023-12-30T01:30:03","guid":{"rendered":"https:\/\/blog.corretoraideal.com.br\/?p=55858"},"modified":"2023-12-30T01:30:03","modified_gmt":"2023-12-30T01:30:03","slug":"google-fecha-acordo-para-evitar-processo-bilionario-em-que-era-acusado-de-rastrear-usuarios-secretamente-tecnologia-g1","status":"publish","type":"post","link":"https:\/\/blog.corretoraideal.com.br\/index.php\/2023\/12\/30\/google-fecha-acordo-para-evitar-processo-bilionario-em-que-era-acusado-de-rastrear-usuarios-secretamente-tecnologia-g1\/","title":{"rendered":"Google fecha acordo para evitar processo bilion\u00e1rio em que era acusado de rastrear usu\u00e1rios secretamente | Tecnologia | G1"},"content":{"rendered":"<br \/>\n<h1>Google fecha acordo para evitar processo bilion\u00e1rio em que era acusado de rastrear usu\u00e1rios secretamente<\/h1>\n<h2>Segundo a\u00e7\u00e3o coletiva aberta nos EUA, aplicativos da empresa permitiam monitorar atividades, mesmo com o navegador Chrome no modo an\u00f4nimo ou privado.<\/h2>\n<p> Por g1 <\/p>\n<p>  29\/12\/2023 16h15    Atualizado  29\/12\/2023    <\/p>\n<p>                      1 de 1&#013;O logotipo do Google \u00e9 visto em um dos complexos de escrit\u00f3rios da empresa em Irvine, Calif\u00f3rnia, nos Estados Unidos \u2014 Foto: Mike Blake\/Reuters\/Arquivo    <\/p>\n<p> O logotipo do Google \u00e9 visto em um dos complexos de escrit\u00f3rios da empresa em Irvine, Calif\u00f3rnia, nos Estados Unidos \u2014 Foto: Mike Blake\/Reuters\/Arquivo <\/p>\n<p> O Google fechou um acordo para evitar um processo bilion\u00e1rio nos Estados Unidos em que era acusado de rastrear milh\u00f5es de pessoas que pensavam estar navegando na internet de forma privada. <\/p>\n<p> Os autores do processo alegavam que an\u00e1lises, cookies e aplicativos do Google permitiam o rastreamento de suas atividades mesmo quando configuravam o navegador Chrome para o modo &quot;inc\u00f3gnito&quot; e outros navegadores para o modo de navega\u00e7\u00e3o &quot;privada&quot;. <\/p>\n<p>Eles afirmaram que isso transformou o Google em uma &quot;colet\u00e2nea incontrol\u00e1vel de informa\u00e7\u00f5es&quot;, permitindo \u00e0 empresa conhecer seus amigos, hobbies, comidas favoritas, h\u00e1bitos de compras e &quot;coisas potencialmente embara\u00e7osas&quot; que procuram online.<\/p>\n<p> O julgamento da a\u00e7\u00e3o coletiva movida contra a empresa estava previsto para fevereiro de 2024, mas foi suspenso nesta quinta-feira (28) depois que advogados do Google e dos consumidores disseram ter chegado a um acordo preliminar. <\/p>\n<p> Os termos do acordo n\u00e3o foram divulgados, mas os advogados esperam apresent\u00e1-lo para aprova\u00e7\u00e3o judicial at\u00e9 24 de fevereiro de 2024. O processo buscava pelo menos US$ 5 bilh\u00f5es de indeniza\u00e7\u00e3o. <\/p>\n<p><h2>O que diz o Google<\/h2>\n<\/p>\n<p> Nem o Google nem os advogados dos consumidores autores da a\u00e7\u00e3o responderam imediatamente aos pedidos de coment\u00e1rios nesta quinta. <\/p>\n<p> Em agosto passado, quando a &quot;big tech&quot; tentou anular o processo, sem sucesso, o porta-voz do Google, Jose Castaneda, disse que a empresa discordava fortemente dos argumentos da acusa\u00e7\u00e3o. <\/p>\n<p> Segundo a ag\u00eancia Reuters, ele afirmou que o modo an\u00f4nimo no Chrome d\u00e1 ao usu\u00e1rio a escolha de navegar na internet sem que sua atividade seja salva no navegador ou dispositivo. E que a empresa deixa claro que, cada vez que uma aba an\u00f4nima \u00e9 aberta, os sites poder\u00e3o coletar informa\u00e7\u00f5es sobre a atividade de navega\u00e7\u00e3o durante a sess\u00e3o.&quot; <\/p>\n<p> Na \u00e9poca, a ju\u00edza Yvonne Gonzalez Rogers rejeitou anular o processo porque n\u00e3o encontrou evid\u00eancias de que usu\u00e1rios tenham consentido que o Google coletasse informa\u00e7\u00f5es sobre o que eles viam on-line porque a Alphabet, dona do Google, nunca lhes disse explicitamente que faria isso. <\/p>\n<p> A ju\u00edza \u00e9 a mesma que suspendeu a a\u00e7\u00e3o, ap\u00f3s as partes chegarem a um acordo, nesta quinta. <\/p>\n<p> <strong>Leia tamb\u00e9m:<\/strong> <\/p>\n<ul>\n<li><a class href=\"https:\/\/g1.globo.com\/tecnologia\/noticia\/2023\/12\/21\/instagram-permite-ver-seu-historico-de-curtidas-e-comentarios-veja-como-acessar.ghtml\">Instagram permite ver seu hist\u00f3rico de curtidas e coment\u00e1rios; veja como acessar<\/a><\/li>\n<li><a class href=\"https:\/\/g1.globo.com\/tecnologia\/noticia\/2023\/12\/27\/espionagem-de-celular-saiba-se-monitorar-o-dispositivo-do-parceiro-e-crime.ghtml\">Espiar celular \u00e9 crime? Tire suas d\u00favidas<\/a><\/li>\n<li><a class href=\"https:\/\/g1.globo.com\/tecnologia\/noticia\/2023\/12\/27\/celular-seguro-bloqueou-mais-de-43-mil-aparelhos-em-uma-semana.ghtml\">Celular Seguro: servi\u00e7o do governo para inibir roubos j\u00e1 bloqueou mais de 4,3 mil aparelhos <\/a><\/li>\n<\/ul>\n<p><h2>Assista o v\u00eddeo abaixo e saiba como \u00e9 a vida de quem vende nude na internet<\/h2>\n<\/p>\n<p>                   <img loading=\"lazy\" decoding=\"async\" class=\"aligncenter size-full wp-image-55860\" src=\"https:\/\/blog.corretoraideal.com.br\/wp-content\/uploads\/2023\/12\/os-bastidores-as-estrategias-e-a-rotina-de-quem-ganha-a-vida-vendendo-videos-de-sexo-11.jpeg\" alt=\"Os bastidores, as estrat\u00e9gias e a rotina de quem ganha a vida vendendo v\u00eddeos de sexo\" width=\"800\" height=\"400\" \/>       <\/p>\n<p> Os bastidores, as estrat\u00e9gias e a rotina de quem ganha a vida vendendo v\u00eddeos de sexo <\/p>\n<p><h2>O que mais bombou no Google em 2023? Assista o v\u00eddeo para saber<\/h2>\n<\/p>\n<p>                   <img loading=\"lazy\" decoding=\"async\" class=\"aligncenter size-full wp-image-55861\" src=\"https:\/\/blog.corretoraideal.com.br\/wp-content\/uploads\/2023\/12\/as-buscas-na-internet-que-bombaram-no-ano-de-2023-7.jpeg\" alt=\"As buscas na internet que bombaram no ano de 2023\" width=\"800\" height=\"400\" \/>       <\/p>\n<p> As buscas na internet que bombaram no ano de 2023 <\/p>\n<ul> <\/ul>\n<h3> <a id=\"js-next-article-desktop-link\" class=\"next-article-desktop-link\"><\/a> <\/h3>\n<h3> <a id=\"js-next-article-smart-link\" class=\"next-article-smart-link\"><\/a> <\/h3>\n<p>Veja tamb\u00e9m<\/p>\n<\/p>\n<\/p>\n<p>       Anterior   Pr\u00f3ximo     <\/p>\n","protected":false},"excerpt":{"rendered":"<p>Google fecha acordo para evitar processo bilion\u00e1rio em que era acusado de rastrear usu\u00e1rios secretamente Segundo a\u00e7\u00e3o coletiva aberta nos EUA, aplicativos da empresa permitiam monitorar atividades, mesmo com o navegador Chrome no modo an\u00f4nimo ou privado. Por g1 29\/12\/2023 16h15 Atualizado 29\/12\/2023 1 de 1&#013;O logotipo do Google \u00e9 visto em um dos complexos [&hellip;]<\/p>\n","protected":false},"author":1,"featured_media":0,"comment_status":"closed","ping_status":"closed","sticky":false,"template":"","format":"standard","meta":{"footnotes":""},"categories":[],"tags":[],"class_list":["post-55858","post","type-post","status-publish","format-standard","hentry"],"_links":{"self":[{"href":"https:\/\/blog.corretoraideal.com.br\/index.php\/wp-json\/wp\/v2\/posts\/55858","targetHints":{"allow":["GET"]}}],"collection":[{"href":"https:\/\/blog.corretoraideal.com.br\/index.php\/wp-json\/wp\/v2\/posts"}],"about":[{"href":"https:\/\/blog.corretoraideal.com.br\/index.php\/wp-json\/wp\/v2\/types\/post"}],"author":[{"embeddable":true,"href":"https:\/\/blog.corretoraideal.com.br\/index.php\/wp-json\/wp\/v2\/users\/1"}],"replies":[{"embeddable":true,"href":"https:\/\/blog.corretoraideal.com.br\/index.php\/wp-json\/wp\/v2\/comments?post=55858"}],"version-history":[{"count":1,"href":"https:\/\/blog.corretoraideal.com.br\/index.php\/wp-json\/wp\/v2\/posts\/55858\/revisions"}],"predecessor-version":[{"id":55862,"href":"https:\/\/blog.corretoraideal.com.br\/index.php\/wp-json\/wp\/v2\/posts\/55858\/revisions\/55862"}],"wp:attachment":[{"href":"https:\/\/blog.corretoraideal.com.br\/index.php\/wp-json\/wp\/v2\/media?parent=55858"}],"wp:term":[{"taxonomy":"category","embeddable":true,"href":"https:\/\/blog.corretoraideal.com.br\/index.php\/wp-json\/wp\/v2\/categories?post=55858"},{"taxonomy":"post_tag","embeddable":true,"href":"https:\/\/blog.corretoraideal.com.br\/index.php\/wp-json\/wp\/v2\/tags?post=55858"}],"curies":[{"name":"wp","href":"https:\/\/api.w.org\/{rel}","templated":true}]}}