{"id":55863,"date":"2023-12-30T05:29:47","date_gmt":"2023-12-30T05:29:47","guid":{"rendered":"https:\/\/blog.corretoraideal.com.br\/?p=55863"},"modified":"2023-12-30T05:29:47","modified_gmt":"2023-12-30T05:29:47","slug":"correcao-da-tabela-do-ir-isentaria-quase-138-milhoes-de-contribuintes-aponta-levantamento-politica-g1","status":"publish","type":"post","link":"https:\/\/blog.corretoraideal.com.br\/index.php\/2023\/12\/30\/correcao-da-tabela-do-ir-isentaria-quase-138-milhoes-de-contribuintes-aponta-levantamento-politica-g1\/","title":{"rendered":"Corre\u00e7\u00e3o da tabela do IR isentaria quase 13,8 milh\u00f5es de contribuintes, aponta levantamento | Pol\u00edtica | G1"},"content":{"rendered":"<br \/>\n<h1>Corre\u00e7\u00e3o da tabela do IR isentaria quase 13,8 milh\u00f5es de contribuintes, aponta levantamento<\/h1>\n<h2>Dados da Unafisco mostram defasagem de 133,65% na faixa de isen\u00e7\u00e3o. Governo tem trabalhado com expectativa de discutir reforma mais ampla do Imposto de Renda em 2024.<\/h2>\n<p> Por <a class=\"multi_signatures\" href=\"https:\/\/g1.globo.com\/autores\/luiz-felipe-barbieri\/\">Luiz Felipe Barbi\u00e9ri<\/a>, <a class=\"multi_signatures\" href=\"https:\/\/g1.globo.com\/autores\/ana-paula-castro\/\">Ana Paula Castro<\/a>, g1 e TV Globo &mdash; Bras\u00edlia <\/p>\n<p>  29\/12\/2023 19h40    Atualizado  29\/12\/2023    <\/p>\n<ul>\n<li>\n<p> Levantamento da Unafisco mostra que se a tabela do Imposto de Renda fosse corrigida quase 13,8 milh\u00f5es de pessoas estariam isentas. <\/p>\n<\/li>\n<li>\n<p> Corre\u00e7\u00e3o seria com base no acumulado da infla\u00e7\u00e3o at\u00e9 dezembro de 2023 <\/p>\n<\/li>\n<li>\n<p> Associa\u00e7\u00e3o aponta uma defasagem na tabela do Imposto de Renda Pessoa F\u00edsica (IRPF) no Brasil. <\/p>\n<\/li>\n<li>\n<p> De acordo com a entidade, a diferen\u00e7a entre a arrecada\u00e7\u00e3o projetada e o montante que deveria ser arrecadado representa R$ 204,43 bilh\u00f5es. <\/p>\n<\/li>\n<li>\n<p> \u00daltima corre\u00e7\u00e3o da tabela do Imposto de Renda foi realizada em 2015, no in\u00edcio do segundo mandato da ex-presidente Dilma Rousseff. <\/p>\n<\/li>\n<li>\n<p> Atualmente, s\u00e3o isentos os ganhos de at\u00e9 R$ 2.112. Governo tem trabalhado com a expectativa de discutir uma reforma mais ampla do IR em 2024. <\/p>\n<\/li>\n<\/ul>\n<p> Levantamento da Unafisco mostra que se a tabela do Imposto de Renda fosse corrigida quase 13,8 milh\u00f5es de pessoas estariam isentas. <\/p>\n<p> Corre\u00e7\u00e3o seria com base no acumulado da infla\u00e7\u00e3o at\u00e9 dezembro de 2023 <\/p>\n<p> Associa\u00e7\u00e3o aponta uma defasagem na tabela do Imposto de Renda Pessoa F\u00edsica (IRPF) no Brasil. <\/p>\n<p> De acordo com a entidade, a diferen\u00e7a entre a arrecada\u00e7\u00e3o projetada e o montante que deveria ser arrecadado representa R$ 204,43 bilh\u00f5es. <\/p>\n<p> \u00daltima corre\u00e7\u00e3o da tabela do Imposto de Renda foi realizada em 2015, no in\u00edcio do segundo mandato da ex-presidente Dilma Rousseff. <\/p>\n<p> Atualmente, s\u00e3o isentos os ganhos de at\u00e9 R$ 2.112. Governo tem trabalhado com a expectativa de discutir uma reforma mais ampla do IR em 2024. <\/p>\n<p> Levantamento da Associa\u00e7\u00e3o Nacional dos Auditores Fiscais da <a class href=\"https:\/\/g1.globo.com\/tudo-sobre\/receita-federal\/\">Receita Federal<\/a> do Brasil (Unafisco) mostra que se a tabela do Imposto de Renda fosse corrigida considerando o acumulado da infla\u00e7\u00e3o at\u00e9 dezembro de 2023, quase 13,8 milh\u00f5es de pessoas estariam isentas. <\/p>\n<p> A Associa\u00e7\u00e3o aponta uma defasagem na tabela do Imposto de Renda Pessoa F\u00edsica (IRPF) no Brasil (<strong>leia mais abaixo<\/strong>). <\/p>\n<p> De acordo com os dados da entidade, a diferen\u00e7a entre a arrecada\u00e7\u00e3o projetada (R$ 321 bilh\u00f5es) e o montante que deveria ser arrecadado (R$ 116 bilh\u00f5es) representa R$ 204,43 bilh\u00f5es que fam\u00edlias deixariam de arrecadar. <\/p>\n<p>                   <img loading=\"lazy\" decoding=\"async\" class=\"aligncenter size-full wp-image-55865\" src=\"https:\/\/blog.corretoraideal.com.br\/wp-content\/uploads\/2023\/12\/reforma-tributaria-congresso-tem-180-dias-para-detalhar-funcionamento-na-pratica.jpeg\" alt=\"Reforma Tribut\u00e1ria: Congresso tem 180 dias para detalhar funcionamento na pr\u00e1tica\" width=\"800\" height=\"400\" \/>       <\/p>\n<p> Reforma Tribut\u00e1ria: Congresso tem 180 dias para detalhar funcionamento na pr\u00e1tica <\/p>\n<p> Segundo Mauro Silva, presidente da entidade, a defasagem gera preocupa\u00e7\u00e3o com a Justi\u00e7a Tribut\u00e1ria. <\/p>\n<p>\u201cApesar das expectativas, a defasagem na corre\u00e7\u00e3o do IRPF persiste, sem que a promessa de resolu\u00e7\u00e3o por parte do presidente Lula tenha sido cumprida\u201d, afirmou a Unafisco em nota. <\/p>\n<p> A \u00faltima corre\u00e7\u00e3o da tabela do Imposto de Renda foi realizada em 2015, no in\u00edcio do segundo mandato da ex-presidente Dilma Rousseff (PT). Desde ent\u00e3o, n\u00e3o houve qualquer altera\u00e7\u00e3o. <\/p>\n<p> Atualmente, s\u00e3o isentos os ganhos de at\u00e9 R$ 2.112. Se a tabela fosse corrigida, a faixa de isen\u00e7\u00e3o subiria para R$ 4.934,69, uma defasagem de 133,65%. <\/p>\n<p><h2>Reforma do IR<\/h2>\n<\/p>\n<p> O governo tem trabalhado com a expectativa de discutir uma reforma mais ampla do Imposto de Renda em 2024. <\/p>\n<p> A previs\u00e3o j\u00e1 est\u00e1 contemplada na Proposta de Emenda \u00e0 Constitui\u00e7\u00e3o (PEC) da reforma tribut\u00e1ria, que estabeleceu um prazo de 90 dias, contados a partir da promulga\u00e7\u00e3o do texto, para que o Planalto envie um projeto com mudan\u00e7as na taxa\u00e7\u00e3o sobre a renda. <\/p>\n<p> <a class href=\"https:\/\/g1.globo.com\/jornal-nacional\/noticia\/2023\/12\/20\/congresso-nacional-promulga-a-reforma-tributaria.ghtml\">A reforma foi promulgada no \u00faltimo dia 20 e estabeleceu a unifica\u00e7\u00e3o de cinco impostos em dois Impostos sobre o Valor Agregado (IVAs).<\/a> As mudan\u00e7as v\u00e3o atingir os tributos sobre o consumo, sem alterar as regras de tributa\u00e7\u00e3o pelo IR. <\/p>\n<p> <strong>Pelo prazo estabelecido na emenda, o governo ter\u00e1 at\u00e9 mar\u00e7o de 2024 para enviar um projeto ao Congresso.<\/strong> <\/p>\n<p> A reforma do IR \u00e9 uma das propostas priorit\u00e1rias do presidente <a class href=\"https:\/\/g1.globo.com\/tudo-sobre\/luiz-inacio-lula-da-silva\/\">Luiz In\u00e1cio Lula da Silva<\/a> (PT), que tem declarado, desde a campanha, que atualizaria a tabela de isen\u00e7\u00e3o do tributo. <\/p>\n<p> Em 2022, durante a campanha, Lula se comprometeu a elevar a isen\u00e7\u00e3o do Imposto de Renda das Pessoas F\u00edsicas (IRPF) para quem ganha at\u00e9 R$ 5 mil mensais. A equipe econ\u00f4mica, liderada pelo ministro da Fazenda, Fernando Haddad, trabalha com o cumprimento da promessa at\u00e9 2026. <\/p>\n<p> Em maio deste ano, o governo editou uma medida provis\u00f3ria que elevou a isen\u00e7\u00e3o do IR para R$ 2.640. <\/p>\n<p> A medida foi poss\u00edvel por meio de uma atualiza\u00e7\u00e3o na faixa de isentos para R$ 2.112, al\u00e9m de um desconto mensal de R$ 528 na fonte. A \u00faltima corre\u00e7\u00e3o da tabela havia sido realizada em 2015. <\/p>\n<p> Os presidentes da C\u00e2mara, deputado Arthur Lira (PP-AL), e do Senado, senador <a class href=\"https:\/\/g1.globo.com\/tudo-sobre\/rodrigo-pacheco\/\">Rodrigo Pacheco<\/a> (PSD-MG), tratam a fase de regulamenta\u00e7\u00e3o da reforma tribut\u00e1ria, que deve discutir uma revis\u00e3o do Imposto de Renda, como uma das prioridades do Legislativo em 2024. <\/p>\n<p> A expectativa \u00e9 que os projetos sejam discutidos ainda no primeiro semestre. <\/p>\n<p> \u201cO ano que vem, no Legislativo, \u00e9 mais curto, por causa das elei\u00e7\u00f5es municipais. Por isso, nossa prioridade ser\u00e1 regulamentar a reforma tribut\u00e1ria, o maior feito do Congresso Nacional nas \u00faltimas d\u00e9cadas. Um avan\u00e7o que vai fazer com que o pa\u00eds mude de patamar\u201d, disse Lira ao <strong>blog do Valdo Cruz<\/strong> no <strong>g1.<\/strong> <\/p>\n<ul>\n<li> <a href=\"https:\/\/g1.globo.com\/tudo-sobre\/luiz-inacio-lula-da-silva\/\" class=\"entities__list-itemLink\" data-track-click=\"Luiz In\u00e1cio Lula da Silva\"> Luiz In\u00e1cio Lula da Silva <\/a> <\/li>\n<li> <a href=\"https:\/\/g1.globo.com\/tudo-sobre\/receita-federal\/\" class=\"entities__list-itemLink\" data-track-click=\"Receita Federal\"> Receita Federal <\/a> <\/li>\n<li> <a href=\"https:\/\/g1.globo.com\/tudo-sobre\/rodrigo-pacheco\/\" class=\"entities__list-itemLink\" data-track-click=\"Rodrigo Pacheco\"> Rodrigo Pacheco <\/a> <\/li>\n<\/ul>\n<h3> <a id=\"js-next-article-desktop-link\" class=\"next-article-desktop-link\"><\/a> <\/h3>\n<h3> <a id=\"js-next-article-smart-link\" class=\"next-article-smart-link\"><\/a> <\/h3>\n<p>Veja tamb\u00e9m<\/p>\n<\/p>\n<\/p>\n<p>       Anterior   Pr\u00f3ximo     <\/p>\n","protected":false},"excerpt":{"rendered":"<p>Corre\u00e7\u00e3o da tabela do IR isentaria quase 13,8 milh\u00f5es de contribuintes, aponta levantamento Dados da Unafisco mostram defasagem de 133,65% na faixa de isen\u00e7\u00e3o. Governo tem trabalhado com expectativa de discutir reforma mais ampla do Imposto de Renda em 2024. Por Luiz Felipe Barbi\u00e9ri, Ana Paula Castro, g1 e TV Globo &mdash; Bras\u00edlia 29\/12\/2023 19h40 [&hellip;]<\/p>\n","protected":false},"author":1,"featured_media":0,"comment_status":"closed","ping_status":"closed","sticky":false,"template":"","format":"standard","meta":{"footnotes":""},"categories":[],"tags":[],"class_list":["post-55863","post","type-post","status-publish","format-standard","hentry"],"_links":{"self":[{"href":"https:\/\/blog.corretoraideal.com.br\/index.php\/wp-json\/wp\/v2\/posts\/55863","targetHints":{"allow":["GET"]}}],"collection":[{"href":"https:\/\/blog.corretoraideal.com.br\/index.php\/wp-json\/wp\/v2\/posts"}],"about":[{"href":"https:\/\/blog.corretoraideal.com.br\/index.php\/wp-json\/wp\/v2\/types\/post"}],"author":[{"embeddable":true,"href":"https:\/\/blog.corretoraideal.com.br\/index.php\/wp-json\/wp\/v2\/users\/1"}],"replies":[{"embeddable":true,"href":"https:\/\/blog.corretoraideal.com.br\/index.php\/wp-json\/wp\/v2\/comments?post=55863"}],"version-history":[{"count":1,"href":"https:\/\/blog.corretoraideal.com.br\/index.php\/wp-json\/wp\/v2\/posts\/55863\/revisions"}],"predecessor-version":[{"id":55866,"href":"https:\/\/blog.corretoraideal.com.br\/index.php\/wp-json\/wp\/v2\/posts\/55863\/revisions\/55866"}],"wp:attachment":[{"href":"https:\/\/blog.corretoraideal.com.br\/index.php\/wp-json\/wp\/v2\/media?parent=55863"}],"wp:term":[{"taxonomy":"category","embeddable":true,"href":"https:\/\/blog.corretoraideal.com.br\/index.php\/wp-json\/wp\/v2\/categories?post=55863"},{"taxonomy":"post_tag","embeddable":true,"href":"https:\/\/blog.corretoraideal.com.br\/index.php\/wp-json\/wp\/v2\/tags?post=55863"}],"curies":[{"name":"wp","href":"https:\/\/api.w.org\/{rel}","templated":true}]}}