{"id":55867,"date":"2023-12-30T06:29:59","date_gmt":"2023-12-30T06:29:59","guid":{"rendered":"https:\/\/blog.corretoraideal.com.br\/?p=55867"},"modified":"2023-12-30T06:29:59","modified_gmt":"2023-12-30T06:29:59","slug":"como-pai-do-chatgpt-voltou-ao-comando-da-openai-dias-apos-ser-demitido-tecnologia-g1","status":"publish","type":"post","link":"https:\/\/blog.corretoraideal.com.br\/index.php\/2023\/12\/30\/como-pai-do-chatgpt-voltou-ao-comando-da-openai-dias-apos-ser-demitido-tecnologia-g1\/","title":{"rendered":"Como &#039;pai&#039; do ChatGPT voltou ao comando da OpenAI dias ap\u00f3s ser demitido | Tecnologia | G1"},"content":{"rendered":"<br \/>\n<h1>Como &#039;pai&#039; do ChatGPT voltou ao comando da OpenAI dias ap\u00f3s ser demitido <\/h1>\n<h2> Considerado &#039;porta-voz da Intelig\u00eancia Artificial&#039;, Sam Altman havia sido demitido da empresa que cofundou por decis\u00e3o do conselho, que alegou ter perdido confian\u00e7a em sua lideran\u00e7a. <\/h2>\n<p>       <a href=\"http:\/\/www.bbc.com\/portuguese\" target=\"_blank\" rel=\"noopener noreferrer\">    <\/a>   <\/p>\n<p> Por Thomas Mackintosh, Chris Vallance <\/p>\n<p>  23\/11\/2023 04h01    Atualizado  23\/11\/2023    <\/p>\n<p>                      1 de 2&#013;Sam Altman havia sido demitido da OpenAI no dia 17 de novembro \u2014 Foto: Reuters via BBC    <\/p>\n<p> Sam Altman havia sido demitido da OpenAI no dia 17 de novembro \u2014 Foto: Reuters via BBC <\/p>\n<p> Sam Altman vai reassumir o cargo de CEO da OpenAI, dona do <a class href=\"https:\/\/g1.globo.com\/tudo-sobre\/chatgpt\/\">ChatGPT<\/a>, <a class href=\"https:\/\/g1.globo.com\/tecnologia\/noticia\/2023\/11\/17\/sam-altman-deixa-chefia-da-openai-criadora-do-chatgpt.ghtml\">apenas alguns dias ap\u00f3s ter sido demitido pelo conselho da empresa<\/a>. <\/p>\n<p> <a class href=\"https:\/\/g1.globo.com\/tecnologia\/noticia\/2023\/11\/22\/apos-acordo-sam-altman-voltara-a-ser-ceo-da-openai-criadora-do-chatgpt.ghtml\">O an\u00fancio foi feito pela OpenAI por meio de um comunicado<\/a>. <\/p>\n<p> O acordo &quot;em princ\u00edpio&quot; envolve a nomea\u00e7\u00e3o de novos membros para o conselho, acrescentou a companhia. <\/p>\n<p> A demiss\u00e3o de Altman \u2014 que cofundou a OpenAI e \u00e9 considerado por muitos como &quot;o porta-voz da Intelig\u00eancia Artificial&quot; \u2014 ocorreu repentinamente na \u00faltima sexta-feira (17\/11), provocando surpresa e caos. <\/p>\n<p> <a class href=\"https:\/\/g1.globo.com\/tecnologia\/noticia\/2023\/11\/20\/funcionarios-da-open-ai-ameacam-demissao-coletiva-se-conselho-nao-reverter-demissao-de-sam-altman.ghtml\">Funcion\u00e1rios da OpenAI chegaram a amea\u00e7ar fazer um pedido de demiss\u00e3o em massa<\/a> a menos que ele fosse reintegrado. <\/p>\n<p> &quot;Estou ansioso para voltar \u00e0 OpenAI&quot;, disse Altman em uma postagem no X (antigo Twitter). <\/p>\n<p>&quot;Eu amo a OpenAI, e tudo o que tenho feito nos \u00faltimos dias foi para manter esta equipe e sua miss\u00e3o unidas&quot;, acrescentou ele.<\/p>\n<ul>\n<li><a class href=\"https:\/\/g1.globo.com\/tecnologia\/noticia\/2023\/11\/21\/google-vai-excluir-contas-inativas-na-proxima-semana-veja-o-que-fazer-para-nao-perder-acesso.ghtml\">Google vai excluir contas inativas; veja como n\u00e3o perder acesso<\/a><\/li>\n<\/ul>\n<p> Na semana passada, o conselho da empresa decidiu remover Altman do cargo, o que levou \u00e0 ren\u00fancia do cofundador Greg Brockman. <\/p>\n<p> A decis\u00e3o foi tomada por tr\u00eas membros do conselho que n\u00e3o s\u00e3o funcion\u00e1rios \u2014 Adam D&#x27;Angelo, Tasha McCauley e Helen Toner \u2014 e por um terceiro cofundador, Ilya Sutskever, cientista-chefe da empresa. <\/p>\n<p> Mas, nesta segunda-feira (20\/11), <a class href=\"https:\/\/g1.globo.com\/tecnologia\/noticia\/2023\/11\/21\/treta-do-chatgpt-entenda-a-troca-relampago-que-sam-altman-fez-da-openai-pela-microsoft.ghtml\">Sutskever pediu desculpas no X e assinou a carta dos funcion\u00e1rios<\/a> pedindo ao conselho que revertesse a decis\u00e3o. <\/p>\n<p> A <a class href=\"https:\/\/g1.globo.com\/tudo-sobre\/microsoft\/\">Microsoft<\/a>, que utiliza a tecnologia da OpenAI em muitos de seus produtos \u2014 e \u00e9 a maior investidora da companhia \u2014 <a class href=\"https:\/\/g1.globo.com\/tecnologia\/noticia\/2023\/11\/20\/sam-altman-nao-retorna-ao-comando-da-openai-criadora-do-chatgpt-diz-jornal.ghtml\">ofereceu, ent\u00e3o, a Altman um cargo para liderar &quot;uma nova equipe de pesquisa avan\u00e7ada em IA&quot;<\/a>. <\/p>\n<p>Nesta quarta-feira (22\/11), a OpenAI disse que concordava, em princ\u00edpio, com o retorno de Altman e que iria parcialmente reconstituir o conselho de diretores que o havia demitido.<\/p>\n<p> O ex-CEO da Salesforce, Bret Taylor, e o ex-secret\u00e1rio do Tesouro dos EUA, Larry Summers, se juntar\u00e3o ao diretor atual, Adam D&#x27;Angelo, na OpenAI, informou a empresa. <\/p>\n<p> Em uma postagem no X, Brockman tamb\u00e9m disse que retornaria \u00e0 empresa. <\/p>\n<p> Emmett Shear, que havia sido nomeado como CEO interino da OpenAI, disse estar &quot;profundamente satisfeito&quot; com o retorno de Altman ap\u00f3s cerca de &quot;72 horas muito intensas de trabalho&quot;. <\/p>\n<p> O chefe da <a class href=\"https:\/\/g1.globo.com\/tudo-sobre\/microsoft\/\">Microsoft<\/a>, Satya Nadella, elogiou as mudan\u00e7as no conselho da OpenAI.  <\/p>\n<p>&quot;Acreditamos que este \u00e9 um primeiro passo essencial rumo a uma governan\u00e7a mais est\u00e1vel, bem informada e eficaz.&quot;<\/p>\n<p> Muitos funcion\u00e1rios, em post nas redes sociais, mostraram entusiasmo com a reviravolta: &quot;Estamos de volta \u2014 e seremos melhores do que nunca&quot;, escreveu o funcion\u00e1rio Cory Decareaux no LinkedIn. <\/p>\n<p> &quot;Estes foram os dias mais loucos \u2014 mais loucos do que eu poderia imaginar. Este \u00e9 um exemplo de como funciona uma cultura empresarial unida.&quot; <\/p>\n<p> Outros, no entanto, insinuam que o epis\u00f3dio foi prejudicial para a OpenAI, que \u2014 ao criar o chatbot <a class href=\"https:\/\/g1.globo.com\/tudo-sobre\/chatgpt\/\">ChatGPT<\/a> \u2014 se tornou, possivelmente, a empresa de IA mais importante do mundo. <\/p>\n<p> &quot;A OpenAI n\u00e3o pode ser a mesma empresa que era at\u00e9 sexta-feira \u00e0 noite. Isso tem implica\u00e7\u00f5es n\u00e3o apenas para potenciais investidores, mas tamb\u00e9m para recrutamento&quot;, disse Nick Patience, da S&amp;P Global Market Intelligence, \u00e0 BBC News. <\/p>\n<p> Muitos neg\u00f3cios e projetos agora dependem da tecnologia da OpenAI. <\/p>\n<p> Um deles, Be My Eyes (&quot;seja meus olhos&quot;, em tradu\u00e7\u00e3o livre), trabalha com a empresa para desenvolver um assistente alimentado por IA para pessoas cegas ou com vis\u00e3o parcial. <\/p>\n<p> Seu CEO, Michael Buckley, escreveu no LinkedIn que havia sido &quot;bombardeado por telefonemas de empresas rivais [de IA] em busca de oportunidades de neg\u00f3cios&quot;, mas disse que a parceria com a OpenAI seria mantida porque a companhia &quot;priorizara a acessibilidade&quot;, embora fosse &quot;quase sem sentido do ponto de vista das receitas.&quot; <\/p>\n<ul>\n<li><strong>REDES SOCIAIS:<\/strong> <a class href=\"https:\/\/g1.globo.com\/tecnologia\/noticia\/2023\/11\/22\/fui-a-policia-para-que-parem-de-usar-foto-da-minha-filha-como-meme.ghtml\">a m\u00e3e que denunciou o uso da foto de sua filha como meme<\/a><\/li>\n<\/ul>\n<p>                   <img loading=\"lazy\" decoding=\"async\" class=\"aligncenter size-full wp-image-55869\" src=\"https:\/\/blog.corretoraideal.com.br\/wp-content\/uploads\/2023\/12\/imagem30-12-2023-06-12-52.jpeg\" alt=\"imagem30-12-2023-06-12-52\" width=\"800\" height=\"400\" \/>       <\/p>\n<p> &#8216;Treta do ChatGPT&#8217;: entenda a troca rel\u00e2mpago que Sam Altman fez da OpenAI pela Microsoft <\/p>\n<p><h2>Entenda o caso<\/h2>\n<\/p>\n<p> A batalha na c\u00fapula da OpenAI come\u00e7ou quando o ent\u00e3o conselho da empresa anunciou que estava demitindo Altman, alegando ter &quot;perdido confian\u00e7a&quot; em sua lideran\u00e7a. <\/p>\n<p> O conselho o acusou de n\u00e3o ser &quot;consistentemente franco em suas comunica\u00e7\u00f5es&quot; \u2014 mas, mesmo ap\u00f3s as reviravoltas do caso desde sexta-feira, ainda n\u00e3o est\u00e1 claro no que exatamente ele n\u00e3o estava sendo franco. <\/p>\n<p> Qualquer que seja a explica\u00e7\u00e3o, ficou claro que os funcion\u00e1rios da OpenAI estavam profundamente insatisfeitos com a sa\u00edda de Altman \u2014 mais de 700 deles assinaram uma carta aberta amea\u00e7ando deixar tamb\u00e9m a empresa a menos que o conselho renunciasse. <\/p>\n<p> A carta afirmava que a <a class href=\"https:\/\/g1.globo.com\/tudo-sobre\/microsoft\/\">Microsoft<\/a> teria assegurado a esses funcion\u00e1rios que haveria vagas para todos eles caso quisessem se juntar \u00e0 gigante de tecnologia. <\/p>\n<p> Posteriormente, a <a class href=\"https:\/\/g1.globo.com\/tudo-sobre\/microsoft\/\">Microsoft<\/a> confirmou que equipararia o sal\u00e1rio de todos. <\/p>\n<p> Essa amea\u00e7a parece ter sido superada pelo retorno dram\u00e1tico de Altman. <\/p>\n<p> A turbul\u00eancia dos \u00faltimos dias, no entanto, levantou quest\u00f5es a respeito de como um grupo de apenas quatro pessoas poderia tomar decis\u00f5es que abalaram um neg\u00f3cio de tecnologia multibilion\u00e1rio. <\/p>\n<p> Em parte, isso se deve \u00e0 estrutura e ao prop\u00f3sito incomuns da OpenAI. <\/p>\n<p>A empresa come\u00e7ou em 2015 como uma organiza\u00e7\u00e3o sem fins lucrativos \u2014 muitas institui\u00e7\u00f5es de caridade t\u00eam esse status, por exemplo \u2014 com a miss\u00e3o de criar &quot;intelig\u00eancia artificial geral segura que beneficie toda a humanidade&quot;. <\/p>\n<p> Seus objetivos n\u00e3o inclu\u00edam cuidar dos interesses dos acionistas ou maximizar sua receita. <\/p>\n<p> Em 2019, ela criou uma subsidi\u00e1ria com fins lucrativos, mas seu prop\u00f3sito permaneceu inalterado, e o conselho da empresa continuou no comando. <\/p>\n<p> N\u00e3o est\u00e1 claro se as tens\u00f5es sobre a dire\u00e7\u00e3o futura da OpenAI contribu\u00edram para essa crise ou quais compromissos \u2014 se houve algum \u2014 assumidos por Altman para garantir seu retorno. <\/p>\n<p> Mas muitos nomes da ind\u00fastria, entre os quais o CEO da Tesla, Elon Musk, instaram os membros do conselho a &quot;dizer algo&quot;. <\/p>\n<p> Isso, por\u00e9m, ainda n\u00e3o aconteceu. <\/p>\n<p> Em rea\u00e7\u00e3o no X \u00e0 not\u00edcia da reintegra\u00e7\u00e3o e do novo conselho, Toner, uma das que tomou a decis\u00e3o de demitir Altman, disse apenas &quot;e, agora, todos vamos dormir&quot;. <\/p>\n<p> Reportagem adicional de Liv McMahon. <\/p>\n<p> <strong>LEIA TAMB\u00c9M:<\/strong> <\/p>\n<ul>\n<li><strong>V\u00cdDEO: <\/strong><a class href=\"https:\/\/g1.globo.com\/inovacao\/noticia\/2023\/11\/18\/spacex-lanca-pela-segunda-vez-a-starship-nave-mais-poderosa-do-mundo.ghtml\">Como foi o segundo lan\u00e7amento da Starship, nave mais poderosa do mundo<\/a><\/li>\n<li><a class href=\"https:\/\/g1.globo.com\/tecnologia\/noticia\/2023\/11\/21\/treta-do-chatgpt-entenda-a-troca-relampago-que-sam-altman-fez-da-openai-pela-microsoft.ghtml\">&#x27;Perdi R$ 1.728 com golpe da renda extra&#x27;: entenda o risco das pequenas tarefas pelo celular<\/a><\/li>\n<\/ul>\n<p>         2 de 2&#013;&#039;Treta do ChatGPT&#039;: entenda a troca rel\u00e2mpago que Sam Altman fez da OpenAI pela Microsoft \u2014 Foto: Arte\/g1    <\/p>\n<p> &#039;Treta do ChatGPT&#039;: entenda a troca rel\u00e2mpago que Sam Altman fez da OpenAI pela Microsoft \u2014 Foto: Arte\/g1 <\/p>\n<p>                   <img loading=\"lazy\" decoding=\"async\" class=\"aligncenter size-full wp-image-55870\" src=\"https:\/\/blog.corretoraideal.com.br\/wp-content\/uploads\/2023\/12\/conheca-o-chatgpt-a-tecnologia-que-viralizou-por-ter-resposta-para-quase-tudo-1.jpeg\" alt=\"Conhe\u00e7a o ChatGPT, a tecnologia que viralizou por ter resposta para (quase) tudo\" width=\"800\" height=\"400\" \/>       <\/p>\n<p> Conhe\u00e7a o ChatGPT, a tecnologia que viralizou por ter resposta para (quase) tudo <\/p>\n<p>                    <img loading=\"lazy\" decoding=\"async\" class=\"aligncenter size-full wp-image-55871\" src=\"https:\/\/blog.corretoraideal.com.br\/wp-content\/uploads\/2023\/12\/chatgpt-como-usar-o-robo-no-dia-a-dia.jpeg\" alt=\"ChatGPT: como usar o rob\u00f4 no dia a dia\" width=\"800\" height=\"400\" \/>       <\/p>\n<p> ChatGPT: como usar o rob\u00f4 no dia a dia <\/p>\n<ul>\n<li> <a href=\"https:\/\/g1.globo.com\/tudo-sobre\/chatgpt\/\" class=\"entities__list-itemLink\" data-track-click=\"Chatgpt\"> Chatgpt <\/a> <\/li>\n<li> <a href=\"https:\/\/g1.globo.com\/tudo-sobre\/microsoft\/\" class=\"entities__list-itemLink\" data-track-click=\"Microsoft\"> Microsoft <\/a> <\/li>\n<\/ul>\n<h3> <a id=\"js-next-article-desktop-link\" class=\"next-article-desktop-link\"><\/a> <\/h3>\n<h3> <a id=\"js-next-article-smart-link\" class=\"next-article-smart-link\"><\/a> <\/h3>\n<p>Veja tamb\u00e9m<\/p>\n<\/p>\n<\/p>\n<p>       Anterior   Pr\u00f3ximo     <\/p>\n","protected":false},"excerpt":{"rendered":"<p>Como &#039;pai&#039; do ChatGPT voltou ao comando da OpenAI dias ap\u00f3s ser demitido Considerado &#039;porta-voz da Intelig\u00eancia Artificial&#039;, Sam Altman havia sido demitido da empresa que cofundou por decis\u00e3o do conselho, que alegou ter perdido confian\u00e7a em sua lideran\u00e7a. Por Thomas Mackintosh, Chris Vallance 23\/11\/2023 04h01 Atualizado 23\/11\/2023 1 de 2&#013;Sam Altman havia sido demitido [&hellip;]<\/p>\n","protected":false},"author":1,"featured_media":0,"comment_status":"closed","ping_status":"closed","sticky":false,"template":"","format":"standard","meta":{"footnotes":""},"categories":[],"tags":[],"class_list":["post-55867","post","type-post","status-publish","format-standard","hentry"],"_links":{"self":[{"href":"https:\/\/blog.corretoraideal.com.br\/index.php\/wp-json\/wp\/v2\/posts\/55867","targetHints":{"allow":["GET"]}}],"collection":[{"href":"https:\/\/blog.corretoraideal.com.br\/index.php\/wp-json\/wp\/v2\/posts"}],"about":[{"href":"https:\/\/blog.corretoraideal.com.br\/index.php\/wp-json\/wp\/v2\/types\/post"}],"author":[{"embeddable":true,"href":"https:\/\/blog.corretoraideal.com.br\/index.php\/wp-json\/wp\/v2\/users\/1"}],"replies":[{"embeddable":true,"href":"https:\/\/blog.corretoraideal.com.br\/index.php\/wp-json\/wp\/v2\/comments?post=55867"}],"version-history":[{"count":1,"href":"https:\/\/blog.corretoraideal.com.br\/index.php\/wp-json\/wp\/v2\/posts\/55867\/revisions"}],"predecessor-version":[{"id":55872,"href":"https:\/\/blog.corretoraideal.com.br\/index.php\/wp-json\/wp\/v2\/posts\/55867\/revisions\/55872"}],"wp:attachment":[{"href":"https:\/\/blog.corretoraideal.com.br\/index.php\/wp-json\/wp\/v2\/media?parent=55867"}],"wp:term":[{"taxonomy":"category","embeddable":true,"href":"https:\/\/blog.corretoraideal.com.br\/index.php\/wp-json\/wp\/v2\/categories?post=55867"},{"taxonomy":"post_tag","embeddable":true,"href":"https:\/\/blog.corretoraideal.com.br\/index.php\/wp-json\/wp\/v2\/tags?post=55867"}],"curies":[{"name":"wp","href":"https:\/\/api.w.org\/{rel}","templated":true}]}}