{"id":55882,"date":"2023-12-30T15:29:46","date_gmt":"2023-12-30T15:29:46","guid":{"rendered":"https:\/\/blog.corretoraideal.com.br\/?p=55882"},"modified":"2023-12-30T15:29:46","modified_gmt":"2023-12-30T15:29:46","slug":"governo-assina-acordo-para-reajustar-salarios-da-pf-e-prf-economia-g1","status":"publish","type":"post","link":"https:\/\/blog.corretoraideal.com.br\/index.php\/2023\/12\/30\/governo-assina-acordo-para-reajustar-salarios-da-pf-e-prf-economia-g1\/","title":{"rendered":"Governo assina acordo para reajustar sal\u00e1rios da PF e PRF | Economia | G1"},"content":{"rendered":"<br \/>\n<h1>Governo assina acordo para reajustar sal\u00e1rios da PF e PRF<\/h1>\n<h2>Aumentos ser\u00e3o concedidos em tr\u00eas parcelas entre 2024 e 2026, e os valores v\u00e3o variar entre as carreiras. Entidades que representam agentes das corpora\u00e7\u00f5es cobram &#039;reestrutura\u00e7\u00e3o&#039; de cargos e sal\u00e1rios.<\/h2>\n<p> Por <a class=\"multi_signatures\" href=\"https:\/\/g1.globo.com\/autores\/ana-paula-castro\/\">Ana Paula Castro<\/a>, <a class=\"multi_signatures\" href=\"https:\/\/g1.globo.com\/autores\/kevin-lima\/\">Kevin Lima<\/a>, TV Globo e g1 &mdash; Bras\u00edlia <\/p>\n<p>  30\/12\/2023 11h56    Atualizado  30\/12\/2023    <\/p>\n<ul>\n<li>\n<p> O Minist\u00e9rio da Gest\u00e3o e Inova\u00e7\u00e3o chegou a um acordo na \u00faltima quinta (28) para o reajuste salarial de seis carreiras da PF e da PRF <\/p>\n<\/li>\n<li>\n<p> O aumento ser\u00e1 pago em tr\u00eas parcelas: agosto de 2024, maio de 2025 e maio de 2026 <\/p>\n<\/li>\n<li>\n<p> No total, os valores reajustados podem chegar a quase 20% <\/p>\n<\/li>\n<li>\n<p> Entidades que representam a PF e a PRF avaliam que reajuste vai aprofundar um &#x27;abismo&#x27; salarial nas corpora\u00e7\u00f5es e cobram por uma reestrutura\u00e7\u00e3o de carreiras <\/p>\n<\/li>\n<\/ul>\n<p> O Minist\u00e9rio da Gest\u00e3o e Inova\u00e7\u00e3o chegou a um acordo na \u00faltima quinta (28) para o reajuste salarial de seis carreiras da PF e da PRF <\/p>\n<p> O aumento ser\u00e1 pago em tr\u00eas parcelas: agosto de 2024, maio de 2025 e maio de 2026 <\/p>\n<p> No total, os valores reajustados podem chegar a quase 20% <\/p>\n<p> Entidades que representam a PF e a PRF avaliam que reajuste vai aprofundar um &#x27;abismo&#x27; salarial nas corpora\u00e7\u00f5es e cobram por uma reestrutura\u00e7\u00e3o de carreiras <\/p>\n<p>         1 de 1&#013;Opera\u00e7\u00e3o Ricochete da Pol\u00edcia Federal realizada em Macap\u00e1 e Ferreira Gomes \u2014 Foto: Pol\u00edcia Federal\/divulga\u00e7\u00e3o    <\/p>\n<p> Opera\u00e7\u00e3o Ricochete da Pol\u00edcia Federal realizada em Macap\u00e1 e Ferreira Gomes \u2014 Foto: Pol\u00edcia Federal\/divulga\u00e7\u00e3o <\/p>\n<p> O Minist\u00e9rio da Gest\u00e3o e da Inova\u00e7\u00e3o firmou na \u00faltima quinta-feira (28) acordos para a concess\u00e3o de reajustes nos sal\u00e1rios de carreiras da <a class href=\"https:\/\/g1.globo.com\/tudo-sobre\/policia-federal\/\">Pol\u00edcia Federal<\/a> (PF) e da <a class href=\"https:\/\/g1.globo.com\/tudo-sobre\/policia-rodoviaria-federal\/\">Pol\u00edcia Rodovi\u00e1ria Federal<\/a> (PRF). <\/p>\n<p> O aumento, que <strong>poder\u00e1 superar 20%<\/strong>, foi acordado entre representantes sindicais das corpora\u00e7\u00f5es e do governo federal. A negocia\u00e7\u00e3o contou, segundo a pasta, com o empenho do ministro da Justi\u00e7a, Fl\u00e1vio Dino. <\/p>\n<p> O minist\u00e9rio afirma que os reajustes ser\u00e3o concedidos de forma gradual, em tr\u00eas parcelas. A primeira dever\u00e1 ser paga em agosto de 2024. As seguintes, nos meses de maio de 2025 e 2026. <\/p>\n<p> Ao todo, seis carreiras ser\u00e3o contempladas nas duas corpora\u00e7\u00f5es: <\/p>\n<li>delegados da PF<\/li>\n<li>peritos da PF<\/li>\n<li>agentes da PF<\/li>\n<li>escriv\u00e3es da PF<\/li>\n<li>papiloscopistas da PF<\/li>\n<li>e policiais rodovi\u00e1rios federais<\/li>\n<p> Os \u00edndices totais de reajuste at\u00e9 2026 ser\u00e3o diferentes para profissionais da base e do topo dessas carreiras. <\/p>\n<p> Segundo as associa\u00e7\u00f5es que representam servidores da PF, delegados e peritos de terceira classe da PF, por exemplo, receber\u00e3o um aumento de quase 8%. <\/p>\n<p> No mesmo per\u00edodo, delegados e peritos de classe especial ter\u00e3o um reajuste melhor: quase 23%, totalizando um sal\u00e1rio de <strong>R$ 41.350<\/strong> \u2014 pouco abaixo do teto do funcionalismo p\u00fablico. <\/p>\n<p> O reajuste firmado com as corpora\u00e7\u00f5es \u00e9 maior do que o oferecido pelo Minist\u00e9rio da Gest\u00e3o aos servidores p\u00fablicos. Pela proposta, o funcionalismo receber\u00e1 9% de aumento, em duas parcelas entre 2025 e 2026. Em 2024, por\u00e9m, os funcion\u00e1rios p\u00fablicos somente receber\u00e3o aumento em benef\u00edcios, como o aux\u00edlio-alimenta\u00e7\u00e3o. <\/p>\n<p> O <strong>g1 <\/strong>procurou o Minist\u00e9rio da Gest\u00e3o e Inova\u00e7\u00e3o para confirmar os \u00edndices de corre\u00e7\u00e3o acordados e aguarda retorno. <\/p>\n<p><h2>Cobran\u00e7a por reestrutura\u00e7\u00e3o<\/h2>\n<\/p>\n<p> Entidades que representaram as carreiras da PF e da PRF na negocia\u00e7\u00e3o com o governo federal criticaram o acordo. Em posicionamentos divulgados na \u00faltima quinta, associa\u00e7\u00f5es cobraram uma reestrutura\u00e7\u00e3o dos cargos. <\/p>\n<p> Segundo as associa\u00e7\u00f5es, os reajustes acordados com o governo dever\u00e3o aprofundar um \u201cabismo\u201d salarial entre os servidores. <\/p>\n<p> A Federa\u00e7\u00e3o Nacional dos Policiais Federais (FENAPEF), por exemplo, afirmou que o governo \u201cignorou a proposta feita por todas as entidades dos servidores da Pol\u00edcia Federal, chancelada pelo diretor-geral da PF e pelo ministro da Justi\u00e7a, na qual constava uma diminui\u00e7\u00e3o do fosso salarial ent\u00e3o existente entre os cargos, sem esquecer da justa e necess\u00e1ria reestrutura\u00e7\u00e3o dos servidores administrativos\u201d. <\/p>\n<p>\u201cRepetindo erros do passado, o governo, representado na ocasi\u00e3o pelo MGI, desconsiderou a proposta das entidades chancelada pelo DG e pelo MJ e aplicou um \u00edndice linear de reajuste, transformando o que era um fosso salarial num verdadeiro abismo, contrariando seu pr\u00f3prio discurso, que se mostra vazio e com promessas n\u00e3o cumpridas\u201d, diz a nota.<\/p>\n<p> A Associa\u00e7\u00e3o Nacional dos Escriv\u00e3es de Pol\u00edcia Federal (ANEPF) classificou a decis\u00e3o do governo como uma \u201ctrai\u00e7\u00e3o\u201d. <\/p>\n<p>\u201cA carreira policial federal, at\u00e9 hoje, \u00e9 dividida em castas, retrato de uma estrutura desigual, disfuncional e inefetiva que fingem n\u00e3o existir\u201d, afirma.<\/p>\n<p> \u201cAs injusti\u00e7as n\u00e3o est\u00e3o sendo combatidas. Foram ampliadas. O termo de rendi\u00e7\u00e3o est\u00e1 assinado. Os problemas perduram. A hist\u00f3ria ensina. N\u00e3o pode ser esquecida. Os erros do Minist\u00e9rio da Justi\u00e7a e Pol\u00edcia Federal est\u00e3o sendo novamente repetidos\u201d, continua a ANEPF. <\/p>\n<p> A Federa\u00e7\u00e3o Nacional dos Policiais Rodovi\u00e1rios Federais (FenaPRF) avaliou que o acordo n\u00e3o &quot;atendeu todos os pedidos da categoria&quot;. <\/p>\n<p> &quot;A FenaPRF e os sindicatos estaduais reafirmam o compromisso em continuar lutando em busca da plena valoriza\u00e7\u00e3o da carreira PRF, buscando, a cada dia, a preserva\u00e7\u00e3o e conquista de direitos que reflitam em uma carreira s\u00f3lida, forte e estruturada, \u00e0 medida que um pa\u00eds da magnitude do Brasil merece e necessita&quot;, diz a entidade em nota. <\/p>\n<ul>\n<li> <a href=\"https:\/\/g1.globo.com\/tudo-sobre\/policia-federal\/\" class=\"entities__list-itemLink\" data-track-click=\"Pol\u00edcia Federal\"> Pol\u00edcia Federal <\/a> <\/li>\n<li> <a href=\"https:\/\/g1.globo.com\/tudo-sobre\/policia-rodoviaria-federal\/\" class=\"entities__list-itemLink\" data-track-click=\"Pol\u00edcia Rodovi\u00e1ria Federal\"> Pol\u00edcia Rodovi\u00e1ria Federal <\/a> <\/li>\n<\/ul>\n<h3> <a id=\"js-next-article-desktop-link\" class=\"next-article-desktop-link\"><\/a> <\/h3>\n<h3> <a id=\"js-next-article-smart-link\" class=\"next-article-smart-link\"><\/a> <\/h3>\n<p>Veja tamb\u00e9m<\/p>\n<\/p>\n<\/p>\n<p>       Anterior   Pr\u00f3ximo     <\/p>\n","protected":false},"excerpt":{"rendered":"<p>Governo assina acordo para reajustar sal\u00e1rios da PF e PRF Aumentos ser\u00e3o concedidos em tr\u00eas parcelas entre 2024 e 2026, e os valores v\u00e3o variar entre as carreiras. Entidades que representam agentes das corpora\u00e7\u00f5es cobram &#039;reestrutura\u00e7\u00e3o&#039; de cargos e sal\u00e1rios. Por Ana Paula Castro, Kevin Lima, TV Globo e g1 &mdash; Bras\u00edlia 30\/12\/2023 11h56 Atualizado [&hellip;]<\/p>\n","protected":false},"author":1,"featured_media":0,"comment_status":"closed","ping_status":"closed","sticky":false,"template":"","format":"standard","meta":{"footnotes":""},"categories":[],"tags":[],"class_list":["post-55882","post","type-post","status-publish","format-standard","hentry"],"_links":{"self":[{"href":"https:\/\/blog.corretoraideal.com.br\/index.php\/wp-json\/wp\/v2\/posts\/55882","targetHints":{"allow":["GET"]}}],"collection":[{"href":"https:\/\/blog.corretoraideal.com.br\/index.php\/wp-json\/wp\/v2\/posts"}],"about":[{"href":"https:\/\/blog.corretoraideal.com.br\/index.php\/wp-json\/wp\/v2\/types\/post"}],"author":[{"embeddable":true,"href":"https:\/\/blog.corretoraideal.com.br\/index.php\/wp-json\/wp\/v2\/users\/1"}],"replies":[{"embeddable":true,"href":"https:\/\/blog.corretoraideal.com.br\/index.php\/wp-json\/wp\/v2\/comments?post=55882"}],"version-history":[{"count":1,"href":"https:\/\/blog.corretoraideal.com.br\/index.php\/wp-json\/wp\/v2\/posts\/55882\/revisions"}],"predecessor-version":[{"id":55884,"href":"https:\/\/blog.corretoraideal.com.br\/index.php\/wp-json\/wp\/v2\/posts\/55882\/revisions\/55884"}],"wp:attachment":[{"href":"https:\/\/blog.corretoraideal.com.br\/index.php\/wp-json\/wp\/v2\/media?parent=55882"}],"wp:term":[{"taxonomy":"category","embeddable":true,"href":"https:\/\/blog.corretoraideal.com.br\/index.php\/wp-json\/wp\/v2\/categories?post=55882"},{"taxonomy":"post_tag","embeddable":true,"href":"https:\/\/blog.corretoraideal.com.br\/index.php\/wp-json\/wp\/v2\/tags?post=55882"}],"curies":[{"name":"wp","href":"https:\/\/api.w.org\/{rel}","templated":true}]}}