{"id":55888,"date":"2023-12-31T01:29:37","date_gmt":"2023-12-31T01:29:37","guid":{"rendered":"https:\/\/blog.corretoraideal.com.br\/?p=55888"},"modified":"2023-12-31T01:29:37","modified_gmt":"2023-12-31T01:29:37","slug":"sorte-em-dobro-cacho-de-uva-de-duas-cores-e-encontrado-em-producao-no-es-norte-e-noroeste-es-g1","status":"publish","type":"post","link":"https:\/\/blog.corretoraideal.com.br\/index.php\/2023\/12\/31\/sorte-em-dobro-cacho-de-uva-de-duas-cores-e-encontrado-em-producao-no-es-norte-e-noroeste-es-g1\/","title":{"rendered":"Sorte em dobro? Cacho de uva de duas cores \u00e9 encontrado em produ\u00e7\u00e3o no ES | Norte e Noroeste &#8211; ES | G1"},"content":{"rendered":"<br \/>\n<h1>Sorte em dobro? Cacho de uva de duas cores \u00e9 encontrado em produ\u00e7\u00e3o no ES<\/h1>\n<h2>Uva metade roxa e metade verde foi encontrada em propriedade de Alto Rio Novo, no Noroeste do Esp\u00edrito Santo. Engenheiro agr\u00f4nomo explica que muta\u00e7\u00e3o \u00e9 comum e que n\u00e3o altera sabor da fruta. <\/h2>\n<p> Por <a class=\"multi_signatures\" href=\"https:\/\/g1.globo.com\/autores\/viviane-lopes\/\">Viviane Lopes<\/a>, g1 ES e TV Gazeta <\/p>\n<p>  30\/12\/2023 13h05    Atualizado  30\/12\/2023    <\/p>\n<p>                             <img loading=\"lazy\" decoding=\"async\" class=\"aligncenter size-full wp-image-55890\" src=\"https:\/\/blog.corretoraideal.com.br\/wp-content\/uploads\/2023\/12\/produtor-encontra-cacho-de-uva-de-duas-cores.jpeg\" alt=\"Produtor encontra cacho de uva de duas cores\" width=\"800\" height=\"400\" \/>       <\/p>\n<p> Produtor encontra cacho de uva de duas cores <\/p>\n<p> As uvas s\u00e3o conhecidas por serem uma fruta da sorte, e no final do ano v\u00e1rias simpatias s\u00e3o feitas com elas. Reza a lenda de que comer uvas na virada traz boa sorte e prosperidade. Mas e se a uva que voc\u00ea estiver comendo tiver duas cores, sorte em dobro? Foi exatamente uma uva bicolor que um produtor de <a class href=\"https:\/\/g1.globo.com\/es\/espirito-santo\/cidade\/alto-rio-novo\/\">Alto Rio Novo<\/a>, no Noroeste do Esp\u00edrito Santo, encontrou na propriedade. <\/p>\n<ul>\n<li><a class href=\"https:\/\/api.whatsapp.com\/send?text=https:\/\/g1.globo.com\/es\/espirito-santo\/norte-noroeste-es\/noticia\/2023\/12\/23\/sorte-em-dobro-cacho-de-uva-de-duas-cores-e-encontrado-em-producao-no-es.ghtml?utm_source%3Dwhatsapp%26utm_medium%3Dshare-engagement%26utm_campaign%3Dte-materias\" target=\"_blank\" rel=\"noopener noreferrer\"><strong>Compartilhe no WhatsApp<\/strong><\/a><\/li>\n<li><a class href=\"https:\/\/telegram.me\/share\/url?url=https:\/\/g1.globo.com\/es\/espirito-santo\/norte-noroeste-es\/noticia\/2023\/12\/23\/sorte-em-dobro-cacho-de-uva-de-duas-cores-e-encontrado-em-producao-no-es.ghtml?utm_source%3Dtelegram%26utm_medium%3Dshare-engagement%26utm_campaign%3Dte-materias\" target=\"_blank\" rel=\"noopener noreferrer\"><strong>Compartilhe no Telegram<\/strong><\/a><\/li>\n<\/ul>\n<p> Al\u00e9m de um mesmo cacho ter uvas roxas e uvas verdes, uma \u00fanica uva ficou dividida meio a meio com as duas cores. <\/p>\n<p> Jos\u00e9 Ant\u00f4nio Rosa Alves \u00e9 filho do produtor e auxilia o pai na venda das uvas. Ele disse que foi a primeira vez desde o in\u00edcio da produ\u00e7\u00e3o em 2015 que um cacho apareceu assim. <\/p>\n<p>&quot;No in\u00edcio do m\u00eas os frutos come\u00e7aram a madurar e com o tempo identificamos que um cacho ficou com cores diferentes. Todos os cachos estavam de uma cor s\u00f3, apenas esse nasceu &#x27;diferent\u00e3o&#x27;. Virou xod\u00f3 do parreiral.&quot;, contou Jos\u00e9. <\/p>\n<p>         1 de 3&#013;Foi a primeira vez que os produtores encontraram um cacho bicolor na propriedade \u2014 Foto: Jos\u00e9 Ant\u00f4nio Rosa Alves    <\/p>\n<p> Foi a primeira vez que os produtores encontraram um cacho bicolor na propriedade \u2014 Foto: Jos\u00e9 Ant\u00f4nio Rosa Alves <\/p>\n<p> Na produ\u00e7\u00e3o da fam\u00edlia s\u00e3o duas esp\u00e9cies do fruto: Ni\u00e1gara Branca e Rosada. O produtor contou que muita gente j\u00e1 come\u00e7ou a ir at\u00e9 a propriedade da fam\u00edlia ca\u00e7ando o cacho de uva. Mas, mesmo famosa, o destino da uva bicolor ainda \u00e9 incerto. <\/p>\n<p>&quot;T\u00e1 fazendo o maior sucesso aqui na regi\u00e3o. Mas seu futuro ainda \u00e9 incerto. Talvez s\u00f3 no finalzinho da produ\u00e7\u00e3o, em meados de janeiro, a gente coma. Assim que vi j\u00e1 experimentei uma do lado verde pra ver se j\u00e1 estava madura, depois deixei l\u00e1, j\u00e1 veio v\u00e1rios clientes querendo levar ela&quot;, comentou Jos\u00e9. <\/p>\n<p>         2 de 3&#013;Cacho de uva bicolor \u00e9 encontrado em produ\u00e7\u00e3o de Alto Rio Novo, Noroeste do Esp\u00edrito Santo \u2014 Foto: Reprodu\u00e7\u00e3o\/TV Gazeta    <\/p>\n<p> Cacho de uva bicolor \u00e9 encontrado em produ\u00e7\u00e3o de Alto Rio Novo, Noroeste do Esp\u00edrito Santo \u2014 Foto: Reprodu\u00e7\u00e3o\/TV Gazeta <\/p>\n<p> <a class href=\"https:\/\/www.whatsapp.com\/channel\/0029Va5mp2qAO7RD4Mec1M0Z\" target=\"_blank\" rel=\"noopener noreferrer\"><strong>? Clique aqui para seguir o canal do g1 ES no WhatsApp<\/strong><\/a> <\/p>\n<p> Mesmo com a procura alta, Jos\u00e9 j\u00e1 afirmou que esse cacho especial n\u00e3o vai ser vendido. <\/p>\n<p><h2>O que explica?<\/h2>\n<\/p>\n<p> De acordo com o engenheiro agr\u00f4nomo Anderson Rosa Marim, o caso \u00e9 comum de ser registrado na esp\u00e9cie de uva Ni\u00e1gara. Segundo ele, esse tipo de muta\u00e7\u00e3o \u00e9 bem caracter\u00edstica da variedade e pode acontecer em cachos e bagas. <\/p>\n<p>&quot;A Ni\u00e1gara rosada surgiu de uma muta\u00e7\u00e3o da Ni\u00e1gara branca. Esse tipo de muta\u00e7\u00e3o, n\u00f3s chamamos de &#x27;muta\u00e7\u00e3o som\u00e1tica&#x27;, algo caracter\u00edstico dessa variedade de uva. Muta\u00e7\u00e3o \u00e9 um fen\u00f4meno gen\u00e9tico, que \u00e9 espont\u00e2neo. A Ni\u00e1gara rosada, por exemplo, n\u00e3o existia. Ela surgiu espontaneamente de uma muta\u00e7\u00e3o da Ni\u00e1gara branca e assim sucessivamente&quot;, explicou o engenheiro. <\/p>\n<p>         3 de 3&#013;Engenheiro agr\u00f4nomo explica que muta\u00e7\u00e3o gen\u00e9tica \u00e9 comum e n\u00e3o altera o sabor da fruta \u2014 Foto: Jos\u00e9 Ant\u00f4nio Rosa Alves    <\/p>\n<p> Engenheiro agr\u00f4nomo explica que muta\u00e7\u00e3o gen\u00e9tica \u00e9 comum e n\u00e3o altera o sabor da fruta \u2014 Foto: Jos\u00e9 Ant\u00f4nio Rosa Alves <\/p>\n<p> Mesmo com as duas cores, o engenheiro agr\u00f4nomo disse que isso n\u00e3o muda o sabor do fruto. <\/p>\n<p>&quot;Voc\u00ea pode plantar uma muda de Ni\u00e1gara branca e surgir alguns cachos de Ni\u00e1gara rosa, e vice-versa. As duas frutas v\u00e3o ter o mesmo sabor, o que muda \u00e9 apenas a colora\u00e7\u00e3o. Esse caso registrado n\u00e3o \u00e9 doen\u00e7a, pelo contr\u00e1rio, \u00e9 melhoramento gen\u00e9tico, resultado de um cruzamento entre plantas de fen\u00f3tipos diferentes&quot;, disse o engenheiro. <\/p>\n<p><h2>V\u00cdDEOS: tudo sobre o Esp\u00edrito Santo<\/h2>\n<\/p>\n<p>   <a href=\"https:\/\/g1.globo.com\/es\/espirito-santo\/edicao\/2021\/01\/29\/videos-tudo-sobre-o-es.ghtml\">    50 v\u00eddeos      <\/a>       <\/p>\n<ul>\n<li><a class href=\"http:\/\/g1.globo.com\/es\/espirito-santo\/ultimas-noticias\/\"><strong>Veja o plant\u00e3o de \u00faltimas not\u00edcias do g1 Esp\u00edrito Santo<\/strong><\/a><\/li>\n<\/ul>\n<ul>\n<li> <a href=\"https:\/\/g1.globo.com\/es\/espirito-santo\/cidade\/alto-rio-novo\/\" class=\"entities__list-itemLink\" data-track-click=\"Alto Rio Novo\"> Alto Rio Novo <\/a> <\/li>\n<\/ul>\n<h3> <a id=\"js-next-article-desktop-link\" class=\"next-article-desktop-link\"><\/a> <\/h3>\n<h3> <a id=\"js-next-article-smart-link\" class=\"next-article-smart-link\"><\/a> <\/h3>\n<p>Veja tamb\u00e9m<\/p>\n<\/p>\n<\/p>\n<p>       Anterior   Pr\u00f3ximo     <\/p>\n","protected":false},"excerpt":{"rendered":"<p>Sorte em dobro? Cacho de uva de duas cores \u00e9 encontrado em produ\u00e7\u00e3o no ES Uva metade roxa e metade verde foi encontrada em propriedade de Alto Rio Novo, no Noroeste do Esp\u00edrito Santo. Engenheiro agr\u00f4nomo explica que muta\u00e7\u00e3o \u00e9 comum e que n\u00e3o altera sabor da fruta. Por Viviane Lopes, g1 ES e TV [&hellip;]<\/p>\n","protected":false},"author":1,"featured_media":0,"comment_status":"closed","ping_status":"closed","sticky":false,"template":"","format":"standard","meta":{"footnotes":""},"categories":[],"tags":[],"class_list":["post-55888","post","type-post","status-publish","format-standard","hentry"],"_links":{"self":[{"href":"https:\/\/blog.corretoraideal.com.br\/index.php\/wp-json\/wp\/v2\/posts\/55888","targetHints":{"allow":["GET"]}}],"collection":[{"href":"https:\/\/blog.corretoraideal.com.br\/index.php\/wp-json\/wp\/v2\/posts"}],"about":[{"href":"https:\/\/blog.corretoraideal.com.br\/index.php\/wp-json\/wp\/v2\/types\/post"}],"author":[{"embeddable":true,"href":"https:\/\/blog.corretoraideal.com.br\/index.php\/wp-json\/wp\/v2\/users\/1"}],"replies":[{"embeddable":true,"href":"https:\/\/blog.corretoraideal.com.br\/index.php\/wp-json\/wp\/v2\/comments?post=55888"}],"version-history":[{"count":1,"href":"https:\/\/blog.corretoraideal.com.br\/index.php\/wp-json\/wp\/v2\/posts\/55888\/revisions"}],"predecessor-version":[{"id":55891,"href":"https:\/\/blog.corretoraideal.com.br\/index.php\/wp-json\/wp\/v2\/posts\/55888\/revisions\/55891"}],"wp:attachment":[{"href":"https:\/\/blog.corretoraideal.com.br\/index.php\/wp-json\/wp\/v2\/media?parent=55888"}],"wp:term":[{"taxonomy":"category","embeddable":true,"href":"https:\/\/blog.corretoraideal.com.br\/index.php\/wp-json\/wp\/v2\/categories?post=55888"},{"taxonomy":"post_tag","embeddable":true,"href":"https:\/\/blog.corretoraideal.com.br\/index.php\/wp-json\/wp\/v2\/tags?post=55888"}],"curies":[{"name":"wp","href":"https:\/\/api.w.org\/{rel}","templated":true}]}}