{"id":55892,"date":"2023-12-31T04:29:37","date_gmt":"2023-12-31T04:29:37","guid":{"rendered":"https:\/\/blog.corretoraideal.com.br\/?p=55892"},"modified":"2023-12-31T04:29:37","modified_gmt":"2023-12-31T04:29:37","slug":"tres-pessoas-morrem-apos-batida-que-deixou-um-dos-carros-irreconhecivel-norte-fluminense-g1","status":"publish","type":"post","link":"https:\/\/blog.corretoraideal.com.br\/index.php\/2023\/12\/31\/tres-pessoas-morrem-apos-batida-que-deixou-um-dos-carros-irreconhecivel-norte-fluminense-g1\/","title":{"rendered":"Tr\u00eas pessoas morrem ap\u00f3s batida que deixou um dos carros irreconhec\u00edvel | Norte Fluminense | G1"},"content":{"rendered":"<br \/>\n<h1>Tr\u00eas pessoas morrem ap\u00f3s batida que deixou um dos carros irreconhec\u00edvel<\/h1>\n<h2>Outras tr\u00eas pessoas ficaram feridas e, segundo os bombeiros, uma quarta v\u00edtima fugiu do local. <\/h2>\n<p> Por Ariane Marques, Rhyann Souza, g1 &mdash; Campos <\/p>\n<p>  30\/12\/2023 23h08    Atualizado  30\/12\/2023    <\/p>\n<p>                   1 de 2&#013;Carro ficou irreconhec\u00edvel ap\u00f3s batida contra outro ve\u00edculo na RJ-158, entre Campos e S\u00e3o Fid\u00e9lis \u2014 Foto: NF Not\u00edcias    <\/p>\n<p> Carro ficou irreconhec\u00edvel ap\u00f3s batida contra outro ve\u00edculo na RJ-158, entre Campos e S\u00e3o Fid\u00e9lis \u2014 Foto: NF Not\u00edcias <\/p>\n<p> Tr\u00eas pessoas morreram em uma batida entre dois carros de passeio na RJ-158, que liga <a class href=\"https:\/\/g1.globo.com\/rj\/norte-fluminense\/cidade\/campos-dos-goytacazes\/\">Campos dos Goytacazes<\/a> a S\u00e3o Fidelis, no Norte Fluminense, por volta das 15h deste s\u00e1bado (30). Um dos ve\u00edculos, que ficou completamente destru\u00eddo, ainda atingiu uma \u00e1rvore. <\/p>\n<p>         2 de 2&#013;Batida na RJ-158 envolveu dois carros de passeio \u2014 Foto: NF Not\u00edcias    <\/p>\n<p> Batida na RJ-158 envolveu dois carros de passeio \u2014 Foto: NF Not\u00edcias <\/p>\n<p> Os bombeiros foram acionados mas as v\u00edtimas j\u00e1 estavam mortas, s\u00e3o elas: duas mulheres, de 48 e 65 anos; e um homem, de 60 anos. Os nomes n\u00e3o foram informados. <\/p>\n<p> Outras quatro pessoas tamb\u00e9m se envolveram no acidente, mas apenas tr\u00eas foram levadas para o Hospital Ferreira Machado, em Campos, j\u00e1 que a outra, segundo os bombeiros, fugiu do local do acidente. <\/p>\n<p> O <strong>g1<\/strong> tenta informa\u00e7\u00f5es sobre o estado de sa\u00fade dos feridos e se as v\u00edtimas que morreram estavam no mesmo ve\u00edculo. <\/p>\n<ul>\n<li> <a href=\"https:\/\/g1.globo.com\/rj\/norte-fluminense\/cidade\/campos-dos-goytacazes\/\" class=\"entities__list-itemLink\" data-track-click=\"Campos dos Goytacazes\"> Campos dos Goytacazes <\/a> <\/li>\n<li> <a href=\"https:\/\/g1.globo.com\/rj\/norte-fluminense\/cidade\/sao-fidelis\/\" class=\"entities__list-itemLink\" data-track-click=\"S\u00e3o Fid\u00e9lis\"> S\u00e3o Fid\u00e9lis <\/a> <\/li>\n<\/ul>\n<h3> <a id=\"js-next-article-desktop-link\" class=\"next-article-desktop-link\"><\/a> <\/h3>\n<h3> <a id=\"js-next-article-smart-link\" class=\"next-article-smart-link\"><\/a> <\/h3>\n<p>Veja tamb\u00e9m<\/p>\n<\/p>\n<\/p>\n<p>       Anterior   Pr\u00f3ximo     <\/p>\n","protected":false},"excerpt":{"rendered":"<p>Tr\u00eas pessoas morrem ap\u00f3s batida que deixou um dos carros irreconhec\u00edvel Outras tr\u00eas pessoas ficaram feridas e, segundo os bombeiros, uma quarta v\u00edtima fugiu do local. Por Ariane Marques, Rhyann Souza, g1 &mdash; Campos 30\/12\/2023 23h08 Atualizado 30\/12\/2023 1 de 2&#013;Carro ficou irreconhec\u00edvel ap\u00f3s batida contra outro ve\u00edculo na RJ-158, entre Campos e S\u00e3o Fid\u00e9lis [&hellip;]<\/p>\n","protected":false},"author":1,"featured_media":0,"comment_status":"closed","ping_status":"closed","sticky":false,"template":"","format":"standard","meta":{"footnotes":""},"categories":[],"tags":[],"class_list":["post-55892","post","type-post","status-publish","format-standard","hentry"],"_links":{"self":[{"href":"https:\/\/blog.corretoraideal.com.br\/index.php\/wp-json\/wp\/v2\/posts\/55892","targetHints":{"allow":["GET"]}}],"collection":[{"href":"https:\/\/blog.corretoraideal.com.br\/index.php\/wp-json\/wp\/v2\/posts"}],"about":[{"href":"https:\/\/blog.corretoraideal.com.br\/index.php\/wp-json\/wp\/v2\/types\/post"}],"author":[{"embeddable":true,"href":"https:\/\/blog.corretoraideal.com.br\/index.php\/wp-json\/wp\/v2\/users\/1"}],"replies":[{"embeddable":true,"href":"https:\/\/blog.corretoraideal.com.br\/index.php\/wp-json\/wp\/v2\/comments?post=55892"}],"version-history":[{"count":1,"href":"https:\/\/blog.corretoraideal.com.br\/index.php\/wp-json\/wp\/v2\/posts\/55892\/revisions"}],"predecessor-version":[{"id":55894,"href":"https:\/\/blog.corretoraideal.com.br\/index.php\/wp-json\/wp\/v2\/posts\/55892\/revisions\/55894"}],"wp:attachment":[{"href":"https:\/\/blog.corretoraideal.com.br\/index.php\/wp-json\/wp\/v2\/media?parent=55892"}],"wp:term":[{"taxonomy":"category","embeddable":true,"href":"https:\/\/blog.corretoraideal.com.br\/index.php\/wp-json\/wp\/v2\/categories?post=55892"},{"taxonomy":"post_tag","embeddable":true,"href":"https:\/\/blog.corretoraideal.com.br\/index.php\/wp-json\/wp\/v2\/tags?post=55892"}],"curies":[{"name":"wp","href":"https:\/\/api.w.org\/{rel}","templated":true}]}}