{"id":55905,"date":"2023-12-31T15:29:44","date_gmt":"2023-12-31T15:29:44","guid":{"rendered":"https:\/\/blog.corretoraideal.com.br\/?p=55905"},"modified":"2023-12-31T15:29:44","modified_gmt":"2023-12-31T15:29:44","slug":"por-que-veneza-vai-proibir-grandes-grupos-de-turistas-e-caixas-de-som-turismo-e-viagem-g1","status":"publish","type":"post","link":"https:\/\/blog.corretoraideal.com.br\/index.php\/2023\/12\/31\/por-que-veneza-vai-proibir-grandes-grupos-de-turistas-e-caixas-de-som-turismo-e-viagem-g1\/","title":{"rendered":"Por que Veneza vai proibir grandes grupos de turistas e caixas de som | Turismo e Viagem | G1"},"content":{"rendered":"<br \/>\n<h1>Por que Veneza vai proibir grandes grupos de turistas e caixas de som<\/h1>\n<h2>O excesso de turistas \u00e9 amplamente reconhecido como uma quest\u00e3o urgente para a cidade famosa pelos canais, que segue como um dos locais mais visitados da Europa.<\/h2>\n<p>       <a href=\"http:\/\/www.bbc.com\/portuguese\" target=\"_blank\" rel=\"noopener noreferrer\">    <\/a>   <\/p>\n<p> Por BBC <\/p>\n<p>  31\/12\/2023 08h15    Atualizado  31\/12\/2023    <\/p>\n<p>                         1 de 2&#013;Por que Veneza vai proibir grandes grupos de turistas e caixas de som \u2014 Foto: Getty Images    <\/p>\n<p> Por que Veneza vai proibir grandes grupos de turistas e caixas de som \u2014 Foto: Getty Images <\/p>\n<p> Veneza vai proibir o uso de <a class href=\"https:\/\/www.bbc.com\/portuguese\/vert-cul-48290183?xtor=AL-73-%5Bpartner%5D-%5Bg1%5D-%5Blink%5D-%5Bbrazil%5D-%5Bbizdev%5D-%5Bisapi%5D\" target=\"_blank\" rel=\"noopener noreferrer\">caixas de som<\/a> e a entrada de grupos com mais de 25 pessoas, numa tentativa de aliviar o impacto do <a class href=\"https:\/\/www.bbc.com\/portuguese\/topics\/cdr56rd9kx9t?xtor=AL-73-%5Bpartner%5D-%5Bg1%5D-%5Blink%5D-%5Bbrazil%5D-%5Bbizdev%5D-%5Bisapi%5D\" target=\"_blank\" rel=\"noopener noreferrer\">turismo massivo<\/a> na cidade italiana. <\/p>\n<p> As novas regras entrar\u00e3o em vigor a partir de junho de 2024, de acordo com um comunicado divulgado pela administra\u00e7\u00e3o local. <\/p>\n<p> O uso de caixas de som e alto-falantes foi proibido porque pode &quot;gerar confus\u00e3o e dist\u00farbios&quot;, acrescenta o texto. <\/p>\n<p> O <a class href=\"https:\/\/www.bbc.com\/portuguese\/internacional-43792070?xtor=AL-73-%5Bpartner%5D-%5Bg1%5D-%5Blink%5D-%5Bbrazil%5D-%5Bbizdev%5D-%5Bisapi%5D\" target=\"_blank\" rel=\"noopener noreferrer\">excesso de turistas<\/a> \u00e9 amplamente reconhecido como uma quest\u00e3o urgente para a cidade famosa pelos canais, que segue como um dos locais mais visitados da <a class href=\"https:\/\/www.bbc.com\/portuguese\/topics\/cyx5kx7zkz7t?xtor=AL-73-%5Bpartner%5D-%5Bg1%5D-%5Blink%5D-%5Bbrazil%5D-%5Bbizdev%5D-%5Bisapi%5D\" target=\"_blank\" rel=\"noopener noreferrer\">Europa<\/a>. <\/p>\n<p> Em setembro, Veneza aprovou, ainda em fase de testes, uma taxa de 5 euros (R$ 26) por dia para quem for visitar a cidade. <\/p>\n<p> Elisabetta Pesce, respons\u00e1vel pela seguran\u00e7a de Veneza, disse que as \u00faltimas mudan\u00e7as visam &quot;melhorar a gest\u00e3o e a organiza\u00e7\u00e3o dos grupos no centro hist\u00f3rico&quot;. <\/p>\n<p> A cidade tem uma \u00e1rea de apenas 7,6 km\u00b2, mas recebeu quase 13 milh\u00f5es de turistas em 2019, de acordo com o instituto nacional de estat\u00edstica italiano. <\/p>\n<p> Espera-se que o n\u00famero de visitantes supere os n\u00edveis <a class href=\"https:\/\/www.bbc.com\/portuguese\/topics\/clmq8rgyyvjt?xtor=AL-73-%5Bpartner%5D-%5Bg1%5D-%5Blink%5D-%5Bbrazil%5D-%5Bbizdev%5D-%5Bisapi%5D\" target=\"_blank\" rel=\"noopener noreferrer\">pr\u00e9-pandemia<\/a> nos pr\u00f3ximos anos. <\/p>\n<p> Cada vez mais residentes de Veneza decidem deixar a cidade, temendo que os turistas possam sobrecarregar ainda mais o local. <\/p>\n<p> As associa\u00e7\u00f5es de cidad\u00e3os de Veneza lan\u00e7aram estudos em abril deste ano para monitorar quantas camas est\u00e3o dispon\u00edveis tanto para turistas como para residentes na cidade. <\/p>\n<p> De acordo com a atualiza\u00e7\u00e3o mais recente de um desses levantamentos, o n\u00famero de camas para turistas passou a casa de 50 mil \u2014 e supera o que est\u00e1 dispon\u00edvel para os moradores locais. <\/p>\n<p>         2 de 2&#013;Cada vez mais residentes de Veneza decidem deixar a cidade, temendo que os turistas possam sobrecarregar ainda mais o local. \u2014 Foto: Getty Images    <\/p>\n<p> Cada vez mais residentes de Veneza decidem deixar a cidade, temendo que os turistas possam sobrecarregar ainda mais o local. \u2014 Foto: Getty Images <\/p>\n<p> Em julho, especialistas da Organiza\u00e7\u00e3o das Na\u00e7\u00f5es Unidas para a Educa\u00e7\u00e3o, a Ci\u00eancia e a Cultura (Unesco) afirmaram que a cidade deveria ser adicionada a uma lista de patrim\u00f4nios mundiais que est\u00e3o em perigo, uma vez que o impacto das <a class href=\"https:\/\/www.bbc.com\/portuguese\/topics\/cdr56rdy40rt?xtor=AL-73-%5Bpartner%5D-%5Bg1%5D-%5Blink%5D-%5Bbrazil%5D-%5Bbizdev%5D-%5Bisapi%5D\" target=\"_blank\" rel=\"noopener noreferrer\">mudan\u00e7as clim\u00e1ticas<\/a> e do turismo em massa amea\u00e7am causar altera\u00e7\u00f5es irrevers\u00edveis na regi\u00e3o. <\/p>\n<p> Os especialistas da Unesco culparam as autoridades italianas pela &quot;falta de vis\u00e3o estrat\u00e9gica&quot; para resolver os problemas enfrentados por uma das cidades mais conhecidas da It\u00e1lia. <\/p>\n<p> A Unesco, por\u00e9m, n\u00e3o adicionou Veneza \u00e0 lista de patrim\u00f4nios amea\u00e7ados at\u00e9 o momento. <\/p>\n<p> Gennaro Sangiuliano, o ministro de Cultura da It\u00e1lia disse que a Unesco reconheceu as tentativas de resolver os problemas locais por meio de sistemas contra inunda\u00e7\u00f5es e a aprova\u00e7\u00e3o da taxa de entrada para os turistas. <\/p>\n<p> Em 2021, grandes cruzeiros foram proibidos de entrar no centro hist\u00f3rico de Veneza atrav\u00e9s do canal Giudecca, depois de um navio ter colidido no porto. <\/p>\n<p> Os cr\u00edticos tamb\u00e9m argumentaram que as embarca\u00e7\u00f5es produziam muita polui\u00e7\u00e3o e corro\u00edam as funda\u00e7\u00f5es da cidade, que sofre inunda\u00e7\u00f5es regulares. <\/p>\n<ul> <\/ul>\n<h3> <a id=\"js-next-article-desktop-link\" class=\"next-article-desktop-link\"><\/a> <\/h3>\n<h3> <a id=\"js-next-article-smart-link\" class=\"next-article-smart-link\"><\/a> <\/h3>\n<p>Veja tamb\u00e9m<\/p>\n<\/p>\n<\/p>\n<p>       Anterior   Pr\u00f3ximo     <\/p>\n","protected":false},"excerpt":{"rendered":"<p>Por que Veneza vai proibir grandes grupos de turistas e caixas de som O excesso de turistas \u00e9 amplamente reconhecido como uma quest\u00e3o urgente para a cidade famosa pelos canais, que segue como um dos locais mais visitados da Europa. Por BBC 31\/12\/2023 08h15 Atualizado 31\/12\/2023 1 de 2&#013;Por que Veneza vai proibir grandes grupos [&hellip;]<\/p>\n","protected":false},"author":1,"featured_media":0,"comment_status":"closed","ping_status":"closed","sticky":false,"template":"","format":"standard","meta":{"footnotes":""},"categories":[],"tags":[],"class_list":["post-55905","post","type-post","status-publish","format-standard","hentry"],"_links":{"self":[{"href":"https:\/\/blog.corretoraideal.com.br\/index.php\/wp-json\/wp\/v2\/posts\/55905","targetHints":{"allow":["GET"]}}],"collection":[{"href":"https:\/\/blog.corretoraideal.com.br\/index.php\/wp-json\/wp\/v2\/posts"}],"about":[{"href":"https:\/\/blog.corretoraideal.com.br\/index.php\/wp-json\/wp\/v2\/types\/post"}],"author":[{"embeddable":true,"href":"https:\/\/blog.corretoraideal.com.br\/index.php\/wp-json\/wp\/v2\/users\/1"}],"replies":[{"embeddable":true,"href":"https:\/\/blog.corretoraideal.com.br\/index.php\/wp-json\/wp\/v2\/comments?post=55905"}],"version-history":[{"count":1,"href":"https:\/\/blog.corretoraideal.com.br\/index.php\/wp-json\/wp\/v2\/posts\/55905\/revisions"}],"predecessor-version":[{"id":55907,"href":"https:\/\/blog.corretoraideal.com.br\/index.php\/wp-json\/wp\/v2\/posts\/55905\/revisions\/55907"}],"wp:attachment":[{"href":"https:\/\/blog.corretoraideal.com.br\/index.php\/wp-json\/wp\/v2\/media?parent=55905"}],"wp:term":[{"taxonomy":"category","embeddable":true,"href":"https:\/\/blog.corretoraideal.com.br\/index.php\/wp-json\/wp\/v2\/categories?post=55905"},{"taxonomy":"post_tag","embeddable":true,"href":"https:\/\/blog.corretoraideal.com.br\/index.php\/wp-json\/wp\/v2\/tags?post=55905"}],"curies":[{"name":"wp","href":"https:\/\/api.w.org\/{rel}","templated":true}]}}