{"id":55908,"date":"2023-12-31T16:29:45","date_gmt":"2023-12-31T16:29:45","guid":{"rendered":"https:\/\/blog.corretoraideal.com.br\/?p=55908"},"modified":"2023-12-31T16:29:45","modified_gmt":"2023-12-31T16:29:45","slug":"imposto-maior-para-importacao-de-carros-eletricos-entra-em-vigor-nesta-segunda-feira-economia-g1","status":"publish","type":"post","link":"https:\/\/blog.corretoraideal.com.br\/index.php\/2023\/12\/31\/imposto-maior-para-importacao-de-carros-eletricos-entra-em-vigor-nesta-segunda-feira-economia-g1\/","title":{"rendered":"Imposto maior para importa\u00e7\u00e3o de carros el\u00e9tricos entra em vigor nesta segunda-feira | Economia | G1"},"content":{"rendered":"<br \/>\n<h1>Imposto maior para importa\u00e7\u00e3o de carros el\u00e9tricos entra em vigor nesta segunda-feira<\/h1>\n<h2>Tributa\u00e7\u00e3o sobre placas solares tamb\u00e9m ser\u00e1 elevada em 2024. Segundo o vice-presidente Geraldo Alckmin aumentos v\u00e3o custear parte de programas lan\u00e7ados pelo governo. <\/h2>\n<p> Por <a class=\"multi_signatures\" href=\"https:\/\/g1.globo.com\/autores\/lais-carregosa\/\">Lais Carregosa<\/a>, g1 &mdash; Bras\u00edlia <\/p>\n<p>  31\/12\/2023 11h46    Atualizado  31\/12\/2023    <\/p>\n<ul>\n<li>\n<p> Entram em vigor nesta segunda-feira (1\u00ba) al\u00edquotas mais altas do imposto de importa\u00e7\u00e3o incidente sobre carros el\u00e9tricos e placas solares <\/p>\n<\/li>\n<li>\n<p> Segundo o vice-presidente Geraldo Alckmin, as receitas adicionais com a medida ser\u00e3o utilizadas para custear parte de dois programas lan\u00e7ados pelo governo <\/p>\n<\/li>\n<li>\n<p> Os recursos v\u00e3o compensar os programas Mobilidade Verde e Inova\u00e7\u00e3o (Mover) e o de deprecia\u00e7\u00e3o acelerada, lan\u00e7ados neste fim de semana <\/p>\n<\/li>\n<li>\n<p> As eleva\u00e7\u00f5es de tributos j\u00e1 haviam sido publicadas pela C\u00e2mara de Com\u00e9rcio Exterior (Camex) <\/p>\n<\/li>\n<\/ul>\n<p> Entram em vigor nesta segunda-feira (1\u00ba) al\u00edquotas mais altas do imposto de importa\u00e7\u00e3o incidente sobre carros el\u00e9tricos e placas solares <\/p>\n<p> Segundo o vice-presidente Geraldo Alckmin, as receitas adicionais com a medida ser\u00e3o utilizadas para custear parte de dois programas lan\u00e7ados pelo governo <\/p>\n<p> Os recursos v\u00e3o compensar os programas Mobilidade Verde e Inova\u00e7\u00e3o (Mover) e o de deprecia\u00e7\u00e3o acelerada, lan\u00e7ados neste fim de semana <\/p>\n<p> As eleva\u00e7\u00f5es de tributos j\u00e1 haviam sido publicadas pela C\u00e2mara de Com\u00e9rcio Exterior (Camex) <\/p>\n<p>         1 de 2&#013;O vice-presidente Geraldo Alckmin, em imagem de 2023 \u2014 Foto: Cadu Gomes\/VPR    <\/p>\n<p> O vice-presidente Geraldo Alckmin, em imagem de 2023 \u2014 Foto: Cadu Gomes\/VPR <\/p>\n<p> O governo federal vai aumentar, a partir desta segunda-feira (1\u2070), o imposto de importa\u00e7\u00e3o incidente sobre ve\u00edculos el\u00e9tricos e placas solares. <\/p>\n<p> Em entrevista neste domingo (31), o vice-presidente e ministro do Desenvolvimento, Ind\u00fastria, Com\u00e9rcio e Servi\u00e7os, Geraldo Alckmin, explicou que os recursos derivados do aumento na tributa\u00e7\u00e3o dos itens ser\u00e3o utilizados para custear parte de dois programas lan\u00e7ados pelo governo: <\/p>\n<ul>\n<li><a class href=\"https:\/\/g1.globo.com\/politica\/noticia\/2023\/12\/30\/governo-edita-mp-com-programa-mover-que-preve-incentivos-para-veiculos-sustentaveis.ghtml\">o Mobilidade Verde e Inova\u00e7\u00e3o &#8211; Mover, criado por medida provis\u00f3ria<\/a><\/li>\n<li>e o <a class href=\"https:\/\/g1.globo.com\/politica\/noticia\/2023\/12\/30\/governo-edita-mp-com-programa-mover-que-preve-incentivos-para-veiculos-sustentaveis.ghtml\">programa de deprecia\u00e7\u00e3o acelerada, enviado ao Congresso por projeto de lei em regime de urg\u00eancia<\/a><\/li>\n<\/ul>\n<p> A medida que criou o Mover vai conceder, em 2024, <strong>R$ 3,5 bilh\u00f5es<\/strong> em cr\u00e9ditos financeiros para que as empresas invistam em descarboniza\u00e7\u00e3o e se enquadrem nos requisitos obrigat\u00f3rios do programa. <\/p>\n<p> Segundo Alckmin, parte desse valor j\u00e1 est\u00e1 prevista na Lei Or\u00e7ament\u00e1ria Anual (LOA), no total de <strong>R$ 2,9 bilh\u00f5es<\/strong>. <\/p>\n<p> Os <strong>R$ 600 milh\u00f5es<\/strong> restantes ser\u00e3o compensados pelo aumento do imposto de importa\u00e7\u00e3o para os carros el\u00e9tricos. <\/p>\n<p> A eleva\u00e7\u00e3o do tributo ser\u00e1 gradual at\u00e9 2026, e foi pensada como uma forma de incentivar o investimento na produ\u00e7\u00e3o nacional de ve\u00edculos el\u00e9tricos. <\/p>\n<p> Com o aumento do imposto para os ve\u00edculos importados, a ideia \u00e9 tornar a mercadoria nacional mais atraente, uma vez que o custo dever\u00e1 ser menor ao consumidor final. <\/p>\n<p> A resolu\u00e7\u00e3o que elevou as al\u00edquotas j\u00e1 havia sido publicada pela C\u00e2mara de Com\u00e9rcio Exterior (<a class href=\"https:\/\/g1.globo.com\/tudo-sobre\/camex\/\">Camex<\/a>), em novembro. Veja as novas taxas: <\/p>\n<p> <strong>Ve\u00edculos h\u00edbridos<\/strong> <\/p>\n<ul>\n<li>15% em janeiro de 2024;<\/li>\n<li>25% em julho de 2024;<\/li>\n<li>30% em julho de 2025;<\/li>\n<li>35% em julho de 2026.<\/li>\n<\/ul>\n<p> <strong>H\u00edbridos plug-in<\/strong> <\/p>\n<ul>\n<li>12% em janeiro de 2024;<\/li>\n<li>20% em julho de 2024;<\/li>\n<li>28% em julho de 2025;<\/li>\n<li>35% em julho de 2026.<\/li>\n<\/ul>\n<p> <strong>El\u00e9tricos<\/strong> <\/p>\n<ul>\n<li>10% em janeiro de 2024;<\/li>\n<li>18% em julho de 2024;<\/li>\n<li>25% em julho de 2025;<\/li>\n<li>35% em julho de 2026.<\/li>\n<\/ul>\n<p>         2 de 2&#013;Placa solar \u00e9 alternativa para economia sustent\u00e1vel \u2014 Foto: Multisolu\u00e7\u00f5es &amp; Cia\/Divulga\u00e7\u00e3o    <\/p>\n<p> Placa solar \u00e9 alternativa para economia sustent\u00e1vel \u2014 Foto: Multisolu\u00e7\u00f5es &amp; Cia\/Divulga\u00e7\u00e3o <\/p>\n<p><h2>Imposto sobre placas solares<\/h2>\n<\/p>\n<p> J\u00e1 o programa de deprecia\u00e7\u00e3o acelerada, que soma <strong>R$ 3,4 bilh\u00f5es <\/strong>em ren\u00fancia fiscal da Uni\u00e3o em 2024 e 2025, ser\u00e1 compensado pelo aumento do imposto de importa\u00e7\u00e3o para placas solares. <\/p>\n<p> O fim da redu\u00e7\u00e3o da tarifa de importa\u00e7\u00e3o dos pain\u00e9is montados foi decidida pela Camex no in\u00edcio de dezembro. A C\u00e2mara tamb\u00e9m revogou 324 concess\u00f5es de redu\u00e7\u00e3o tempor\u00e1ria a zero do imposto de importa\u00e7\u00e3o para pain\u00e9is montados. <\/p>\n<p> Dessa forma, o imposto passa a ser de 10,8% a partir de 1\u00ba de janeiro de 2024. Para as concess\u00f5es revogadas, a medida come\u00e7a a valer em fevereiro. <\/p>\n<p> Contudo, caso as empresas optem por produzir no Brasil, poder\u00e3o usar &quot;cotas&quot; para abater os investimentos do total devido em impostos. Essas cotas ser\u00e3o graduais em tr\u00eas anos. <\/p>\n<p>&quot;N\u00f3s queremos produzir as placas solares aqui. N\u00e3o estou nem falando da c\u00e9lula, mas a placa n\u00f3s temos que fabricar no Brasil. Ent\u00e3o, fizemos o mesmo mecanismo, voc\u00ea vai ter 10% de imposto de importa\u00e7\u00e3o, mas voc\u00ea ter\u00e1 cota durante tr\u00eas anos com al\u00edquota zero&quot;, declarou Alckmin.<\/p>\n<p> O mecanismo de deprecia\u00e7\u00e3o acelerada permite que a ind\u00fastria abata o valor de um bem adquirido nas declara\u00e7\u00f5es futuras de Imposto de Renda de Pessoa Jur\u00eddica e de Contribui\u00e7\u00e3o Social Sobre o Lucro L\u00edquido. \u00c9 uma forma de renovar o parque industrial. <\/p>\n<p> Neste domingo, Alckmin afirmou que o governo pretende lan\u00e7ar mais uma fase do programa. &quot;N\u00f3s pretendemos lan\u00e7ar uma segunda fase, daqui a uns meses, mais turbinada&quot;, disse. <\/p>\n<ul>\n<li> <a href=\"https:\/\/g1.globo.com\/tudo-sobre\/camex\/\" class=\"entities__list-itemLink\" data-track-click=\"Camex\"> Camex <\/a> <\/li>\n<\/ul>\n<h3> <a id=\"js-next-article-desktop-link\" class=\"next-article-desktop-link\"><\/a> <\/h3>\n<h3> <a id=\"js-next-article-smart-link\" class=\"next-article-smart-link\"><\/a> <\/h3>\n<p>Veja tamb\u00e9m<\/p>\n<\/p>\n<\/p>\n<p>       Anterior   Pr\u00f3ximo     <\/p>\n","protected":false},"excerpt":{"rendered":"<p>Imposto maior para importa\u00e7\u00e3o de carros el\u00e9tricos entra em vigor nesta segunda-feira Tributa\u00e7\u00e3o sobre placas solares tamb\u00e9m ser\u00e1 elevada em 2024. Segundo o vice-presidente Geraldo Alckmin aumentos v\u00e3o custear parte de programas lan\u00e7ados pelo governo. Por Lais Carregosa, g1 &mdash; Bras\u00edlia 31\/12\/2023 11h46 Atualizado 31\/12\/2023 Entram em vigor nesta segunda-feira (1\u00ba) al\u00edquotas mais altas do [&hellip;]<\/p>\n","protected":false},"author":1,"featured_media":0,"comment_status":"closed","ping_status":"closed","sticky":false,"template":"","format":"standard","meta":{"footnotes":""},"categories":[],"tags":[],"class_list":["post-55908","post","type-post","status-publish","format-standard","hentry"],"_links":{"self":[{"href":"https:\/\/blog.corretoraideal.com.br\/index.php\/wp-json\/wp\/v2\/posts\/55908","targetHints":{"allow":["GET"]}}],"collection":[{"href":"https:\/\/blog.corretoraideal.com.br\/index.php\/wp-json\/wp\/v2\/posts"}],"about":[{"href":"https:\/\/blog.corretoraideal.com.br\/index.php\/wp-json\/wp\/v2\/types\/post"}],"author":[{"embeddable":true,"href":"https:\/\/blog.corretoraideal.com.br\/index.php\/wp-json\/wp\/v2\/users\/1"}],"replies":[{"embeddable":true,"href":"https:\/\/blog.corretoraideal.com.br\/index.php\/wp-json\/wp\/v2\/comments?post=55908"}],"version-history":[{"count":1,"href":"https:\/\/blog.corretoraideal.com.br\/index.php\/wp-json\/wp\/v2\/posts\/55908\/revisions"}],"predecessor-version":[{"id":55910,"href":"https:\/\/blog.corretoraideal.com.br\/index.php\/wp-json\/wp\/v2\/posts\/55908\/revisions\/55910"}],"wp:attachment":[{"href":"https:\/\/blog.corretoraideal.com.br\/index.php\/wp-json\/wp\/v2\/media?parent=55908"}],"wp:term":[{"taxonomy":"category","embeddable":true,"href":"https:\/\/blog.corretoraideal.com.br\/index.php\/wp-json\/wp\/v2\/categories?post=55908"},{"taxonomy":"post_tag","embeddable":true,"href":"https:\/\/blog.corretoraideal.com.br\/index.php\/wp-json\/wp\/v2\/tags?post=55908"}],"curies":[{"name":"wp","href":"https:\/\/api.w.org\/{rel}","templated":true}]}}