{"id":55934,"date":"2024-01-02T03:29:48","date_gmt":"2024-01-02T03:29:48","guid":{"rendered":"https:\/\/blog.corretoraideal.com.br\/?p=55934"},"modified":"2024-01-02T03:29:48","modified_gmt":"2024-01-02T03:29:48","slug":"governo-eleva-em-ate-42-valores-de-diarias-para-ministros-em-viagens-a-trabalho-no-brasil-politica-g1","status":"publish","type":"post","link":"https:\/\/blog.corretoraideal.com.br\/index.php\/2024\/01\/02\/governo-eleva-em-ate-42-valores-de-diarias-para-ministros-em-viagens-a-trabalho-no-brasil-politica-g1\/","title":{"rendered":"Governo eleva em at\u00e9 42% valores de di\u00e1rias para ministros em viagens a trabalho no Brasil | Pol\u00edtica | G1"},"content":{"rendered":"<br \/>\n<h1>Governo eleva em at\u00e9 42% valores de di\u00e1rias para ministros em viagens a trabalho no Brasil<\/h1>\n<h2>Recursos podem ser utilizados para custear hospedagem, alimenta\u00e7\u00e3o e locomo\u00e7\u00e3o. Novos valores, que podem chegar a at\u00e9 R$ 900, ser\u00e3o aplicados a partir de 15 de fevereiro de 2024.<\/h2>\n<p> Por <a class=\"multi_signatures\" href=\"https:\/\/g1.globo.com\/autores\/marcelo-parreira\/\">Marcelo Parreira<\/a>, <a class=\"multi_signatures\" href=\"https:\/\/g1.globo.com\/autores\/kevin-lima\/\">Kevin Lima<\/a>, <a class=\"multi_signatures\" href=\"https:\/\/g1.globo.com\/autores\/ana-paula-castro\/\">Ana Paula Castro<\/a>, g1 e TV Globo &mdash; Bras\u00edlia <\/p>\n<p>  30\/12\/2023 11h29    Atualizado  30\/12\/2023    <\/p>\n<ul>\n<li>\n<p> O presidente Lula reajustou na sexta (29) o valor das di\u00e1rias pagas a ministros em viagens a trabalho no Brasil <\/p>\n<\/li>\n<li>\n<p> O reajuste, de at\u00e9 42%, ser\u00e1 aplicado a partir de fevereiro de 2024, seis meses antes do in\u00edcio do per\u00edodo eleitoral <\/p>\n<\/li>\n<li>\n<p> A depender do destino e do tempo de viagem, os ministros poder\u00e3o receber at\u00e9 R$ 900 para custear alimenta\u00e7\u00e3o, hospedagem e locomo\u00e7\u00e3o <\/p>\n<\/li>\n<li>\n<p> Decreto, publicado em edi\u00e7\u00e3o extra do &quot;DOU&quot;, tamb\u00e9m atualiza as regras para redu\u00e7\u00e3o e n\u00e3o pagamento da di\u00e1ria <\/p>\n<\/li>\n<\/ul>\n<p> O presidente Lula reajustou na sexta (29) o valor das di\u00e1rias pagas a ministros em viagens a trabalho no Brasil <\/p>\n<p> O reajuste, de at\u00e9 42%, ser\u00e1 aplicado a partir de fevereiro de 2024, seis meses antes do in\u00edcio do per\u00edodo eleitoral <\/p>\n<p> A depender do destino e do tempo de viagem, os ministros poder\u00e3o receber at\u00e9 R$ 900 para custear alimenta\u00e7\u00e3o, hospedagem e locomo\u00e7\u00e3o <\/p>\n<p> Decreto, publicado em edi\u00e7\u00e3o extra do &quot;DOU&quot;, tamb\u00e9m atualiza as regras para redu\u00e7\u00e3o e n\u00e3o pagamento da di\u00e1ria <\/p>\n<p>         1 de 1&#013;O presidente Lula discursa em reuni\u00e3o com ministros, no Pal\u00e1cio do Planalto, em dezembro \u2014 Foto: Ricardo Stuckert\/Presid\u00eancia da Rep\u00fablica    <\/p>\n<p> O presidente Lula discursa em reuni\u00e3o com ministros, no Pal\u00e1cio do Planalto, em dezembro \u2014 Foto: Ricardo Stuckert\/Presid\u00eancia da Rep\u00fablica <\/p>\n<p> O presidente <a class href=\"https:\/\/g1.globo.com\/tudo-sobre\/luiz-inacio-lula-da-silva\/\">Luiz In\u00e1cio Lula da Silva<\/a> (PT) reajustou nesta sexta-feira (19) os valores m\u00e1ximos de di\u00e1rias para as viagens de ministros pelo pa\u00eds. O dinheiro, que pode ser utilizado para hospedagem, alimenta\u00e7\u00e3o e locomo\u00e7\u00e3o, chegar\u00e1, em alguns casos, a R$ 900. <\/p>\n<p> O aumento chegar\u00e1 a at\u00e9 42% e ser\u00e1 concedido <strong>a partir de 15 de fevereiro de 2024<\/strong>, seis meses antes do in\u00edcio do per\u00edodo eleitoral. Os novos valores foram publicados em edi\u00e7\u00e3o extra do \u201cDi\u00e1rio Oficial da Uni\u00e3o\u201d. <\/p>\n<p> Este \u00e9 o primeiro reajuste nas di\u00e1rias de viagens nacionais de servidores p\u00fablicos no governo do presidente <a class href=\"https:\/\/g1.globo.com\/politica\/politico\/lula\/\">Lula<\/a>. Os valores haviam sido atualizados, em 2022, pelo ent\u00e3o presidente Jair Bolsonaro (PL). Para ministros, as di\u00e1rias subiram at\u00e9 15%. <\/p>\n<p> Os novos valores s\u00e3o divididos em tr\u00eas categorias: <\/p>\n<ul>\n<li><strong>viagens a Bras\u00edlia, Manaus, Rio de Janeiro e S\u00e3o Paulo:<\/strong> passar\u00e1 de R$ 668,15 para <strong>R$ 900<\/strong><\/li>\n<li><strong>viagens a outras capitais:<\/strong> passar\u00e1 de R$ 598 para <strong>R$ 800<\/strong><\/li>\n<li><strong>outros deslocamentos no pa\u00eds:<\/strong> passar\u00e1 de R$ 527,84 para <strong>R$ 750<\/strong><\/li>\n<\/ul>\n<p> Os reajustes tamb\u00e9m ser\u00e3o aplicados, em valores diversos, para servidores p\u00fablicos em viagens a trabalho pelo Brasil. <\/p>\n<p> Segundo o decreto assinado por Lula, as di\u00e1rias ser\u00e3o concedidas a cada dia de afastamento da sede do servi\u00e7o. O pagamento n\u00e3o ocorrer\u00e1, no entanto, nos seguintes casos: <\/p>\n<ul>\n<li>quando o afastamento n\u00e3o exigir pernoite<\/li>\n<li>no dia do retorno ao local de trabalho<\/li>\n<li>quando a Uni\u00e3o custear as despesas de hospedagem<\/li>\n<li>quando o servidor ficar hospedado em im\u00f3vel pertencente \u00e0 Uni\u00e3o ou sob administra\u00e7\u00e3o do governo<\/li>\n<li>e quando o servidor for designado para equipe de apoio \u00e0s viagens do presidente ou do vice-presidente da Rep\u00fablica<\/li>\n<\/ul>\n<p> Tamb\u00e9m n\u00e3o ser\u00e1 feito quando o deslocamento for uma exig\u00eancia permanente do cargo e quando a viagem ocorrer dentro de uma mesma regi\u00e3o metropolitana, salvo se houver pernoite. <\/p>\n<p> O dinheiro poder\u00e1, ainda, ser reduzido em 25% se a estadia durar mais de 120 dias seguidos. <\/p>\n<ul>\n<li> <a href=\"https:\/\/g1.globo.com\/tudo-sobre\/luiz-inacio-lula-da-silva\/\" class=\"entities__list-itemLink\" data-track-click=\"Luiz In\u00e1cio Lula da Silva\"> Luiz In\u00e1cio Lula da Silva <\/a> <\/li>\n<li> <a href=\"https:\/\/g1.globo.com\/politica\/politico\/lula\/\" class=\"entities__list-itemLink\" data-track-click=\"Lula\"> Lula <\/a> <\/li>\n<\/ul>\n<h3> <a id=\"js-next-article-desktop-link\" class=\"next-article-desktop-link\"><\/a> <\/h3>\n<h3> <a id=\"js-next-article-smart-link\" class=\"next-article-smart-link\"><\/a> <\/h3>\n<p>Veja tamb\u00e9m<\/p>\n<\/p>\n<\/p>\n<p>       Anterior   Pr\u00f3ximo     <\/p>\n","protected":false},"excerpt":{"rendered":"<p>Governo eleva em at\u00e9 42% valores de di\u00e1rias para ministros em viagens a trabalho no Brasil Recursos podem ser utilizados para custear hospedagem, alimenta\u00e7\u00e3o e locomo\u00e7\u00e3o. Novos valores, que podem chegar a at\u00e9 R$ 900, ser\u00e3o aplicados a partir de 15 de fevereiro de 2024. Por Marcelo Parreira, Kevin Lima, Ana Paula Castro, g1 e [&hellip;]<\/p>\n","protected":false},"author":1,"featured_media":0,"comment_status":"closed","ping_status":"closed","sticky":false,"template":"","format":"standard","meta":{"footnotes":""},"categories":[],"tags":[],"class_list":["post-55934","post","type-post","status-publish","format-standard","hentry"],"_links":{"self":[{"href":"https:\/\/blog.corretoraideal.com.br\/index.php\/wp-json\/wp\/v2\/posts\/55934","targetHints":{"allow":["GET"]}}],"collection":[{"href":"https:\/\/blog.corretoraideal.com.br\/index.php\/wp-json\/wp\/v2\/posts"}],"about":[{"href":"https:\/\/blog.corretoraideal.com.br\/index.php\/wp-json\/wp\/v2\/types\/post"}],"author":[{"embeddable":true,"href":"https:\/\/blog.corretoraideal.com.br\/index.php\/wp-json\/wp\/v2\/users\/1"}],"replies":[{"embeddable":true,"href":"https:\/\/blog.corretoraideal.com.br\/index.php\/wp-json\/wp\/v2\/comments?post=55934"}],"version-history":[{"count":1,"href":"https:\/\/blog.corretoraideal.com.br\/index.php\/wp-json\/wp\/v2\/posts\/55934\/revisions"}],"predecessor-version":[{"id":55936,"href":"https:\/\/blog.corretoraideal.com.br\/index.php\/wp-json\/wp\/v2\/posts\/55934\/revisions\/55936"}],"wp:attachment":[{"href":"https:\/\/blog.corretoraideal.com.br\/index.php\/wp-json\/wp\/v2\/media?parent=55934"}],"wp:term":[{"taxonomy":"category","embeddable":true,"href":"https:\/\/blog.corretoraideal.com.br\/index.php\/wp-json\/wp\/v2\/categories?post=55934"},{"taxonomy":"post_tag","embeddable":true,"href":"https:\/\/blog.corretoraideal.com.br\/index.php\/wp-json\/wp\/v2\/tags?post=55934"}],"curies":[{"name":"wp","href":"https:\/\/api.w.org\/{rel}","templated":true}]}}