{"id":55937,"date":"2024-01-02T08:29:42","date_gmt":"2024-01-02T08:29:42","guid":{"rendered":"https:\/\/blog.corretoraideal.com.br\/?p=55937"},"modified":"2024-01-02T08:29:42","modified_gmt":"2024-01-02T08:29:42","slug":"ano-comeca-com-vazao-dos-rios-abaixo-da-media-historica-ons-pode-acionar-termeletricas-para-atender-a-demanda-economia-g1","status":"publish","type":"post","link":"https:\/\/blog.corretoraideal.com.br\/index.php\/2024\/01\/02\/ano-comeca-com-vazao-dos-rios-abaixo-da-media-historica-ons-pode-acionar-termeletricas-para-atender-a-demanda-economia-g1\/","title":{"rendered":"Ano come\u00e7a com vaz\u00e3o dos rios abaixo da m\u00e9dia hist\u00f3rica; ONS pode acionar termel\u00e9tricas para atender a demanda | Economia | G1"},"content":{"rendered":"<br \/>\n<h1>Ano come\u00e7a com vaz\u00e3o dos rios abaixo da m\u00e9dia hist\u00f3rica; ONS pode acionar termel\u00e9tricas para atender a demanda<\/h1>\n<h2>Alerta do Operador Nacional do Sistema El\u00e9trico foi feito nesta sexta-feira (29). Entidade informou que acompanha situa\u00e7\u00e3o com &#039;bastante aten\u00e7\u00e3o&#039;.<\/h2>\n<p> Por <a class=\"multi_signatures\" href=\"https:\/\/g1.globo.com\/autores\/lais-carregosa\/\">Lais Carregosa<\/a>, g1 &mdash; Bras\u00edlia <\/p>\n<p>  29\/12\/2023 17h41    Atualizado  29\/12\/2023    <\/p>\n<ul>\n<li>\n<p> Ano de 2024 vai come\u00e7ar com a vaz\u00e3o de \u00e1gua dos rios, usada para gera\u00e7\u00e3o de energia pelas hidrel\u00e9tricas, abaixo da m\u00e9dia hist\u00f3rica para o per\u00edodo \u00famido. <\/p>\n<\/li>\n<li>\n<p> Vaz\u00e3o de \u00e1gua \u00e9 um importante indicador para o sistema el\u00e9trico porque a maioria das usinas hidrel\u00e9tricas s\u00e3o a fio d&#x27;\u00e1gua. <\/p>\n<\/li>\n<li>\n<p> Sendo assim, usinas hidrel\u00e9tricas n\u00e3o contam com reservat\u00f3rios ou t\u00eam reservat\u00f3rios pouco relevantes. <\/p>\n<\/li>\n<li>\n<p> Nesses casos, a capacidade de gerar energia est\u00e1 diretamente relacionada \u00e0 aflu\u00eancia dos rios. <\/p>\n<\/li>\n<li>\n<p> Segundo diretor-geral do ONS, Luiz Carlos Ciocchi, o cen\u00e1rio &#x27;\u00e9 acompanhado com bastante aten\u00e7\u00e3o&#x27; e, por isso, pode ser necess\u00e1rio acionar termel\u00e9tricas. <\/p>\n<\/li>\n<\/ul>\n<p> Ano de 2024 vai come\u00e7ar com a vaz\u00e3o de \u00e1gua dos rios, usada para gera\u00e7\u00e3o de energia pelas hidrel\u00e9tricas, abaixo da m\u00e9dia hist\u00f3rica para o per\u00edodo \u00famido. <\/p>\n<p> Vaz\u00e3o de \u00e1gua \u00e9 um importante indicador para o sistema el\u00e9trico porque a maioria das usinas hidrel\u00e9tricas s\u00e3o a fio d&#x27;\u00e1gua. <\/p>\n<p> Sendo assim, usinas hidrel\u00e9tricas n\u00e3o contam com reservat\u00f3rios ou t\u00eam reservat\u00f3rios pouco relevantes. <\/p>\n<p> Nesses casos, a capacidade de gerar energia est\u00e1 diretamente relacionada \u00e0 aflu\u00eancia dos rios. <\/p>\n<p> Segundo diretor-geral do ONS, Luiz Carlos Ciocchi, o cen\u00e1rio &#x27;\u00e9 acompanhado com bastante aten\u00e7\u00e3o&#x27; e, por isso, pode ser necess\u00e1rio acionar termel\u00e9tricas. <\/p>\n<p> O ano de 2024 vai come\u00e7ar com a vaz\u00e3o de \u00e1gua dos rios, usada para gera\u00e7\u00e3o de energia pelas hidrel\u00e9tricas, abaixo da m\u00e9dia hist\u00f3rica para o per\u00edodo \u00famido. Os dados foram divulgados pelo Operador Nacional do Sistema El\u00e9trico (<a class href=\"https:\/\/g1.globo.com\/tudo-sobre\/ons\/\">ONS<\/a>) nesta sexta-feira (29). <\/p>\n<p>\u201cEstamos observando, para janeiro de 2024, a converg\u00eancia de fatores como a perspectiva de temperaturas elevadas, acima da m\u00e9dia para o ver\u00e3o, carga em crescimento e aflu\u00eancia baixa&quot;, afirmou em nota o diretor-geral do ONS, Luiz Carlos Ciocchi.<\/p>\n<p> A vaz\u00e3o de \u00e1gua \u00e9 um importante indicador para o sistema el\u00e9trico porque a maioria das usinas hidrel\u00e9tricas s\u00e3o a fio d&#x27;\u00e1gua \u2014 ou seja, n\u00e3o contam com reservat\u00f3rios ou t\u00eam reservat\u00f3rios pouco relevantes. <strong>Nesses casos, a capacidade de gerar energia est\u00e1 diretamente relacionada \u00e0 aflu\u00eancia dos rios.<\/strong> <\/p>\n<p>                   <img loading=\"lazy\" decoding=\"async\" class=\"aligncenter size-full wp-image-55939\" src=\"https:\/\/blog.corretoraideal.com.br\/wp-content\/uploads\/2024\/01\/geladeiras-que-consomem-mais-energia-vao-parar-de-ser-produzidas-no-pais.jpeg\" alt=\"Geladeiras que consomem mais energia v\u00e3o parar de ser produzidas no pa\u00eds\" width=\"800\" height=\"400\" \/>       <\/p>\n<p> Geladeiras que consomem mais energia v\u00e3o parar de ser produzidas no pa\u00eds <\/p>\n<p> Segundo Ciocchi, &quot;esse cen\u00e1rio \u00e9 acompanhado com bastante aten\u00e7\u00e3o&quot; porque pode demandar mais do sistema para atendimento aos picos de consumo de energia. <\/p>\n<p> &quot;Nesses casos, deve ser necess\u00e1rio recorrer ao despacho de recursos termoel\u00e9tricos para complementar a rampa de carga em hor\u00e1rios espec\u00edficos&quot;, explicou o diretor-geral. <\/p>\n<p> <strong>As usinas termel\u00e9tricas s\u00e3o mais caras e costumam ser acionadas pelo ONS para garantir o suprimento de energia quando as fontes renov\u00e1veis n\u00e3o conseguem atender \u00e0 demanda.<\/strong> <\/p>\n<p> Quando mais termel\u00e9tricas s\u00e3o ativadas, o custo de gera\u00e7\u00e3o aumenta e a Ag\u00eancia Nacional de Energia El\u00e9trica (<a class href=\"https:\/\/g1.globo.com\/tudo-sobre\/aneel\/\">Aneel<\/a>) pode acionar bandeiras tarif\u00e1rias amarela, vermelha 1 ou vermelha 2, representando maior custo ao consumidor. <\/p>\n<p> <strong>Nesta sexta-feira (29), a Aneel anunciou que a bandeira tarif\u00e1ria seguir\u00e1 verde em janeiro, sem custo adicional<\/strong><strong>.<\/strong> Em nota, o diretor-geral da ag\u00eancia afirmou que &quot;a sinaliza\u00e7\u00e3o confirma as boas condi\u00e7\u00f5es de energia no pa\u00eds&quot;. <\/p>\n<p> O relat\u00f3rio do ONS tamb\u00e9m projeta aumento de 11,1% na demanda por energia el\u00e9trica em janeiro de 2024 na compara\u00e7\u00e3o com o mesmo m\u00eas de 2023, por causa das temperaturas acima da m\u00e9dia. <\/p>\n<p> Com o aumento nas temperaturas, h\u00e1 maior demanda por energia porque as pessoas usam mais ares-condicionados, ventiladores e refrigeradores, por exemplo. <\/p>\n<p> Em 2023, a demanda quebrou recordes sucessivos por causa das ondas de calor em novembro. <a class href=\"https:\/\/g1.globo.com\/economia\/noticia\/2023\/11\/14\/onda-de-calor-faz-demanda-por-energia-bater-recorde-pelo-segundo-dia-seguido-diz-ons.ghtml\">Na ocasi\u00e3o, o ONS chegou a acionar usinas termel\u00e9tricas, mas isso n\u00e3o representou mudan\u00e7a na bandeira tarif\u00e1ria, que segue verde desde 2022.<\/a> <\/p>\n<ul>\n<li> <a href=\"https:\/\/g1.globo.com\/tudo-sobre\/aneel\/\" class=\"entities__list-itemLink\" data-track-click=\"Aneel\"> Aneel <\/a> <\/li>\n<li> <a href=\"https:\/\/g1.globo.com\/tudo-sobre\/ons\/\" class=\"entities__list-itemLink\" data-track-click=\"ONS\"> ONS <\/a> <\/li>\n<\/ul>\n<h3> <a id=\"js-next-article-desktop-link\" class=\"next-article-desktop-link\"><\/a> <\/h3>\n<h3> <a id=\"js-next-article-smart-link\" class=\"next-article-smart-link\"><\/a> <\/h3>\n<p>Veja tamb\u00e9m<\/p>\n<\/p>\n<\/p>\n<p>       Anterior   Pr\u00f3ximo     <\/p>\n","protected":false},"excerpt":{"rendered":"<p>Ano come\u00e7a com vaz\u00e3o dos rios abaixo da m\u00e9dia hist\u00f3rica; ONS pode acionar termel\u00e9tricas para atender a demanda Alerta do Operador Nacional do Sistema El\u00e9trico foi feito nesta sexta-feira (29). Entidade informou que acompanha situa\u00e7\u00e3o com &#039;bastante aten\u00e7\u00e3o&#039;. Por Lais Carregosa, g1 &mdash; Bras\u00edlia 29\/12\/2023 17h41 Atualizado 29\/12\/2023 Ano de 2024 vai come\u00e7ar com a [&hellip;]<\/p>\n","protected":false},"author":1,"featured_media":0,"comment_status":"closed","ping_status":"closed","sticky":false,"template":"","format":"standard","meta":{"footnotes":""},"categories":[],"tags":[],"class_list":["post-55937","post","type-post","status-publish","format-standard","hentry"],"_links":{"self":[{"href":"https:\/\/blog.corretoraideal.com.br\/index.php\/wp-json\/wp\/v2\/posts\/55937","targetHints":{"allow":["GET"]}}],"collection":[{"href":"https:\/\/blog.corretoraideal.com.br\/index.php\/wp-json\/wp\/v2\/posts"}],"about":[{"href":"https:\/\/blog.corretoraideal.com.br\/index.php\/wp-json\/wp\/v2\/types\/post"}],"author":[{"embeddable":true,"href":"https:\/\/blog.corretoraideal.com.br\/index.php\/wp-json\/wp\/v2\/users\/1"}],"replies":[{"embeddable":true,"href":"https:\/\/blog.corretoraideal.com.br\/index.php\/wp-json\/wp\/v2\/comments?post=55937"}],"version-history":[{"count":1,"href":"https:\/\/blog.corretoraideal.com.br\/index.php\/wp-json\/wp\/v2\/posts\/55937\/revisions"}],"predecessor-version":[{"id":55940,"href":"https:\/\/blog.corretoraideal.com.br\/index.php\/wp-json\/wp\/v2\/posts\/55937\/revisions\/55940"}],"wp:attachment":[{"href":"https:\/\/blog.corretoraideal.com.br\/index.php\/wp-json\/wp\/v2\/media?parent=55937"}],"wp:term":[{"taxonomy":"category","embeddable":true,"href":"https:\/\/blog.corretoraideal.com.br\/index.php\/wp-json\/wp\/v2\/categories?post=55937"},{"taxonomy":"post_tag","embeddable":true,"href":"https:\/\/blog.corretoraideal.com.br\/index.php\/wp-json\/wp\/v2\/tags?post=55937"}],"curies":[{"name":"wp","href":"https:\/\/api.w.org\/{rel}","templated":true}]}}