{"id":55950,"date":"2024-01-02T16:29:56","date_gmt":"2024-01-02T16:29:56","guid":{"rendered":"https:\/\/blog.corretoraideal.com.br\/?p=55950"},"modified":"2024-01-02T16:29:56","modified_gmt":"2024-01-02T16:29:56","slug":"iff-disponibiliza-775-vagas-pelo-sisu-com-as-notas-do-enem-2023-confira-os-cursos-em-varias-cidades-norte-fluminense-g1","status":"publish","type":"post","link":"https:\/\/blog.corretoraideal.com.br\/index.php\/2024\/01\/02\/iff-disponibiliza-775-vagas-pelo-sisu-com-as-notas-do-enem-2023-confira-os-cursos-em-varias-cidades-norte-fluminense-g1\/","title":{"rendered":"IFF disponibiliza 775 vagas pelo Sisu com as notas do Enem 2023; confira os cursos em v\u00e1rias cidades | Norte Fluminense | G1"},"content":{"rendered":"<br \/>\n<h1>IFF disponibiliza 775 vagas pelo Sisu com as notas do Enem 2023; confira os cursos em v\u00e1rias cidades<\/h1>\n<h2>H\u00e1 vagas para curso superior em Santo Ant\u00f4nio de P\u00e1dua, Campos dos Goytacazes (nas unidades de Guarus e Centro), Itaperuna, Bom Jesus, Maca\u00e9 e Cabo Frio.<\/h2>\n<p> Por g1 &mdash; Campos  <\/p>\n<p>  02\/01\/2024 12h24    Atualizado  02\/01\/2024    <\/p>\n<p>                      1 de 1&#013;Unidades do IFF em diversas cidades v\u00e3o ofertar vagas pelo Sisu \u2014 Foto: IFF\/Divulga\u00e7\u00e3o    <\/p>\n<p> Unidades do IFF em diversas cidades v\u00e3o ofertar vagas pelo Sisu \u2014 Foto: IFF\/Divulga\u00e7\u00e3o <\/p>\n<p> O Instituto Federal Fluminense (IFF) disponibilizou 775 vagas de gradua\u00e7\u00e3o em diversos campi por meio do Sistema de Sele\u00e7\u00e3o Unificada (Sisu), na primeira e \u00fanica edi\u00e7\u00e3o de 2024, com base nas notas do Enem 2023. <\/p>\n<p> H\u00e1 vagas para curso superior em <a class href=\"https:\/\/g1.globo.com\/rj\/regiao-serrana\/cidade\/santo-antonio-de-padua\/\">Santo Ant\u00f4nio de P\u00e1dua<\/a>, <a class href=\"https:\/\/g1.globo.com\/rj\/norte-fluminense\/cidade\/campos-dos-goytacazes\/\">Campos dos Goytacazes<\/a> (nas unidades de Guarus e Centro), <a class href=\"https:\/\/g1.globo.com\/rj\/norte-fluminense\/cidade\/itaperuna\/\">Itaperuna<\/a>, <a class href=\"https:\/\/g1.globo.com\/rj\/norte-fluminense\/cidade\/bom-jesus-do-itabapoana\/\">Bom Jesus do Itabapoana<\/a>, <a class href=\"https:\/\/g1.globo.com\/rj\/regiao-dos-lagos\/cidade\/macae\/\">Maca\u00e9<\/a> e <a class href=\"https:\/\/g1.globo.com\/rj\/regiao-dos-lagos\/cidade\/cabo-frio\/\">Cabo Frio<\/a>. <\/p>\n<p> Al\u00e9m de terem feito o Enem 2023, os interessados em participar da sele\u00e7\u00e3o tamb\u00e9m precisam ter obtido nota acima de zero na reda\u00e7\u00e3o. <\/p>\n<p> <strong>Os cursos ofertados pelo IFF s\u00e3o: <\/strong>Ci\u00eancia e Tecnologia de Alimentos; Engenharia de Computa\u00e7\u00e3o; Biologia; Engenharia Mec\u00e2nica; F\u00edsica; Gastronomia; Hotelaria; Qu\u00edmica; Ci\u00eancias da Natureza: Ci\u00eancias e Biologia, Ci\u00eancias e F\u00edsica ou Ci\u00eancias e Qu\u00edmica; Arquitetura e Urbanismo; Educa\u00e7\u00e3o F\u00edsica; Engenharia de Controle e Automa\u00e7\u00e3o; Engenharia El\u00e9trica; Geografia; Letras &#8211; Portugu\u00eas e Literaturas; Matem\u00e1tica; Sistemas de Informa\u00e7\u00e3o; Sistema de Telecomunica\u00e7\u00f5es; Teatro; Enfermagem; Engenharia Ambiental; M\u00fasica &#8211; Educa\u00e7\u00e3o Musical; Hist\u00f3ria; Administra\u00e7\u00e3o. <\/p>\n<p> Outras informa\u00e7\u00f5es podem ser obtidas no <a class href=\"https:\/\/selecoes.iff.edu.br\/ingresso-de-estudantes\/sisu\/2024\/processo_seletivo\" target=\"_blank\" rel=\"noopener noreferrer\">Portal de Sele\u00e7\u00f5es<\/a>. <\/p>\n<p><h2>Inscri\u00e7\u00f5es Sisu 2024<\/h2>\n<\/p>\n<p> Em 2024, pela primeira vez, o Sistema de Sele\u00e7\u00e3o Unificada (Sisu) ter\u00e1 apenas uma edi\u00e7\u00e3o \u2014 s\u00f3 em janeiro, sem o processo seletivo que usualmente ocorre no meio do ano. <\/p>\n<p> Por meio dessa etapa \u00fanica, os candidatos poder\u00e3o usar as notas do Exame Nacional do Ensino M\u00e9dio (Enem) 2023 para concorrer, em universidades p\u00fablicas, a cursos cujas aulas come\u00e7ar\u00e3o tanto no primeiro quanto no segundo semestre <a class href=\"https:\/\/g1.globo.com\/educacao\/noticia\/2023\/12\/29\/sisu-2024-unico-do-ano-abrira-inscricoes-em-22-de-janeiro-veja-cronograma.ghtml\">(entenda mais aqui sobre o processo e cronograma)<\/a>. <\/p>\n<p> De acordo com o edital publicado no dia 29 de dezembro de 2023 no Di\u00e1rio Oficial da Uni\u00e3o, as inscri\u00e7\u00f5es ficar\u00e3o abertas entre os dias 22 e 25 de janeiro. <\/p>\n<p><h2>\u27a1\ufe0fQual o cronograma?<\/h2>\n<\/p>\n<ul>\n<li><strong>Inscri\u00e7\u00f5es:<\/strong> de 22 a 25 de janeiro de 2024<\/li>\n<li><strong>Resultados da 1\u00aa chamada: <\/strong>30 de janeiro de 2024<\/li>\n<li><strong>Matr\u00edculas: <\/strong>1\u00ba a 7 de fevereiro de 2024<\/li>\n<li><strong>Participa\u00e7\u00e3o na lista de espera: <\/strong>manifestar interesse entre 30 de janeiro e 7 de fevereiro de 2024<\/li>\n<li><strong>Resultado das listas de espera: <\/strong>datas ser\u00e3o definidas por cada universidade<\/li>\n<\/ul>\n<p> <strong>Aten\u00e7\u00e3o:<\/strong> mesmo os candidatos que forem aprovados para o 2\u00ba semestre dever\u00e3o seguir o calend\u00e1rio acima, ou seja, fazer a matr\u00edcula em fevereiro. <\/p>\n<ul>\n<li> <a href=\"https:\/\/g1.globo.com\/rj\/norte-fluminense\/cidade\/bom-jesus-do-itabapoana\/\" class=\"entities__list-itemLink\" data-track-click=\"Bom Jesus do Itabapoana\"> Bom Jesus do Itabapoana <\/a> <\/li>\n<li> <a href=\"https:\/\/g1.globo.com\/rj\/regiao-dos-lagos\/cidade\/cabo-frio\/\" class=\"entities__list-itemLink\" data-track-click=\"Cabo Frio\"> Cabo Frio <\/a> <\/li>\n<li> <a href=\"https:\/\/g1.globo.com\/rj\/norte-fluminense\/cidade\/campos-dos-goytacazes\/\" class=\"entities__list-itemLink\" data-track-click=\"Campos dos Goytacazes\"> Campos dos Goytacazes <\/a> <\/li>\n<li> <a href=\"https:\/\/g1.globo.com\/rj\/norte-fluminense\/cidade\/itaperuna\/\" class=\"entities__list-itemLink\" data-track-click=\"Itaperuna\"> Itaperuna <\/a> <\/li>\n<li> <a href=\"https:\/\/g1.globo.com\/rj\/regiao-dos-lagos\/cidade\/macae\/\" class=\"entities__list-itemLink\" data-track-click=\"Maca\u00e9\"> Maca\u00e9 <\/a> <\/li>\n<li> <a href=\"https:\/\/g1.globo.com\/rj\/regiao-serrana\/cidade\/santo-antonio-de-padua\/\" class=\"entities__list-itemLink\" data-track-click=\"Santo Ant\u00f4nio de P\u00e1dua\"> Santo Ant\u00f4nio de P\u00e1dua <\/a> <\/li>\n<\/ul>\n<h3> <a id=\"js-next-article-desktop-link\" class=\"next-article-desktop-link\"><\/a> <\/h3>\n<h3> <a id=\"js-next-article-smart-link\" class=\"next-article-smart-link\"><\/a> <\/h3>\n<p>Veja tamb\u00e9m<\/p>\n<\/p>\n<\/p>\n<p>       Anterior   Pr\u00f3ximo     <\/p>\n","protected":false},"excerpt":{"rendered":"<p>IFF disponibiliza 775 vagas pelo Sisu com as notas do Enem 2023; confira os cursos em v\u00e1rias cidades H\u00e1 vagas para curso superior em Santo Ant\u00f4nio de P\u00e1dua, Campos dos Goytacazes (nas unidades de Guarus e Centro), Itaperuna, Bom Jesus, Maca\u00e9 e Cabo Frio. Por g1 &mdash; Campos 02\/01\/2024 12h24 Atualizado 02\/01\/2024 1 de 1&#013;Unidades [&hellip;]<\/p>\n","protected":false},"author":1,"featured_media":0,"comment_status":"closed","ping_status":"closed","sticky":false,"template":"","format":"standard","meta":{"footnotes":""},"categories":[],"tags":[],"class_list":["post-55950","post","type-post","status-publish","format-standard","hentry"],"_links":{"self":[{"href":"https:\/\/blog.corretoraideal.com.br\/index.php\/wp-json\/wp\/v2\/posts\/55950","targetHints":{"allow":["GET"]}}],"collection":[{"href":"https:\/\/blog.corretoraideal.com.br\/index.php\/wp-json\/wp\/v2\/posts"}],"about":[{"href":"https:\/\/blog.corretoraideal.com.br\/index.php\/wp-json\/wp\/v2\/types\/post"}],"author":[{"embeddable":true,"href":"https:\/\/blog.corretoraideal.com.br\/index.php\/wp-json\/wp\/v2\/users\/1"}],"replies":[{"embeddable":true,"href":"https:\/\/blog.corretoraideal.com.br\/index.php\/wp-json\/wp\/v2\/comments?post=55950"}],"version-history":[{"count":1,"href":"https:\/\/blog.corretoraideal.com.br\/index.php\/wp-json\/wp\/v2\/posts\/55950\/revisions"}],"predecessor-version":[{"id":55952,"href":"https:\/\/blog.corretoraideal.com.br\/index.php\/wp-json\/wp\/v2\/posts\/55950\/revisions\/55952"}],"wp:attachment":[{"href":"https:\/\/blog.corretoraideal.com.br\/index.php\/wp-json\/wp\/v2\/media?parent=55950"}],"wp:term":[{"taxonomy":"category","embeddable":true,"href":"https:\/\/blog.corretoraideal.com.br\/index.php\/wp-json\/wp\/v2\/categories?post=55950"},{"taxonomy":"post_tag","embeddable":true,"href":"https:\/\/blog.corretoraideal.com.br\/index.php\/wp-json\/wp\/v2\/tags?post=55950"}],"curies":[{"name":"wp","href":"https:\/\/api.w.org\/{rel}","templated":true}]}}